{"id":737818,"date":"2026-08-30T22:01:09","date_gmt":"2026-08-31T04:01:09","guid":{"rendered":"https:\/\/www.diarioimagen.net\/?p=737818"},"modified":"2026-08-30T22:01:09","modified_gmt":"2026-08-31T04:01:09","slug":"los-5-8-mdd-recuperados-por-caso-genaro-garcia-luna-se-destinaran-para-escuelas","status":"publish","type":"post","link":"https:\/\/www.diarioimagen.net\/?p=737818","title":{"rendered":"\u00a0  Los 5.8 mdd recuperados  por caso Genaro Garc\u00eda Luna  se destinar\u00e1n para escuelas  \u00a0"},"content":{"rendered":"<p>&nbsp;<\/p>\n<p>&nbsp;<\/p>\n<ul>\n<li><strong>Beneficios en La Monta\u00f1a, Guerrero<\/strong><\/li>\n<li><strong>\u201cSon alrededor de 100 millones de pesos que van a ser dedicados a las zonas de mayor necesidad en el pa\u00eds\u201d, se\u00f1al\u00f3<\/strong><\/li>\n<\/ul>\n<div id=\"attachment_737819\" style=\"width: 470px\" class=\"wp-caption alignnone\"><img loading=\"lazy\" decoding=\"async\" aria-describedby=\"caption-attachment-737819\" class=\"wp-image-737819 size-large\" src=\"https:\/\/www.diarioimagen.net\/wp-content\/uploads\/2026\/08\/MANANERA-ok-18-460x270.jpg\" alt=\"\" width=\"460\" height=\"270\" srcset=\"https:\/\/www.diarioimagen.net\/wp-content\/uploads\/2026\/08\/MANANERA-ok-18-460x270.jpg 460w, https:\/\/www.diarioimagen.net\/wp-content\/uploads\/2026\/08\/MANANERA-ok-18-240x140.jpg 240w, https:\/\/www.diarioimagen.net\/wp-content\/uploads\/2026\/08\/MANANERA-ok-18-768x449.jpg 768w, https:\/\/www.diarioimagen.net\/wp-content\/uploads\/2026\/08\/MANANERA-ok-18.jpg 1500w\" sizes=\"auto, (max-width: 460px) 100vw, 460px\" \/><p id=\"caption-attachment-737819\" class=\"wp-caption-text\">Claudia Sheinbaum Pardo inform\u00f3 que los 5.8 millones de d\u00f3lares recuperados por el Estado mexicano, a trav\u00e9s de la UIF, por el caso de desv\u00edo de recursos y lavado de dinero de Genaro Garc\u00eda Luna y la familia Weinberg, se destinar\u00e1n a escuelas de Guerrero.<\/p><\/div>\n<p>&nbsp;<\/p>\n<p>La presidenta Claudia Sheinbaum Pardo inform\u00f3 que los 5.8 millones de d\u00f3lares recuperados por el Estado mexicano, a trav\u00e9s de la Unidad de Inteligencia Financiera (UIF), por el caso de desv\u00edo de recursos y lavado de dinero de Genaro Garc\u00eda Luna y la familia Weinberg, se destinar\u00e1n a escuelas en la Monta\u00f1a de Guerrero, particularmente de Educaci\u00f3n Media Superior y Superior.<\/p>\n<p>\u201cNuestro objetivo es que este recurso sea dedicado a escuelas en La Monta\u00f1a de Guerrero \u2014estamos trabajando ya para que podamos explicar\u2014, media superior y superior en La Monta\u00f1a de Guerrero; y si tambi\u00e9n requiere, la educaci\u00f3n b\u00e1sica. Son alrededor de 100 millones de pesos que van a ser dedicados a las zonas de mayor necesidad en el pa\u00eds\u201d, anunci\u00f3 en la conferencia matutina.<\/p>\n<p>La Jjefa del Ejecutivo federal destac\u00f3 que es la primera vez que se regresa dinero al erario p\u00fablico y puntualiz\u00f3 que el esquema de corrupci\u00f3n y lavado de dinero presentado por la UIF corresponde al periodo posterior a que Garc\u00eda Luna fuera secretario de Seguridad P\u00fablica.<\/p>\n<p>El titular de la Unidad de Inteligencia Financiera, Omar Reyes Colmenares, puntualiz\u00f3 que el caso de Genaro Garc\u00eda Luna es uno de los ejemplos de los alcances de la UIF, por ello, detall\u00f3 que:<\/p>\n<p>Entre 2008 y 2018 se identific\u00f3 un esquema relacionado con el desv\u00edo de recursos p\u00fablicos y operaciones con recursos de procedencia il\u00edcita a partir de contratos celebrados entre el entonces \u00d3rgano Administrativo Desconcentrado de Prevenci\u00f3n y Readaptaci\u00f3n Social, y empresas vinculadas por m\u00e1s de 403 millones de d\u00f3lares.<\/p>\n<p>La Unidad de Inteligencia Financiera present\u00f3 una denuncia penal ante la Fiscal\u00eda General de la Rep\u00fablica en diciembre de 2019 y, posteriormente, una demanda civil en Florida en septiembre de 2021.<\/p>\n<p>El caso avanz\u00f3 mediante la coordinaci\u00f3n entre la UIF, la Fiscal\u00eda General de la Rep\u00fablica, el SAT y la Comisi\u00f3n Nacional Bancaria y de Valores, as\u00ed como mediante asistencia jur\u00eddica internacional con Panam\u00e1, Espa\u00f1a, Estados Unidos y El Salvador.<\/p>\n<p>En 2026, se obtuvo una sentencia definitiva en el caso de los Weinberg en un Tribunal de Florida por un monto aproximado de 578.5 millones de d\u00f3lares.<\/p>\n<p>Puntualiz\u00f3 que el an\u00e1lisis financiero permiti\u00f3 reconstruir la red utilizada para el desv\u00edo, triangulaci\u00f3n y movimiento de los recursos, comenzando con la fundaci\u00f3n entre 2015 y 2017 de un conglomerado de empresas con m\u00e1s de 305 millones de pesos y 27.8 millones de d\u00f3lares por parte de Garc\u00eda Luna. Mientras que la familia Weinberg tuvo un papel importante en la estructura corporativa y se le vincula con una red de empresas fachada beneficiadas con 30 contratos gubernamentales a sobreprecios a cambio de remuneraciones econ\u00f3micas u otros beneficios.\u00a0 En conjunto, el esquema presentado identifica aproximadamente 528 millones de pesos y 727.9 millones de d\u00f3lares en recursos desviados.<\/p>\n<p>Ante esto, la UIF present\u00f3 una demanda civil ante la Corte del Und\u00e9cimo Circuito Judicial en Miami-Dade, Florida, para recuperar los activos desviados y el 19 de mayo de 2026 se dict\u00f3 sentencia condenatoria a favor del Estado mexicano contra la familia Weinberg por su participaci\u00f3n en el esquema il\u00edcito de contrataciones p\u00fablicas vinculadas con Genaro Garc\u00eda Luna. Como resultado de este proceso, el 25 de agosto de 2026, el Estado mexicano recibi\u00f3 5 millones 805 mil 693.50 d\u00f3lares derivados de una p\u00f3liza de fianza y la liquidaci\u00f3n de 12 propiedades ubicadas en Florida, Estados Unidos, vinculadas con la familia Weinberg.<\/p>\n<p>Adem\u00e1s, resalt\u00f3 que a\u00fan se encuentra pendiente la liquidaci\u00f3n de otros activos a favor del Estado mexicano.<\/p>\n<p>&nbsp;<\/p>\n<p>&nbsp;<\/p>\n<p>La UIF ha inmovilizado 24 mil 622 cuentas<\/p>\n<p>&nbsp;<\/p>\n<p>Omar Reyes Colmenares destac\u00f3 que la UIF se dedica a detectar operaciones financieras inusuales, analiza informaci\u00f3n y genera inteligencia financiera que permite identificar personas y estructuras que representan un riesgo para el sistema financiero, en este sentido, inform\u00f3 que en lo que va de la administraci\u00f3n de la Presidenta se han incorporado 2 mil 395 sujetos a la lista de personas bloqueadas, se han inmovilizado 24 mil 622 cuentas por un monto global de 8 mil 670 millones de pesos, de estas cuentas 7 mil 861 corresponden a integrantes de organizaciones criminales con mayor presencia e incidencia en el pa\u00eds.<\/p>\n<p>Adem\u00e1s, inform\u00f3 que la UIF participa activamente en la Estrategia Nacional de la Extorsi\u00f3n, y como resultado de ello mil 443 cuentas han sido inmovilizadas por estar relacionadas con este delito.<\/p>\n<p>&nbsp;<\/p>\n<p>&nbsp;<\/p>\n<p>&nbsp;<\/p>\n<p>&nbsp;<\/p>\n","protected":false},"excerpt":{"rendered":"<p>&nbsp; &nbsp; Beneficios en La Monta\u00f1a, Guerrero \u201cSon alrededor de 100 millones de pesos que van a ser dedicados a las zonas de mayor necesidad en el pa\u00eds\u201d, se\u00f1al\u00f3 &nbsp; La presidenta Claudia Sheinbaum Pardo inform\u00f3 que los 5.8 millones de d\u00f3lares recuperados por el Estado mexicano, a trav\u00e9s de la Unidad de Inteligencia Financiera [&hellip;]<\/p>\n","protected":false},"author":14,"featured_media":737819,"comment_status":"open","ping_status":"open","sticky":false,"template":"","format":"standard","meta":{"_monsterinsights_skip_tracking":false,"footnotes":""},"categories":[3],"tags":[],"class_list":["post-737818","post","type-post","status-publish","format-standard","has-post-thumbnail","hentry","category-nacional"],"_links":{"self":[{"href":"https:\/\/www.diarioimagen.net\/index.php?rest_route=\/wp\/v2\/posts\/737818","targetHints":{"allow":["GET"]}}],"collection":[{"href":"https:\/\/www.diarioimagen.net\/index.php?rest_route=\/wp\/v2\/posts"}],"about":[{"href":"https:\/\/www.diarioimagen.net\/index.php?rest_route=\/wp\/v2\/types\/post"}],"author":[{"embeddable":true,"href":"https:\/\/www.diarioimagen.net\/index.php?rest_route=\/wp\/v2\/users\/14"}],"replies":[{"embeddable":true,"href":"https:\/\/www.diarioimagen.net\/index.php?rest_route=%2Fwp%2Fv2%2Fcomments&post=737818"}],"version-history":[{"count":1,"href":"https:\/\/www.diarioimagen.net\/index.php?rest_route=\/wp\/v2\/posts\/737818\/revisions"}],"predecessor-version":[{"id":737820,"href":"https:\/\/www.diarioimagen.net\/index.php?rest_route=\/wp\/v2\/posts\/737818\/revisions\/737820"}],"wp:featuredmedia":[{"embeddable":true,"href":"https:\/\/www.diarioimagen.net\/index.php?rest_route=\/wp\/v2\/media\/737819"}],"wp:attachment":[{"href":"https:\/\/www.diarioimagen.net\/index.php?rest_route=%2Fwp%2Fv2%2Fmedia&parent=737818"}],"wp:term":[{"taxonomy":"category","embeddable":true,"href":"https:\/\/www.diarioimagen.net\/index.php?rest_route=%2Fwp%2Fv2%2Fcategories&post=737818"},{"taxonomy":"post_tag","embeddable":true,"href":"https:\/\/www.diarioimagen.net\/index.php?rest_route=%2Fwp%2Fv2%2Ftags&post=737818"}],"curies":[{"name":"wp","href":"https:\/\/api.w.org\/{rel}","templated":true}]}}