{"id":737821,"date":"2026-08-30T22:04:37","date_gmt":"2026-08-31T04:04:37","guid":{"rendered":"https:\/\/www.diarioimagen.net\/?p=737821"},"modified":"2026-08-30T22:04:37","modified_gmt":"2026-08-31T04:04:37","slug":"el-regreso-a-clases-eleva-30-los-accidentes-viales","status":"publish","type":"post","link":"https:\/\/www.diarioimagen.net\/?p=737821","title":{"rendered":"El regreso a clases eleva 30% los accidentes viales"},"content":{"rendered":"<p>&nbsp;<\/p>\n<p>&nbsp;<\/p>\n<ul>\n<li><strong>Aumento del tr\u00e1nsito vehicular<\/strong><\/li>\n<li><strong>El riesgo se concentra en los horarios de entrada y salida de las escuelas, entre las 07:00 y 09:00 horas, as\u00ed como entre las 14:00 y 16:00 horas<\/strong><\/li>\n<\/ul>\n<div id=\"attachment_737822\" style=\"width: 462px\" class=\"wp-caption alignnone\"><img loading=\"lazy\" decoding=\"async\" aria-describedby=\"caption-attachment-737822\" class=\"wp-image-737822 size-large\" src=\"https:\/\/www.diarioimagen.net\/wp-content\/uploads\/2026\/08\/OPERATIVO-01-452x270.jpg\" alt=\"\" width=\"452\" height=\"270\" srcset=\"https:\/\/www.diarioimagen.net\/wp-content\/uploads\/2026\/08\/OPERATIVO-01-452x270.jpg 452w, https:\/\/www.diarioimagen.net\/wp-content\/uploads\/2026\/08\/OPERATIVO-01-240x143.jpg 240w, https:\/\/www.diarioimagen.net\/wp-content\/uploads\/2026\/08\/OPERATIVO-01-768x459.jpg 768w, https:\/\/www.diarioimagen.net\/wp-content\/uploads\/2026\/08\/OPERATIVO-01-1536x917.jpg 1536w, https:\/\/www.diarioimagen.net\/wp-content\/uploads\/2026\/08\/OPERATIVO-01.jpg 1969w\" sizes=\"auto, (max-width: 452px) 100vw, 452px\" \/><p id=\"caption-attachment-737822\" class=\"wp-caption-text\">El regreso de millones de estudiantes a las aulas aumenta la saturaci\u00f3n vial y los riesgos para automovilistas, peatones y ciclistas que cireculan diariamente en calles de las principales ciudades del pa\u00eds.<\/p><\/div>\n<p>&nbsp;<\/p>\n<p>&nbsp;<\/p>\n<p>Este regreso a clases, donde casi 24 millones de alumnos de educaci\u00f3n b\u00e1sica volvieron a las aulas, provoca un incremento de hasta 30% en los accidentes automovil\u00edsticos en M\u00e9xico, ante el aumento del tr\u00e1nsito vehicular y la presencia de peatones, ciclistas, motociclistas y transporte escolar.<\/p>\n<p>El incremento del riesgo se concentra principalmente en los horarios de entrada y salida de las escuelas, entre las 07:00 y 09:00 horas, as\u00ed como entre las 14:00 y 16:00 horas, pues en estos lapsos se elevan los tiempos de traslado, los frenados inesperados, las maniobras apresuradas y pr\u00e1cticas como estacionarse en doble fila.<\/p>\n<p>El regreso a clases modifica de manera importante la movilidad cotidiana en las principales ciudades del pa\u00eds, debido al mayor n\u00famero de autom\u00f3viles particulares, transporte p\u00fablico y unidades escolares que circulan de manera simult\u00e1nea.<\/p>\n<p>De acuerdo a datos del Instituto Nacional de Estad\u00edstica y Geograf\u00eda (Inegi) entre los factores de riesgo se encuentran el congestionamiento vial, el aumento de velocidad para llegar a tiempo, los frenados repentinos y las maniobras para dejar o recoger estudiantes frente a los planteles.<\/p>\n<p>Pilar Garc\u00eda, CEO de Rastreator.mx, se\u00f1al\u00f3 que ning\u00fan conductor est\u00e1 exento de sufrir un percance durante los trayectos cotidianos, especialmente cuando aumenta la saturaci\u00f3n de las vialidades.<\/p>\n<p>&nbsp;<\/p>\n<p><strong>Llamado a extremar precauciones <\/strong><\/p>\n<p>&nbsp;<\/p>\n<p>Adem\u00e1s de contar con mecanismos de protecci\u00f3n financiera, el regreso a clases obliga a reforzar medidas b\u00e1sicas de seguridad vial.<\/p>\n<p>Entre ellas se encuentran revisar las condiciones mec\u00e1nicas del veh\u00edculo, anticipar los tiempos de traslado, reducir la velocidad en zonas escolares y permanecer atentos ante movimientos repentinos de peatones, ciclistas y otros autom\u00f3viles.<\/p>\n<p>Con millones de estudiantes nuevamente en las calles desde esta semana, el aumento del tr\u00e1nsito volver\u00e1 a poner presi\u00f3n sobre vialidades y cruces escolares, particularmente durante las horas de mayor demanda.<\/p>\n<p>El llamado principal es a evitar conductas de riesgo y extremar precauciones durante los primeros d\u00edas del ciclo escolar, cuando suele registrarse una modificaci\u00f3n importante en los patrones habituales de movilidad.<\/p>\n<p>&nbsp;<\/p>\n<p><strong>Colisiones y atropellamientos, entre los principales riesgos<\/strong><\/p>\n<p>&nbsp;<\/p>\n<p>La mayor presencia de estudiantes en calles y avenidas tambi\u00e9n incrementa la exposici\u00f3n de peatones y ciclistas durante los horarios escolares.<\/p>\n<p>Entre los escenarios de riesgo se encuentran las colisiones provocadas por veh\u00edculos estacionados de manera incorrecta, maniobras intempestivas para dejar a menores frente a las escuelas y conductores que aumentan la velocidad ante la posibilidad de llegar tarde.<\/p>\n<p>Tambi\u00e9n existe riesgo de atropellamientos, particularmente en zonas escolares donde convergen autom\u00f3viles, motocicletas, bicicletas y transporte p\u00fablico.<\/p>\n<p>Ante este escenario, especialistas llaman a los automovilistas a reducir la velocidad, respetar cruces peatonales, evitar estacionarse en doble fila y mantener una distancia adecuada respecto a otros veh\u00edculos.<\/p>\n<p>&nbsp;<\/p>\n<p><strong>Recomendaci\u00f3n de seguros<\/strong><\/p>\n<p>&nbsp;<\/p>\n<p>Ante un accidente vial, existen tres coberturas consideradas relevantes dentro de los seguros para autom\u00f3vil: da\u00f1os materiales, gastos m\u00e9dicos para ocupantes y responsabilidad civil.<\/p>\n<p>La cobertura de da\u00f1os materiales permite asumir gastos por reparaciones derivadas de una colisi\u00f3n, dependiendo de las condiciones y alcances de cada p\u00f3liza.<\/p>\n<p>Los gastos m\u00e9dicos a ocupantes pueden cubrir atenci\u00f3n hospitalaria y otros servicios derivados de lesiones sufridas por quienes viajan dentro del veh\u00edculo asegurado.<\/p>\n<p>Por su parte, la cobertura de Responsabilidad Civil protege frente a da\u00f1os ocasionados a terceras personas o sus bienes y constituye una de las protecciones b\u00e1sicas para circular.<\/p>\n<p>La recomendaci\u00f3n para los conductores es revisar las condiciones particulares de cada p\u00f3liza antes de contratarla, debido a que los montos, exclusiones y servicios pueden variar entre aseguradoras.<\/p>\n<p>&nbsp;<\/p>\n<p>&nbsp;<\/p>\n<p><strong>Con m\u00e1s de 5 mil polic\u00edas, Metro CDMX refuerza seguridad <\/strong><\/p>\n<p>&nbsp;<\/p>\n<p>&nbsp;<\/p>\n<p>Por su parte, el Sistema de Transporte Colectivo Metro (STC) anunci\u00f3 que las 12 l\u00edneas del Metro CDMX implementaron un operativo para garantizar la seguridad y movilidad a quienes viajen en la red del Metro.<\/p>\n<p>La Direcci\u00f3n General del organismo inform\u00f3 que dispuso el refuerzo de acciones de seguridad, ya que el Metro CDMX se presenta como una alternativa de movilidad para alumnos y padres de familia, especialmente durante las primeras horas de la jornada escolar.<\/p>\n<p>Adri\u00e1n Rubalcava, director general del organismo, orden\u00f3 a las \u00e1reas de Operaci\u00f3n y Seguridad Institucional coordinar acciones de encauzamiento y dosificaci\u00f3n de usuarios. Adem\u00e1s, se instruy\u00f3 el env\u00edo puntual de trenes en vac\u00edo a las estaciones con mayor afluencia, con el objetivo de agilizar el flujo de pasajeros.<\/p>\n<p>El operativo contempla la participaci\u00f3n de 5 mil 800 efectivos de la Secretar\u00eda de Seguridad Ciudadana, adscritos al Metro CDMX, quienes desarrollar\u00e1n acciones preventivas en los accesos de estaciones de alta concurrencia, como terminales y correspondencias. Estas medidas incluyen recorridos itinerantes dentro de los trenes para fortalecer la vigilancia.<\/p>\n<p>El prop\u00f3sito de estas acciones es garantizar viajes eficientes y seguros para los miles de estudiantes de nivel b\u00e1sico, en particular para aquellos que utilizar\u00e1n el Metro por primera vez portando mochilas y loncheras.<\/p>\n<p>Se emiten diversas recomendaciones para los usuarios, entre las que destacan permitir la apertura y cierre de puertas de los trenes, facilitar el descenso de los vagones, y activar las palancas de emergencia \u00fanicamente si resulta absolutamente necesario.<\/p>\n<p>Asimismo, se aconseja sostener correctamente las pertenencias mientras se permanece en los andenes, evitar la ca\u00edda de objetos met\u00e1licos \u2014como paraguas o loncheras\u2014 a las v\u00edas, y no rebasar la l\u00ednea amarilla de seguridad. En caso de que alg\u00fan objeto caiga a las v\u00edas, se exhorta a no descender.<\/p>\n<p>&nbsp;<\/p>\n<p>&nbsp;<\/p>\n<p>&nbsp;<\/p>\n<p>&nbsp;<\/p>\n<p>&nbsp;<\/p>\n<p>&nbsp;<\/p>\n<p>&nbsp;<\/p>\n<p>&nbsp;<\/p>\n<p>&nbsp;<\/p>\n<p>&nbsp;<\/p>\n<p>&nbsp;<\/p>\n<p>&nbsp;<\/p>\n<p>&nbsp;<\/p>\n<p>&nbsp;<\/p>\n<p>&nbsp;<\/p>\n<p>&nbsp;<\/p>\n<p>&nbsp;<\/p>\n<p>&nbsp;<\/p>\n<p>&nbsp;<\/p>\n<p>&nbsp;<\/p>\n<p>&nbsp;<\/p>\n<p>&nbsp;<\/p>\n<p>&nbsp;<\/p>\n<p>&nbsp;<\/p>\n<p>&nbsp;<\/p>\n","protected":false},"excerpt":{"rendered":"<p>&nbsp; &nbsp; Aumento del tr\u00e1nsito vehicular El riesgo se concentra en los horarios de entrada y salida de las escuelas, entre las 07:00 y 09:00 horas, as\u00ed como entre las 14:00 y 16:00 horas &nbsp; &nbsp; Este regreso a clases, donde casi 24 millones de alumnos de educaci\u00f3n b\u00e1sica volvieron a las aulas, provoca un [&hellip;]<\/p>\n","protected":false},"author":14,"featured_media":0,"comment_status":"open","ping_status":"open","sticky":false,"template":"","format":"standard","meta":{"_monsterinsights_skip_tracking":false,"footnotes":""},"categories":[7],"tags":[],"class_list":["post-737821","post","type-post","status-publish","format-standard","hentry","category-seguridad"],"_links":{"self":[{"href":"https:\/\/www.diarioimagen.net\/index.php?rest_route=\/wp\/v2\/posts\/737821","targetHints":{"allow":["GET"]}}],"collection":[{"href":"https:\/\/www.diarioimagen.net\/index.php?rest_route=\/wp\/v2\/posts"}],"about":[{"href":"https:\/\/www.diarioimagen.net\/index.php?rest_route=\/wp\/v2\/types\/post"}],"author":[{"embeddable":true,"href":"https:\/\/www.diarioimagen.net\/index.php?rest_route=\/wp\/v2\/users\/14"}],"replies":[{"embeddable":true,"href":"https:\/\/www.diarioimagen.net\/index.php?rest_route=%2Fwp%2Fv2%2Fcomments&post=737821"}],"version-history":[{"count":1,"href":"https:\/\/www.diarioimagen.net\/index.php?rest_route=\/wp\/v2\/posts\/737821\/revisions"}],"predecessor-version":[{"id":737823,"href":"https:\/\/www.diarioimagen.net\/index.php?rest_route=\/wp\/v2\/posts\/737821\/revisions\/737823"}],"wp:attachment":[{"href":"https:\/\/www.diarioimagen.net\/index.php?rest_route=%2Fwp%2Fv2%2Fmedia&parent=737821"}],"wp:term":[{"taxonomy":"category","embeddable":true,"href":"https:\/\/www.diarioimagen.net\/index.php?rest_route=%2Fwp%2Fv2%2Fcategories&post=737821"},{"taxonomy":"post_tag","embeddable":true,"href":"https:\/\/www.diarioimagen.net\/index.php?rest_route=%2Fwp%2Fv2%2Ftags&post=737821"}],"curies":[{"name":"wp","href":"https:\/\/api.w.org\/{rel}","templated":true}]}}