{"id":737824,"date":"2026-08-30T22:08:18","date_gmt":"2026-08-31T04:08:18","guid":{"rendered":"https:\/\/www.diarioimagen.net\/?p=737824"},"modified":"2026-08-30T22:08:18","modified_gmt":"2026-08-31T04:08:18","slug":"queretaro-punto-de-encuentro-por-el-fortalecimiento-de-la-justicia-en-mexico","status":"publish","type":"post","link":"https:\/\/www.diarioimagen.net\/?p=737824","title":{"rendered":"Quer\u00e9taro, punto de encuentro por  el fortalecimiento de la justicia en M\u00e9xico"},"content":{"rendered":"<p><strong>\u00a0<\/strong><\/p>\n<ul>\n<li><strong>Representantes de los 32 Poderes Judiciales participaron en la Tercera Asamblea Plenaria Ordinaria de la Conatrib<\/strong><\/li>\n<\/ul>\n<div id=\"attachment_737825\" style=\"width: 416px\" class=\"wp-caption alignnone\"><img loading=\"lazy\" decoding=\"async\" aria-describedby=\"caption-attachment-737825\" class=\"wp-image-737825 size-large\" src=\"https:\/\/www.diarioimagen.net\/wp-content\/uploads\/2026\/08\/UAEM-1-8-406x270.jpg\" alt=\"\" width=\"406\" height=\"270\" srcset=\"https:\/\/www.diarioimagen.net\/wp-content\/uploads\/2026\/08\/UAEM-1-8-406x270.jpg 406w, https:\/\/www.diarioimagen.net\/wp-content\/uploads\/2026\/08\/UAEM-1-8-240x160.jpg 240w, https:\/\/www.diarioimagen.net\/wp-content\/uploads\/2026\/08\/UAEM-1-8-768x511.jpg 768w, https:\/\/www.diarioimagen.net\/wp-content\/uploads\/2026\/08\/UAEM-1-8.jpg 1260w\" sizes=\"auto, (max-width: 406px) 100vw, 406px\" \/><p id=\"caption-attachment-737825\" class=\"wp-caption-text\">Se llev{o a cabo en Quer\u00e9taro la Tercera Asamblea Plenaria Ordinaria de la Comisi\u00f3n Nacional de Tribunales Superiores de Justicia de los Estados Unidos Mexicanos.<\/p><\/div>\n<div id=\"attachment_737826\" style=\"width: 415px\" class=\"wp-caption alignnone\"><img loading=\"lazy\" decoding=\"async\" aria-describedby=\"caption-attachment-737826\" class=\"wp-image-737826 size-large\" src=\"https:\/\/www.diarioimagen.net\/wp-content\/uploads\/2026\/08\/UAEM-2-12-405x270.jpg\" alt=\"\" width=\"405\" height=\"270\" srcset=\"https:\/\/www.diarioimagen.net\/wp-content\/uploads\/2026\/08\/UAEM-2-12-405x270.jpg 405w, https:\/\/www.diarioimagen.net\/wp-content\/uploads\/2026\/08\/UAEM-2-12-240x160.jpg 240w, https:\/\/www.diarioimagen.net\/wp-content\/uploads\/2026\/08\/UAEM-2-12-768x512.jpg 768w, https:\/\/www.diarioimagen.net\/wp-content\/uploads\/2026\/08\/UAEM-2-12-1536x1024.jpg 1536w, https:\/\/www.diarioimagen.net\/wp-content\/uploads\/2026\/08\/UAEM-2-12.jpg 1969w\" sizes=\"auto, (max-width: 405px) 100vw, 405px\" \/><p id=\"caption-attachment-737826\" class=\"wp-caption-text\">El magistrado presidente del Tribunal Superior de Justicia del Poder Judicial de la Ciudad de M\u00e9xico y Presidente de la Conatrib, Dr. Rafael Guerra \u00c1lvarez, exhort\u00f3 a todas y todos a reflexionar en su actuar ante quien, buscando la justicia, se encuentre en un estado vulnerable y con la esperanza de ser escuchado.<\/p><\/div>\n<p>&nbsp;<\/p>\n<p>&nbsp;<\/p>\n<p>Quer\u00e9taro se convirti\u00f3 en la sede de la justicia en M\u00e9xico al recibir a representantes de los 32 Poderes Judiciales del pa\u00eds durante la Tercera Asamblea Plenaria Ordinaria de la Comisi\u00f3n Nacional de Tribunales Superiores de Justicia de los Estados Unidos Mexicanos (Conatrib).<\/p>\n<p>La ceremonia fue encabezada por el Presidente de la Conatri y magistrado presidente del Tribunal Superior de Justicia del Poder Judicial de la Ciudad de M\u00e9xico, Dr. Rafael Guerra \u00c1lvarez, con la anfitrion\u00eda del Magistrado Presidente del Poder Judicial del Estado de Quer\u00e9taro, Dr. Braulio Guerra Urbiola, la presencia del gobernador del estado, Mauricio Kuri Gonz\u00e1lez y del Presidente de la Mesa Directiva de la LXI Legislatura, Dip. Sinuh\u00e9 Arturo Piedragil Ortiz.<\/p>\n<p>Durante su mensaje de bienvenida, el Magistrado Presidente del Poder Judicial del Estado de Quer\u00e9taro, Dr. Braulio Guerra Urbiola, destac\u00f3 la importancia de fortalecer la colaboraci\u00f3n entre las instituciones de justicia del pa\u00eds, preservando siempre su autonom\u00eda e independencia:<\/p>\n<p>\u201cHoy M\u00e9xico necesita Poderes Judiciales capaces de dialogar sin renunciar a su autonom\u00eda; capaces de cooperar sin perder su independencia; y capaces de evolucionar sin abandonar los principios que justifican su existencia.\u201d<\/p>\n<p>Por su parte, el magistrado presidente del Tribunal Superior de Justicia del Poder Judicial de la Ciudad de M\u00e9xico y Presidente de la Conatrib, Dr. Rafael Guerra \u00c1lvarez, expres\u00f3 que en este encuentro reside \u201cnuestra fuerza, somos distintos poderes judiciales, pero formamos una misma continuidad de prop\u00f3sito al servicio de M\u00e9xico\u201d. Exhort\u00f3 a todas y todos a reflexionar en su actuar ante quien, buscando la justicia, se encuentre en un estado vulnerable y con la esperanza de ser escuchado, pues la justicia debe ser cercana, humana y efectiva.<\/p>\n<p>Guerra \u00c1lvarez se\u00f1al\u00f3 que \u201cLas instituciones nacionales no se construyen \u00fanicamente en los momentos sobresalientes. Se construyen tambi\u00e9n en la disciplina de volver a encontrarnos, mantener abierto el di\u00e1logo y recordar que ninguno de nosotros ejerce la justicia en soledad.\u201d Por ello, la Asamblea de los Poderes Judiciales en Quer\u00e9taro reafirma que la verdadera grandeza de la justicia no radica en los poderosos, sino en el compromiso de atender con dignidad, hospitalidad y empat\u00eda a las personas m\u00e1s vulnerables y despose\u00eddas.<\/p>\n<p>Finalmente, el Gobernador del Estado de Quer\u00e9taro, Lic. Mauricio Kuri Gonz\u00e1lez, hizo un llamado a refrendar, desde Quer\u00e9taro, la defensa de los principios que sostienen nuestra vida democr\u00e1tica: \u201cDesde Quer\u00e9taro, elevemos una sola voz: \u00a1el Estado de Derecho no es negociable! \u00a1Y el acceso a la justicia, tampoco!<\/p>\n<p>Que esta Asamblea nos sirva para compartir lo que funciona, aprender de lo que debemos mejorar y construir juntos mejores respuestas para la ciudadan\u00eda.<\/p>\n<p>La jornada destac\u00f3 la importancia del di\u00e1logo institucional y la colaboraci\u00f3n entre los Poderes Judiciales del pa\u00eds, as\u00ed en el marco de este encuentro se desarrollaron los trabajos de la Tercera Asamblea Plenaria Ordinaria de la Conatrib Quer\u00e9taro, espacio nacional que re\u00fane a las y los titulares de los Poderes Judiciales locales para propiciar el intercambio de experiencias, el an\u00e1lisis de los retos comunes y el fortalecimiento de la impartici\u00f3n de justicia en M\u00e9xico.<\/p>\n<p>Al acto protocolario que tuvo como sede el Teatro de la Rep\u00fablica, recinto emblem\u00e1tico de la historia nacional y escenario de acontecimientos fundamentales para la vida pol\u00edtica y constitucional de M\u00e9xico; asistieron autoridades de los distintos \u00f3rdenes de gobierno, as\u00ed como magistradas, magistrados, senadoras, senadores, juezas, jueces, integrantes de barras y colegios de abogados, representantes de instituciones p\u00fablicas, academia y miembros de la comunidad jur\u00eddica.<\/p>\n<p>&nbsp;<\/p>\n<p>&nbsp;<\/p>\n<p><strong>\u00a0<\/strong><\/p>\n<p>&nbsp;<\/p>\n<p><strong>\u00a0<\/strong><\/p>\n<p>&nbsp;<\/p>\n<p>&nbsp;<\/p>\n<p>&nbsp;<\/p>\n<p>&nbsp;<\/p>\n","protected":false},"excerpt":{"rendered":"<p>\u00a0 Representantes de los 32 Poderes Judiciales participaron en la Tercera Asamblea Plenaria Ordinaria de la Conatrib &nbsp; &nbsp; Quer\u00e9taro se convirti\u00f3 en la sede de la justicia en M\u00e9xico al recibir a representantes de los 32 Poderes Judiciales del pa\u00eds durante la Tercera Asamblea Plenaria Ordinaria de la Comisi\u00f3n Nacional de Tribunales Superiores de [&hellip;]<\/p>\n","protected":false},"author":14,"featured_media":737825,"comment_status":"open","ping_status":"open","sticky":false,"template":"","format":"standard","meta":{"_monsterinsights_skip_tracking":false,"footnotes":""},"categories":[6],"tags":[],"class_list":["post-737824","post","type-post","status-publish","format-standard","has-post-thumbnail","hentry","category-cd-de-mexico"],"_links":{"self":[{"href":"https:\/\/www.diarioimagen.net\/index.php?rest_route=\/wp\/v2\/posts\/737824","targetHints":{"allow":["GET"]}}],"collection":[{"href":"https:\/\/www.diarioimagen.net\/index.php?rest_route=\/wp\/v2\/posts"}],"about":[{"href":"https:\/\/www.diarioimagen.net\/index.php?rest_route=\/wp\/v2\/types\/post"}],"author":[{"embeddable":true,"href":"https:\/\/www.diarioimagen.net\/index.php?rest_route=\/wp\/v2\/users\/14"}],"replies":[{"embeddable":true,"href":"https:\/\/www.diarioimagen.net\/index.php?rest_route=%2Fwp%2Fv2%2Fcomments&post=737824"}],"version-history":[{"count":1,"href":"https:\/\/www.diarioimagen.net\/index.php?rest_route=\/wp\/v2\/posts\/737824\/revisions"}],"predecessor-version":[{"id":737827,"href":"https:\/\/www.diarioimagen.net\/index.php?rest_route=\/wp\/v2\/posts\/737824\/revisions\/737827"}],"wp:featuredmedia":[{"embeddable":true,"href":"https:\/\/www.diarioimagen.net\/index.php?rest_route=\/wp\/v2\/media\/737825"}],"wp:attachment":[{"href":"https:\/\/www.diarioimagen.net\/index.php?rest_route=%2Fwp%2Fv2%2Fmedia&parent=737824"}],"wp:term":[{"taxonomy":"category","embeddable":true,"href":"https:\/\/www.diarioimagen.net\/index.php?rest_route=%2Fwp%2Fv2%2Fcategories&post=737824"},{"taxonomy":"post_tag","embeddable":true,"href":"https:\/\/www.diarioimagen.net\/index.php?rest_route=%2Fwp%2Fv2%2Ftags&post=737824"}],"curies":[{"name":"wp","href":"https:\/\/api.w.org\/{rel}","templated":true}]}}