{"id":737828,"date":"2026-08-30T22:10:16","date_gmt":"2026-08-31T04:10:16","guid":{"rendered":"https:\/\/www.diarioimagen.net\/?p=737828"},"modified":"2026-08-30T22:10:16","modified_gmt":"2026-08-31T04:10:16","slug":"probioticos-elegir-con-evidencia-no-por-cantidad","status":"publish","type":"post","link":"https:\/\/www.diarioimagen.net\/?p=737828","title":{"rendered":"Probi\u00f3ticos: elegir con  evidencia, no por cantidad"},"content":{"rendered":"<p>&nbsp;<\/p>\n<p>&nbsp;<\/p>\n<ul>\n<li><strong>Crece el mercado<\/strong><\/li>\n<\/ul>\n<p><strong>\u00a0<\/strong><\/p>\n<div id=\"attachment_737829\" style=\"width: 397px\" class=\"wp-caption alignnone\"><img loading=\"lazy\" decoding=\"async\" aria-describedby=\"caption-attachment-737829\" class=\"wp-image-737829 size-large\" src=\"https:\/\/www.diarioimagen.net\/wp-content\/uploads\/2026\/08\/PROBIOTICOS-387x270.jpg\" alt=\"\" width=\"387\" height=\"270\" srcset=\"https:\/\/www.diarioimagen.net\/wp-content\/uploads\/2026\/08\/PROBIOTICOS-387x270.jpg 387w, https:\/\/www.diarioimagen.net\/wp-content\/uploads\/2026\/08\/PROBIOTICOS-240x167.jpg 240w, https:\/\/www.diarioimagen.net\/wp-content\/uploads\/2026\/08\/PROBIOTICOS-768x535.jpg 768w, https:\/\/www.diarioimagen.net\/wp-content\/uploads\/2026\/08\/PROBIOTICOS-1536x1070.jpg 1536w, https:\/\/www.diarioimagen.net\/wp-content\/uploads\/2026\/08\/PROBIOTICOS-2048x1427.jpg 2048w\" sizes=\"auto, (max-width: 387px) 100vw, 387px\" \/><p id=\"caption-attachment-737829\" class=\"wp-caption-text\">Los probi\u00f3ticos son microorganismos vivos que, administrados en cantidades adecuadas, pueden proporcionar un beneficio para la salud.<\/p><\/div>\n<p>&nbsp;<\/p>\n<p>El mercado de los probi\u00f3ticos crece y, con \u00e9l, tambi\u00e9n las opciones para los consumidores. Hoy es posible encontrarlos en farmacias, supermercados y tiendas especializadas, en productos que van desde yogures y bebidas hasta suplementos.<\/p>\n<p>&nbsp;<\/p>\n<p>Ante esta variedad, es f\u00e1cil pensar que la elecci\u00f3n depende de una simple comparaci\u00f3n: m\u00e1s cepas, m\u00e1s microorganismos, m\u00e1s beneficios. Pero en probi\u00f3ticos, la ecuaci\u00f3n no es tan sencilla.<\/p>\n<p>&nbsp;<\/p>\n<p>Los probi\u00f3ticos son microorganismos vivos que, administrados en cantidades adecuadas, pueden proporcionar un beneficio para la salud. Sin embargo, no todos funcionan de la misma manera. La evidencia cient\u00edfica se refiere a microorganismos y cepas espec\u00edficas, utilizadas en determinadas dosis y para beneficios concretos.<\/p>\n<p>&nbsp;<\/p>\n<p>Por ello, dos productos que contienen probi\u00f3ticos no necesariamente son equivalentes.<\/p>\n<p>&nbsp;<\/p>\n<p>Esta distinci\u00f3n es fundamental. Algunos estudios han demostrado beneficios de cepas espec\u00edficas en situaciones determinadas, como algunos tipos de diarrea o alteraciones asociadas con el uso de antibi\u00f3ticos. Pero esos resultados no pueden extrapolarse autom\u00e1ticamente a cualquier producto que contenga microorganismos.<\/p>\n<p>&nbsp;<\/p>\n<p>Entonces, \u00bfqu\u00e9 deber\u00edamos considerar al elegir?<\/p>\n<p>&nbsp;<\/p>\n<p>Primero, conocer la cepa. Despu\u00e9s, identificar qu\u00e9 evidencia cient\u00edfica existe sobre ella, para qu\u00e9 beneficio ha sido estudiada y en qu\u00e9 dosis. Tambi\u00e9n es importante considerar la calidad de fabricaci\u00f3n y conservaci\u00f3n, ya que la viabilidad y las caracter\u00edsticas del microorganismo deben mantenerse durante la vida \u00fatil del producto.<\/p>\n<p>&nbsp;<\/p>\n<p>En este campo, la investigaci\u00f3n cient\u00edfica ha permitido conocer mejor el comportamiento de microorganismos espec\u00edficos. Un ejemplo es Saccharomyces boulardii CNCM I-745\u00ae, una cepa probi\u00f3tica de levadura estudiada durante d\u00e9cadas y estrechamente vinculada con los desarrollos del laboratorio Biocodex.<\/p>\n<p>&nbsp;<\/p>\n<p>El creciente inter\u00e9s por la microbiota representa una oportunidad para que los consumidores tengan mayor informaci\u00f3n sobre su salud. Al mismo tiempo, plantea el reto de distinguir entre una tendencia de mercado y aquello que realmente cuenta con evidencia cient\u00edfica.<\/p>\n<p>&nbsp;<\/p>\n<p>Un probi\u00f3tico tampoco debe entenderse como una soluci\u00f3n universal. Su utilidad depende de factores como la cepa, la dosis, el objetivo y las caracter\u00edsticas de cada persona. Y cuando existen s\u00edntomas persistentes o importantes, la valoraci\u00f3n de un profesional de la salud sigue siendo fundamental.<\/p>\n<p>&nbsp;<\/p>\n<p>Quiz\u00e1 por eso necesitamos cambiar la pregunta. En lugar de preguntarnos \u201c\u00bfcu\u00e1l tiene m\u00e1s cepas?\u201d, deber\u00edamos preguntarnos: \u00bfcu\u00e1l es el indicado para el beneficio que estoy buscando y qu\u00e9 evidencia respalda su uso?<\/p>\n<p>&nbsp;<\/p>\n<p>Porque cuando hablamos de salud, elegir no deber\u00eda ser una cuesti\u00f3n de cantidad, sino de evidencia. (Por Dra. Ana Sof\u00eda Osawa, Embajadora de la Biocodex Microbiota Foundation)<\/p>\n<p>&nbsp;<\/p>\n<p>&nbsp;<\/p>\n<p>&nbsp;<\/p>\n","protected":false},"excerpt":{"rendered":"<p>&nbsp; &nbsp; Crece el mercado \u00a0 &nbsp; El mercado de los probi\u00f3ticos crece y, con \u00e9l, tambi\u00e9n las opciones para los consumidores. Hoy es posible encontrarlos en farmacias, supermercados y tiendas especializadas, en productos que van desde yogures y bebidas hasta suplementos. &nbsp; Ante esta variedad, es f\u00e1cil pensar que la elecci\u00f3n depende de una [&hellip;]<\/p>\n","protected":false},"author":14,"featured_media":737829,"comment_status":"open","ping_status":"open","sticky":false,"template":"","format":"standard","meta":{"_monsterinsights_skip_tracking":false,"footnotes":""},"categories":[877],"tags":[],"class_list":["post-737828","post","type-post","status-publish","format-standard","has-post-thumbnail","hentry","category-salud"],"_links":{"self":[{"href":"https:\/\/www.diarioimagen.net\/index.php?rest_route=\/wp\/v2\/posts\/737828","targetHints":{"allow":["GET"]}}],"collection":[{"href":"https:\/\/www.diarioimagen.net\/index.php?rest_route=\/wp\/v2\/posts"}],"about":[{"href":"https:\/\/www.diarioimagen.net\/index.php?rest_route=\/wp\/v2\/types\/post"}],"author":[{"embeddable":true,"href":"https:\/\/www.diarioimagen.net\/index.php?rest_route=\/wp\/v2\/users\/14"}],"replies":[{"embeddable":true,"href":"https:\/\/www.diarioimagen.net\/index.php?rest_route=%2Fwp%2Fv2%2Fcomments&post=737828"}],"version-history":[{"count":1,"href":"https:\/\/www.diarioimagen.net\/index.php?rest_route=\/wp\/v2\/posts\/737828\/revisions"}],"predecessor-version":[{"id":737830,"href":"https:\/\/www.diarioimagen.net\/index.php?rest_route=\/wp\/v2\/posts\/737828\/revisions\/737830"}],"wp:featuredmedia":[{"embeddable":true,"href":"https:\/\/www.diarioimagen.net\/index.php?rest_route=\/wp\/v2\/media\/737829"}],"wp:attachment":[{"href":"https:\/\/www.diarioimagen.net\/index.php?rest_route=%2Fwp%2Fv2%2Fmedia&parent=737828"}],"wp:term":[{"taxonomy":"category","embeddable":true,"href":"https:\/\/www.diarioimagen.net\/index.php?rest_route=%2Fwp%2Fv2%2Fcategories&post=737828"},{"taxonomy":"post_tag","embeddable":true,"href":"https:\/\/www.diarioimagen.net\/index.php?rest_route=%2Fwp%2Fv2%2Ftags&post=737828"}],"curies":[{"name":"wp","href":"https:\/\/api.w.org\/{rel}","templated":true}]}}