{"id":737831,"date":"2026-08-30T22:12:12","date_gmt":"2026-08-31T04:12:12","guid":{"rendered":"https:\/\/www.diarioimagen.net\/?p=737831"},"modified":"2026-08-30T22:12:12","modified_gmt":"2026-08-31T04:12:12","slug":"los-cuatro-cuerpos-la-arquitectura-del-equilibrio-consciente","status":"publish","type":"post","link":"https:\/\/www.diarioimagen.net\/?p=737831","title":{"rendered":"Los cuatro cuerpos: la arquitectura del equilibrio consciente"},"content":{"rendered":"<p>REGINA<\/p>\n<p>&nbsp;<\/p>\n<p><strong>\u00a0<\/strong><\/p>\n<p>Mental, emocional, f\u00edsico y energ\u00e9tico, son lo cuatro c\u00f3digos que, al activarse simult\u00e1neamente, pueden transformar nuestra manera de habitar la vida.<\/p>\n<p>Durante mucho tiempo hemos intentado sanar por partes.<\/p>\n<p>Trabajamos nuestros pensamientos cuando la mente se satura. Buscamos terapia cuando las emociones nos desbordan. Modificamos la alimentaci\u00f3n o hacemos ejercicio cuando el cuerpo comienza a manifestar cansancio. Y recurrimos a pr\u00e1cticas espirituales cuando sentimos que hemos perdido direcci\u00f3n, prop\u00f3sito o conexi\u00f3n.<\/p>\n<p>Pero el ser humano no funciona por partes.<\/p>\n<p>Somos un sistema integrado en el que pensamiento, emoci\u00f3n, cuerpo y energ\u00eda se encuentran permanentemente comunic\u00e1ndose.<\/p>\n<p>Desde una mirada terap\u00e9utica y transpersonal podemos reconocer cuatro dimensiones fundamentales de nuestra experiencia: el cuerpo mental, el cuerpo emocional, el cuerpo f\u00edsico y el cuerpo energ\u00e9tico.<\/p>\n<p>Cada uno posee su propio lenguaje, sus ritmos y sus c\u00f3digos. Sin embargo, el verdadero equilibrio no aparece cuando atendemos solamente uno de ellos, sino cuando aprendemos a escuchar y activar los cuatro simult\u00e1neamente.<\/p>\n<p>A esto podemos llamarlo equilibrio consciente.<\/p>\n<ol>\n<li>Cuerpo mental: el c\u00f3digo de la claridad<\/li>\n<\/ol>\n<p>El cuerpo mental contiene nuestros pensamientos, creencias, interpretaciones, juicios, expectativas y narrativas internas.<\/p>\n<p>No solamente pensamos lo que vivimos: muchas veces vivimos de acuerdo con aquello que pensamos.<\/p>\n<p>Una experiencia puede ser neutra, pero nuestra interpretaci\u00f3n puede convertirla en amenaza, rechazo, fracaso o posibilidad.<\/p>\n<p>Por eso, uno de los principales c\u00f3digos del cuerpo mental es la claridad.<\/p>\n<p>Activarlo implica aprender a observar nuestros pensamientos sin obedecerlos autom\u00e1ticamente.<\/p>\n<p>Preguntarnos:<\/p>\n<p>\u00bfEsto que estoy pensando es un hecho, una interpretaci\u00f3n o un miedo?<\/p>\n<p>La mente consciente deja de reaccionar y comienza a elegir.<\/p>\n<p>Su ritmo necesita espacios de silencio, lectura, escritura, reflexi\u00f3n y descanso de la sobreestimulaci\u00f3n.<\/p>\n<p>Una mente permanentemente saturada dif\u00edcilmente puede escuchar a los otros cuerpos.<\/p>\n<ol start=\"2\">\n<li>Cuerpo emocional: el c\u00f3digo del permiso<\/li>\n<\/ol>\n<p>Las emociones son informaci\u00f3n.<\/p>\n<p>El miedo advierte.<br \/>\nLa tristeza invita al recogimiento.<br \/>\nEl enojo se\u00f1ala l\u00edmites.<br \/>\nLa alegr\u00eda expande.<br \/>\nEl deseo moviliza.<\/p>\n<p>El problema aparece cuando dejamos de escuchar esa informaci\u00f3n y comenzamos a reprimirla, juzgarla o acumularla.<\/p>\n<p>El c\u00f3digo energ\u00e9tico del cuerpo emocional es el permiso.<\/p>\n<p>Permitir sentir sin convertir la emoci\u00f3n en nuestra identidad.<\/p>\n<p>No soy mi enojo.<\/p>\n<p>No soy mi tristeza.<\/p>\n<p>No soy mi ansiedad.<\/p>\n<p>Estoy experimentando una emoci\u00f3n y puedo escuchar lo que intenta comunicarme.<\/p>\n<p>Activar este cuerpo requiere desarrollar alfabetizaci\u00f3n emocional: reconocer qu\u00e9 siento, nombrarlo, localizarlo corporalmente y comprender qu\u00e9 necesidad existe detr\u00e1s.<\/p>\n<p>Su ritmo natural es el movimiento.<\/p>\n<p>Las emociones llegan, alcanzan determinada intensidad y necesitan transformarse. Cuando intentamos detenerlas permanentemente, el resto del sistema comienza a compensarlo.<\/p>\n<ol start=\"3\">\n<li>Cuerpo f\u00edsico: el c\u00f3digo de la vitalidad<\/li>\n<\/ol>\n<p>El cuerpo f\u00edsico es donde toda nuestra experiencia termina ocurriendo.<\/p>\n<p>Respiraci\u00f3n, sistema nervioso, descanso, alimentaci\u00f3n, movimiento, sexualidad, digesti\u00f3n, tensi\u00f3n muscular y ciclos biol\u00f3gicos forman parte de su lenguaje.<\/p>\n<p>El cuerpo habla incluso cuando nosotros hemos decidido no escucharlo.<\/p>\n<p>Por eso su c\u00f3digo es la vitalidad.<\/p>\n<p>Activarlo no significa \u00fanicamente ejercitarlo o modificar su apariencia.<\/p>\n<p>Significa habitarlo.<\/p>\n<p>Dormir cuando necesita recuperaci\u00f3n. Alimentarlo conscientemente. Respirar profundamente. Moverlo. Exponerlo a la naturaleza. Reconocer cu\u00e1ndo necesita actividad y cu\u00e1ndo necesita detenerse.<\/p>\n<p>Aqu\u00ed aparece un concepto fundamental: el ritmo.<\/p>\n<p>La vida funciona mediante ritmos.<\/p>\n<p>Dormimos y despertamos.<br \/>\nInhalamos y exhalamos.<br \/>\nNos expandimos y nos recogemos.<br \/>\nTrabajamos y descansamos.<\/p>\n<p>El equilibrio no consiste en permanecer permanentemente activos.<\/p>\n<p>Consiste en aprender cu\u00e1ndo avanzar y cu\u00e1ndo recuperar energ\u00eda.<\/p>\n<ol start=\"4\">\n<li>Cuerpo energ\u00e9tico: el c\u00f3digo de la presencia<\/li>\n<\/ol>\n<p>Existe tambi\u00e9n una dimensi\u00f3n m\u00e1s sutil de nuestra experiencia: aquello que relacionamos con intenci\u00f3n, significado, espiritualidad, intuici\u00f3n y conexi\u00f3n.<\/p>\n<p>Podemos llamarla cuerpo energ\u00e9tico.<\/p>\n<p>No pretende sustituir al cuerpo f\u00edsico, la medicina ni la psicoterapia. Es una manera de nombrar la dimensi\u00f3n simb\u00f3lica y experiencial desde la cual otorgamos direcci\u00f3n a nuestra vida.<\/p>\n<p>Su c\u00f3digo fundamental es la presencia.<\/p>\n<p>Porque nuestra atenci\u00f3n determina, en gran medida, qu\u00e9 experiencia estamos alimentando.<\/p>\n<p>Activar este cuerpo puede implicar meditaci\u00f3n, respiraci\u00f3n consciente, contemplaci\u00f3n, oraci\u00f3n, contacto con la naturaleza, rituales, movimiento energ\u00e9tico o simplemente permanecer algunos minutos completamente presentes.<\/p>\n<p>Un ritual cotidiano, por ejemplo, no necesita ser complejo.<\/p>\n<p>Encender una vela y preguntarnos:<\/p>\n<p>\u00bfDesde d\u00f3nde quiero vivir este d\u00eda?<\/p>\n<p>puede convertirse en una forma de orientar nuestra conciencia.<\/p>\n<p>El ritual no necesariamente modifica lo que sucede afuera.<\/p>\n<p>Primero modifica la manera en que nosotros entramos en contacto con aquello que sucede.<\/p>\n<p>La activaci\u00f3n simult\u00e1nea<\/p>\n<p>Aqu\u00ed se encuentra la parte esencial.<\/p>\n<p>No necesitamos trabajar los cuatro cuerpos de manera independiente.<\/p>\n<p>Podemos aprender a activarlos simult\u00e1neamente frente a una misma experiencia.<\/p>\n<p>Pensemos en algo cotidiano.<\/p>\n<p>Despiertas por la ma\u00f1ana con ansiedad porque tienes un d\u00eda complicado.<\/p>\n<p>La reacci\u00f3n autom\u00e1tica podr\u00eda ser levantarte, tomar el tel\u00e9fono, comenzar a revisar pendientes y alimentar inmediatamente la preocupaci\u00f3n.<\/p>\n<p>Pero podemos utilizar los cuatro cuerpos.<\/p>\n<p>Mental<\/p>\n<p>Observas el pensamiento:<\/p>\n<p>\u201cNo voy a poder con todo.\u201d<\/p>\n<p>Y lo cuestionas:<\/p>\n<p>\u00bfRealmente no puedo o simplemente estoy anticipando lo que todav\u00eda no sucede?<\/p>\n<p>Emocional<\/p>\n<p>Reconoces:<\/p>\n<p>\u201cTengo miedo. Me siento abrumada.\u201d<\/p>\n<p>No lo niegas.<\/p>\n<p>Lo escuchas.<\/p>\n<p>F\u00edsico<\/p>\n<p>Respiras profundamente, estiras el cuerpo, tomas agua y caminas algunos minutos.<\/p>\n<p>Le comunicas al organismo que puede comenzar el d\u00eda sin entrar inmediatamente en estado de alerta.<\/p>\n<p>Energ\u00e9tico<\/p>\n<p>Finalmente eliges una intenci\u00f3n:<\/p>\n<p>\u201cHoy voy a resolver una cosa a la vez y permanecer presente.\u201d<\/p>\n<p>En unos minutos ocurri\u00f3 algo importante.<\/p>\n<p>El problema quiz\u00e1 contin\u00faa ah\u00ed.<\/p>\n<p>Pero t\u00fa ya no eres la misma persona frente al problema.<\/p>\n<p>Eso es activaci\u00f3n simult\u00e1nea.<\/p>\n<p>Los ritmos como c\u00f3digos energ\u00e9ticos<\/p>\n<p>Podemos entender los c\u00f3digos energ\u00e9ticos como patrones que organizan nuestra experiencia.<\/p>\n<p>No son f\u00f3rmulas m\u00e1gicas.<\/p>\n<p>Son recordatorios de c\u00f3mo necesitamos mover nuestra energ\u00eda f\u00edsica, psicol\u00f3gica y emocional.<\/p>\n<p>Respiraci\u00f3n: regula.<\/p>\n<p>Movimiento: moviliza.<\/p>\n<p>Descanso: integra.<\/p>\n<p>Silencio: permite escuchar.<\/p>\n<p>Palabra: organiza la experiencia.<\/p>\n<p>Ritual: proporciona intenci\u00f3n.<\/p>\n<p>Terapia: genera conciencia.<\/p>\n<p>Cuando estos ritmos encuentran equilibrio, los cuatro cuerpos comienzan a comunicarse de manera diferente.<\/p>\n<p>Cuando se rompen durante demasiado tiempo, podemos comenzar a sentir desconexi\u00f3n, irritabilidad, agotamiento, ansiedad, confusi\u00f3n o sensaci\u00f3n de estar viviendo en autom\u00e1tico.<\/p>\n<p>La terapia como parte esencial del equilibrio<\/p>\n<p>La terapia no tendr\u00eda que aparecer \u00fanicamente cuando estamos atravesando una crisis.<\/p>\n<p>Tambi\u00e9n puede convertirse en una pr\u00e1ctica de mantenimiento de la conciencia.<\/p>\n<p>Porque existen patrones que dif\u00edcilmente podemos observar mientras estamos completamente identificados con ellos.<\/p>\n<p>La terapia ofrece un espacio para detenernos y preguntarnos:<\/p>\n<p>\u00bfQu\u00e9 estoy pensando?<br \/>\n\u00bfQu\u00e9 estoy sintiendo?<br \/>\n\u00bfQu\u00e9 est\u00e1 expresando mi cuerpo?<br \/>\n\u00bfHacia d\u00f3nde estoy dirigiendo mi energ\u00eda?<\/p>\n<p>Ah\u00ed los cuatro cuerpos vuelven a encontrarse.<\/p>\n<p>La terapia ayuda a traducir sus lenguajes y a descubrir d\u00f3nde existe una contradicci\u00f3n.<\/p>\n<p>Porque podemos pensar una cosa, sentir otra, hacer algo completamente diferente y dirigir nuestra energ\u00eda hacia un cuarto lugar.<\/p>\n<p>Ese estado fragmenta.<\/p>\n<p>La conciencia busca exactamente lo contrario:<\/p>\n<p>coherencia.<\/p>\n<p>Una pr\u00e1ctica cotidiana para los cuatro cuerpos<\/p>\n<p>No necesitas cambiar toda tu vida.<\/p>\n<p>Puedes comenzar dedicando algunos minutos cada ma\u00f1ana.<\/p>\n<p>Respira y observa tu cuerpo.<\/p>\n<p>Preg\u00fantate:<\/p>\n<p>Mental: \u00bfQu\u00e9 pensamiento est\u00e1 predominando hoy?<\/p>\n<p>Emocional: \u00bfQu\u00e9 estoy sintiendo realmente?<\/p>\n<p>F\u00edsico: \u00bfQu\u00e9 necesita hoy mi cuerpo?<\/p>\n<p>Energ\u00e9tico: \u00bfHacia d\u00f3nde quiero dirigir mi atenci\u00f3n y mi intenci\u00f3n?<\/p>\n<p>Despu\u00e9s elige una acci\u00f3n concreta.<\/p>\n<p>Quiz\u00e1 descansar.<\/p>\n<p>Quiz\u00e1 moverte.<\/p>\n<p>Quiz\u00e1 establecer un l\u00edmite.<\/p>\n<p>Quiz\u00e1 pedir ayuda.<\/p>\n<p>Quiz\u00e1 tener una conversaci\u00f3n.<\/p>\n<p>Quiz\u00e1 acudir a terapia.<\/p>\n<p>Quiz\u00e1 simplemente dejar de exigirte resolver hoy aquello que todav\u00eda necesita tiempo.<\/p>\n<p>Eso tambi\u00e9n es conciencia.<\/p>\n<p>Equilibrio no significa perfecci\u00f3n<\/p>\n<p>Estar equilibrados no significa permanecer siempre tranquilos.<\/p>\n<p>No significa dejar de sentir miedo, tristeza, enojo o incertidumbre.<\/p>\n<p>El equilibrio consciente es desarrollar la capacidad de regresar.<\/p>\n<p>Regresar al cuerpo cuando la mente corre.<\/p>\n<p>Regresar a la respiraci\u00f3n cuando la emoci\u00f3n desborda.<\/p>\n<p>Regresar al pensamiento consciente cuando reaccionamos.<\/p>\n<p>Regresar a nuestra intenci\u00f3n cuando perdemos direcci\u00f3n.<\/p>\n<p>Una y otra vez.<\/p>\n<p>Porque quiz\u00e1 la conciencia no sea un estado permanente.<\/p>\n<p>Quiz\u00e1 sea precisamente la capacidad de volver a nosotros mismos.<\/p>\n<p>Mental.<\/p>\n<p>Emocional.<\/p>\n<p>F\u00edsico.<\/p>\n<p>Energ\u00e9tico.<\/p>\n<p>Cuatro cuerpos.<\/p>\n<p>Cuatro c\u00f3digos.<\/p>\n<p>Una sola experiencia humana.<\/p>\n<p>Cuando aprendemos a escucharlos simult\u00e1neamente dejamos de vivir fragmentados y comenzamos a construir coherencia entre lo que pensamos, lo que sentimos, lo que hacemos y la energ\u00eda desde la cual elegimos vivir.<\/p>\n<p>Y es ah\u00ed donde comienza el verdadero equilibrio consciente.<\/p>\n<p>Alma Sagrada<br \/>\nAl\u00ed\u00f1ate a tu presente.<\/p>\n<p>&nbsp;<\/p>\n<p>C O M U N I C A T E<\/p>\n<p>IG almasagrada.community<\/p>\n<p><a href=\"mailto:almasagrada.corp@gmail.com\">almasagrada.corp@gmail.com<\/a><\/p>\n<p>&nbsp;<\/p>\n","protected":false},"excerpt":{"rendered":"<p>REGINA &nbsp; \u00a0 Mental, emocional, f\u00edsico y energ\u00e9tico, son lo cuatro c\u00f3digos que, al activarse simult\u00e1neamente, pueden transformar nuestra manera de habitar la vida. Durante mucho tiempo hemos intentado sanar por partes. Trabajamos nuestros pensamientos cuando la mente se satura. Buscamos terapia cuando las emociones nos desbordan. Modificamos la alimentaci\u00f3n o hacemos ejercicio cuando el [&hellip;]<\/p>\n","protected":false},"author":14,"featured_media":0,"comment_status":"open","ping_status":"open","sticky":false,"template":"","format":"standard","meta":{"_monsterinsights_skip_tracking":false,"footnotes":""},"categories":[877],"tags":[],"class_list":["post-737831","post","type-post","status-publish","format-standard","hentry","category-salud"],"_links":{"self":[{"href":"https:\/\/www.diarioimagen.net\/index.php?rest_route=\/wp\/v2\/posts\/737831","targetHints":{"allow":["GET"]}}],"collection":[{"href":"https:\/\/www.diarioimagen.net\/index.php?rest_route=\/wp\/v2\/posts"}],"about":[{"href":"https:\/\/www.diarioimagen.net\/index.php?rest_route=\/wp\/v2\/types\/post"}],"author":[{"embeddable":true,"href":"https:\/\/www.diarioimagen.net\/index.php?rest_route=\/wp\/v2\/users\/14"}],"replies":[{"embeddable":true,"href":"https:\/\/www.diarioimagen.net\/index.php?rest_route=%2Fwp%2Fv2%2Fcomments&post=737831"}],"version-history":[{"count":1,"href":"https:\/\/www.diarioimagen.net\/index.php?rest_route=\/wp\/v2\/posts\/737831\/revisions"}],"predecessor-version":[{"id":737832,"href":"https:\/\/www.diarioimagen.net\/index.php?rest_route=\/wp\/v2\/posts\/737831\/revisions\/737832"}],"wp:attachment":[{"href":"https:\/\/www.diarioimagen.net\/index.php?rest_route=%2Fwp%2Fv2%2Fmedia&parent=737831"}],"wp:term":[{"taxonomy":"category","embeddable":true,"href":"https:\/\/www.diarioimagen.net\/index.php?rest_route=%2Fwp%2Fv2%2Fcategories&post=737831"},{"taxonomy":"post_tag","embeddable":true,"href":"https:\/\/www.diarioimagen.net\/index.php?rest_route=%2Fwp%2Fv2%2Ftags&post=737831"}],"curies":[{"name":"wp","href":"https:\/\/api.w.org\/{rel}","templated":true}]}}