{"id":737833,"date":"2026-08-30T22:14:21","date_gmt":"2026-08-31T04:14:21","guid":{"rendered":"https:\/\/www.diarioimagen.net\/?p=737833"},"modified":"2026-08-30T22:14:21","modified_gmt":"2026-08-31T04:14:21","slug":"sabores-san-pedro-reunira-a-mas-de-40-restaurantes-en-una-gran-fiesta-gourmet","status":"publish","type":"post","link":"https:\/\/www.diarioimagen.net\/?p=737833","title":{"rendered":"Sabores San Pedro reunir\u00e1 a m\u00e1s de 40 restaurantes en una gran fiesta gourmet"},"content":{"rendered":"<p>&nbsp;<\/p>\n<ul>\n<li><strong>Con el Cerro de la Silla como marco, San Pedro Garza Garc\u00eda se prepara para vivir un fin de semana dedicado a la gastronom\u00eda, con restaurantes, chefs, vinos y propuestas de mixolog\u00eda bajo un concepto de \u201ctodo incluido\u201d.<\/strong><\/li>\n<\/ul>\n<p>&nbsp;<\/p>\n<div id=\"attachment_737834\" style=\"width: 280px\" class=\"wp-caption alignnone\"><img loading=\"lazy\" decoding=\"async\" aria-describedby=\"caption-attachment-737834\" class=\"wp-image-737834 size-large\" src=\"https:\/\/www.diarioimagen.net\/wp-content\/uploads\/2026\/08\/SABORES-01-270x270.jpeg\" alt=\"\" width=\"270\" height=\"270\" srcset=\"https:\/\/www.diarioimagen.net\/wp-content\/uploads\/2026\/08\/SABORES-01-270x270.jpeg 270w, https:\/\/www.diarioimagen.net\/wp-content\/uploads\/2026\/08\/SABORES-01-240x240.jpeg 240w, https:\/\/www.diarioimagen.net\/wp-content\/uploads\/2026\/08\/SABORES-01-150x150.jpeg 150w, https:\/\/www.diarioimagen.net\/wp-content\/uploads\/2026\/08\/SABORES-01-768x768.jpeg 768w, https:\/\/www.diarioimagen.net\/wp-content\/uploads\/2026\/08\/SABORES-01-50x50.jpeg 50w, https:\/\/www.diarioimagen.net\/wp-content\/uploads\/2026\/08\/SABORES-01-75x75.jpeg 75w, https:\/\/www.diarioimagen.net\/wp-content\/uploads\/2026\/08\/SABORES-01-70x70.jpeg 70w, https:\/\/www.diarioimagen.net\/wp-content\/uploads\/2026\/08\/SABORES-01.jpeg 945w\" sizes=\"auto, (max-width: 270px) 100vw, 270px\" \/><p id=\"caption-attachment-737834\" class=\"wp-caption-text\">Sabores San Pedro reunir\u00e1 a m\u00e1s de 40 restaurantes en una gran fiesta gourmet<\/p><\/div>\n<p>&nbsp;<\/p>\n<p><strong>Por Gloria CARPIO<\/strong><\/p>\n<p>&nbsp;<\/p>\n<p>Los sabores, aromas y propuestas de algunas de las cocinas m\u00e1s reconocidas del norte del pa\u00eds se reunir\u00e1n en un mismo lugar con la llegada de Sabores San Pedro Festival Gourmet, que celebrar\u00e1 su primera edici\u00f3n los pr\u00f3ximos 24 y 25 de octubre en el Parque Diego Rivera, en San Pedro Garza Garc\u00eda, Nuevo Le\u00f3n.<\/p>\n<p>Con la participaci\u00f3n de m\u00e1s de 40 restaurantes, el encuentro busca convertirse en una nueva experiencia gastron\u00f3mica para Monterrey y su zona metropolitana, reuniendo durante dos d\u00edas cocina, vinos y distintas propuestas culinarias en un ambiente pensado para disfrutar y descubrir.<\/p>\n<p>Uno de los principales atractivos del festival ser\u00e1 su modalidad de \u201ctodo incluido\u201d: con la compra de un solo boleto, los asistentes podr\u00e1n recorrer los diferentes espacios y degustar las propuestas participantes durante su visita.<\/p>\n<p>Al ingresar recibir\u00e1n una bolsa, un plato y una copa para comenzar un recorrido gastron\u00f3mico en el que podr\u00e1n probar diferentes especialidades e incluso repetir aquellas que conquisten su paladar.<\/p>\n<p>UN RECORRIDO POR DECENAS DE COCINAS<\/p>\n<p>La oferta ser\u00e1 amplia y diversa. Entre los restaurantes anunciados se encuentran Abisal, Anormal, Acacio, Bodeg\u00f3n San Agust\u00edn, Casa El Hidalgo, Chapul\u00edn, Cometa, Daisuke, El Lindero, Fiships, Jabalina, La Cocina del Bizco, Los Panchos, Mar del Zur, Rosta, Ryoshi, Saloon Venado, Taquer\u00eda Ju\u00e1rez, Tat\u00e9mate, Tigre Asador y Yamasan Ramen House, entre muchos otros.<\/p>\n<p>La propuesta tambi\u00e9n tendr\u00e1 invitados de otras regiones, como Casa Cenizo, de Parras, Coahuila, as\u00ed como una experiencia de Vatel con el restaurante Ikan, de Nayarit.<\/p>\n<p>De esta manera, Sabores San Pedro pretende ofrecer algo m\u00e1s que una degustaci\u00f3n: un recorrido por distintas cocinas, t\u00e9cnicas y estilos en una misma jornada.<\/p>\n<p>VINOS Y MIXOLOG\u00cdA COMPLETAN LA EXPERIENCIA<\/p>\n<p>La gastronom\u00eda estar\u00e1 acompa\u00f1ada por una importante presencia de casas vin\u00edcolas y propuestas de bebidas, con bodegas y productores que complementar\u00e1n la experiencia del festival.<\/p>\n<p>Entre los participantes anunciados se encuentran Casa Madero, LA Cetto, Bodegas del Viento, Don Leo, Hacienda Florida y Flor del Desierto, adem\u00e1s de proyectos de mixolog\u00eda.<\/p>\n<p>As\u00ed, durante dos d\u00edas, el Parque Diego Rivera se transformar\u00e1 en un gran punto de encuentro para quienes disfrutan descubrir nuevos sabores y conocer de cerca las propuestas de chefs, restaurantes y productores.<\/p>\n<p>DOS D\u00cdAS PARA COMER, DESCUBRIR Y DISFRUTAR<\/p>\n<p>Sabores San Pedro llega con la intenci\u00f3n de posicionarse como una de las nuevas citas gastron\u00f3micas de la regi\u00f3n, teniendo como escenario uno de los municipios m\u00e1s representativos de Nuevo Le\u00f3n y al emblem\u00e1tico Cerro de la Silla como parte del paisaje.<\/p>\n<p>Los boletos estar\u00e1n disponibles a trav\u00e9s de Ticketmaster. De acuerdo con los organizadores, los tarjetahabientes HSBC podr\u00e1n acceder a opciones de pago de 3 y 5 meses sin intereses, adem\u00e1s de un 20 por ciento de descuento.<\/p>\n<p>Con gastronom\u00eda, vinos y experiencias reunidas bajo un mismo concepto, Sabores San Pedro promete convertir el \u00faltimo fin de semana de octubre en una celebraci\u00f3n para los sentidos y, sobre todo, en una invitaci\u00f3n a sentarse a la mesa y disfrutar.<\/p>\n","protected":false},"excerpt":{"rendered":"<p>&nbsp; Con el Cerro de la Silla como marco, San Pedro Garza Garc\u00eda se prepara para vivir un fin de semana dedicado a la gastronom\u00eda, con restaurantes, chefs, vinos y propuestas de mixolog\u00eda bajo un concepto de \u201ctodo incluido\u201d. &nbsp; &nbsp; Por Gloria CARPIO &nbsp; Los sabores, aromas y propuestas de algunas de las cocinas [&hellip;]<\/p>\n","protected":false},"author":14,"featured_media":737834,"comment_status":"open","ping_status":"open","sticky":false,"template":"","format":"standard","meta":{"_monsterinsights_skip_tracking":false,"footnotes":""},"categories":[12],"tags":[],"class_list":["post-737833","post","type-post","status-publish","format-standard","has-post-thumbnail","hentry","category-espectaculos"],"_links":{"self":[{"href":"https:\/\/www.diarioimagen.net\/index.php?rest_route=\/wp\/v2\/posts\/737833","targetHints":{"allow":["GET"]}}],"collection":[{"href":"https:\/\/www.diarioimagen.net\/index.php?rest_route=\/wp\/v2\/posts"}],"about":[{"href":"https:\/\/www.diarioimagen.net\/index.php?rest_route=\/wp\/v2\/types\/post"}],"author":[{"embeddable":true,"href":"https:\/\/www.diarioimagen.net\/index.php?rest_route=\/wp\/v2\/users\/14"}],"replies":[{"embeddable":true,"href":"https:\/\/www.diarioimagen.net\/index.php?rest_route=%2Fwp%2Fv2%2Fcomments&post=737833"}],"version-history":[{"count":1,"href":"https:\/\/www.diarioimagen.net\/index.php?rest_route=\/wp\/v2\/posts\/737833\/revisions"}],"predecessor-version":[{"id":737835,"href":"https:\/\/www.diarioimagen.net\/index.php?rest_route=\/wp\/v2\/posts\/737833\/revisions\/737835"}],"wp:featuredmedia":[{"embeddable":true,"href":"https:\/\/www.diarioimagen.net\/index.php?rest_route=\/wp\/v2\/media\/737834"}],"wp:attachment":[{"href":"https:\/\/www.diarioimagen.net\/index.php?rest_route=%2Fwp%2Fv2%2Fmedia&parent=737833"}],"wp:term":[{"taxonomy":"category","embeddable":true,"href":"https:\/\/www.diarioimagen.net\/index.php?rest_route=%2Fwp%2Fv2%2Fcategories&post=737833"},{"taxonomy":"post_tag","embeddable":true,"href":"https:\/\/www.diarioimagen.net\/index.php?rest_route=%2Fwp%2Fv2%2Ftags&post=737833"}],"curies":[{"name":"wp","href":"https:\/\/api.w.org\/{rel}","templated":true}]}}