{"id":737839,"date":"2026-08-30T22:17:10","date_gmt":"2026-08-31T04:17:10","guid":{"rendered":"https:\/\/www.diarioimagen.net\/?p=737839"},"modified":"2026-08-30T22:17:10","modified_gmt":"2026-08-31T04:17:10","slug":"presenta-uaemex-movilidades-humanas-que-ofrece-una-mirada-critica-sobre-las-migraciones","status":"publish","type":"post","link":"https:\/\/www.diarioimagen.net\/?p=737839","title":{"rendered":"Presenta UAEM\u00e9x Movilidades Humanas, que  ofrece una mirada cr\u00edtica sobre las migraciones"},"content":{"rendered":"<p><strong>\u00a0<\/strong><strong>\u00a0<\/strong><\/p>\n<ul>\n<li><strong>A trav\u00e9s de esta revista de divulgaci\u00f3n cient\u00edfica, la Aut\u00f3noma mexiquense promueve el di\u00e1logo de saberes y una mirada cr\u00edtica sobre migraci\u00f3n, cuidados, trabajo, igualdad y comunidad<\/strong><\/li>\n<\/ul>\n<div id=\"attachment_737840\" style=\"width: 416px\" class=\"wp-caption alignnone\"><img loading=\"lazy\" decoding=\"async\" aria-describedby=\"caption-attachment-737840\" class=\"wp-image-737840 size-large\" src=\"https:\/\/www.diarioimagen.net\/wp-content\/uploads\/2026\/08\/UAEM-1-9-406x270.jpg\" alt=\"\" width=\"406\" height=\"270\" srcset=\"https:\/\/www.diarioimagen.net\/wp-content\/uploads\/2026\/08\/UAEM-1-9-406x270.jpg 406w, https:\/\/www.diarioimagen.net\/wp-content\/uploads\/2026\/08\/UAEM-1-9-240x160.jpg 240w, https:\/\/www.diarioimagen.net\/wp-content\/uploads\/2026\/08\/UAEM-1-9-768x511.jpg 768w, https:\/\/www.diarioimagen.net\/wp-content\/uploads\/2026\/08\/UAEM-1-9.jpg 1260w\" sizes=\"auto, (max-width: 406px) 100vw, 406px\" \/><p id=\"caption-attachment-737840\" class=\"wp-caption-text\">La rectora Martha Patricia Zarza Delgado subray\u00f3 que la ciencia abierta y el intercambio de saberes son fundamentales para construir una sociedad que reconozca la dignidad y diversidad de las personas.<\/p><\/div>\n<p>Toluca, M\u00e9x.-\u00a0 La Universidad Aut\u00f3noma del Estado de M\u00e9xico (UAEM\u00e9x) fortalece su responsabilidad social, la calidad acad\u00e9mica y el intercambio interinstitucional de saberes con la Revista de Divulgaci\u00f3n Cient\u00edfica Movilidades Humanas, una publicaci\u00f3n gratuita y de libre acceso que surge de la visi\u00f3n de la universidad p\u00fablica como espacio para la discusi\u00f3n y la visibilizaci\u00f3n de voces hist\u00f3ricamente silenciadas.<\/p>\n<p>Esta iniciativa de la Secretar\u00eda de Igualdad Sustantiva y Cuidados de la Aut\u00f3noma mexiquense es resultado de la colaboraci\u00f3n entre la Secretar\u00eda de Ciencia, Humanidades, Tecnolog\u00eda e Innovaci\u00f3n (Secihti), la M\u00e1xima Casa de Estudios mexiquense, la Universidad Aut\u00f3noma del Estado de Morelos, la Universidad Aut\u00f3noma de Baja California, El Colegio de Michoac\u00e1n y otros espacios cient\u00edficos nacionales e internacionales.<\/p>\n<p>En el Museo Universitario \u201cLeopoldo Flores\u201d, el comit\u00e9 editorial present\u00f3 el n\u00famero especial de lanzamiento de Movilidades Humanas, integrado por seis secciones: Editorial, Di\u00e1logos sobre las movilidades, De ires y venires, Poner el cuerpo. Migraciones de trabajo, Igualdad sustantiva y cuidados y Contando historias, haciendo comunidad.<\/p>\n<p>A trav\u00e9s de estos contenidos, la revista ofrece herramientas para interpretar informaci\u00f3n, cuestionar ideas y comprender los fen\u00f3menos relacionados con la migraci\u00f3n y la movilidad humana, mediante un lenguaje claro, accesible, cr\u00edtico y humanista que acerca este debate al p\u00fablico en general.<\/p>\n<p><strong>\u00a0<\/strong><\/p>\n<p><strong>\u00a0<\/strong><\/p>\n<p><strong>Universidad cuidadora ycomprometida con hacer de la igualdad sustantiva un derecho exigible para todos<\/strong><\/p>\n<p>&nbsp;<\/p>\n<p>&nbsp;<\/p>\n<p>La rectora de la UAEM\u00e9x, Martha Patricia Zarza Delgado, destac\u00f3 que la instituci\u00f3n se transforma para consolidarse como una universidad cuidadora, comprometida con hacer de la igualdad sustantiva un derecho exigible para todas y todos, promover la dignidad humana y fomentar la ciencia abierta a partir de la colaboraci\u00f3n y el intercambio de saberes.<\/p>\n<p>Asimismo, se\u00f1al\u00f3 que la movilidad constituye una interacci\u00f3n din\u00e1mica que invita a reconsiderar la otredad como parte del crecimiento social y subray\u00f3 que este producto editorial abre un espacio para analizar, desde una perspectiva acad\u00e9mica, humanista y centrada en las personas, las particularidades de la movilidad humana, as\u00ed como sus efectos y retos.<\/p>\n<p>En este evento, al que asistieron integrantes de la comunidad auriverde, el director general del Consejo Mexiquense de Ciencia y Tecnolog\u00eda (COMECyT), V\u00edctor Daniel \u00c1vila Akerberg, y la secretaria de Igualdad Sustantiva y Cuidados de la UAEM\u00e9x y directora editorial de Movilidades Humanas, Norma Baca Tavira, Zarza Delgado resalt\u00f3 la pertinencia de esta publicaci\u00f3n para el Estado de M\u00e9xico, una de las principales entidades de tr\u00e1nsito para personas migrantes en el pa\u00eds.<\/p>\n<p>En este sentido, afirm\u00f3 que Movilidades Humanas representa una respuesta concreta a la responsabilidad y pertinencia social de la Aut\u00f3noma mexiquense con la comunidad cient\u00edfica y la sociedad en general.<\/p>\n<p>La rectora reconoci\u00f3, adem\u00e1s, la integraci\u00f3n de una red interinstitucional que genera productos pertinentes y de calidad, capaces de fortalecer la discusi\u00f3n p\u00fablica y acad\u00e9mica, as\u00ed como de consolidar una visi\u00f3n de la movilidad humana como un fen\u00f3meno natural y una prioridad de las agendas cient\u00edfica y social.<\/p>\n<p>Por su parte, V\u00edctor Daniel \u00c1vila Akerberg se\u00f1al\u00f3 que la presentaci\u00f3n de esta revista da continuidad a la encomienda impulsada por el Gobierno del Estado de M\u00e9xico, encabezado por Delfina G\u00f3mez \u00c1lvarez, de promover la divulgaci\u00f3n cient\u00edfica mediante contenidos accesibles para toda la sociedad.<\/p>\n<p>El director general del COMECyT reconoci\u00f3 tambi\u00e9n los esfuerzos de la UAEM\u00e9x, a trav\u00e9s de la Secretar\u00eda de Igualdad Sustantiva y Cuidados, para fortalecer, en colaboraci\u00f3n con instituciones educativas y cient\u00edficas, el estudio de las movilidades humanas como un fen\u00f3meno multicausal presente en la vida de todas las personas.<\/p>\n<p>En tanto, Norma Baca Tavira destac\u00f3 que la creaci\u00f3n de esta revista responde a la necesidad de defender la divulgaci\u00f3n como una dimensi\u00f3n esencial del trabajo acad\u00e9mico.<\/p>\n<p>Explic\u00f3 que divulgar el conocimiento permite hacerlo p\u00fablico, ponerlo en di\u00e1logo con la sociedad, reconocer trayectorias y contribuir a la interpretaci\u00f3n de los problemas que atraviesan la vida colectiva.<\/p>\n<p>En este evento, al que asisti\u00f3 la presencia de la secretaria de Identidad y Cultura y representante del Consejo General Editorial, Cynthia Ortega Salgado, Baca Tavira se\u00f1al\u00f3 que, con esta publicaci\u00f3n, la Secretar\u00eda de Igualdad Sustantiva y Cuidados refrenda su compromiso con una producci\u00f3n acad\u00e9mica vinculada con los territorios, la defensa de la ciencia p\u00fablica y socialmente responsable, as\u00ed como con el cuestionamiento de los prejuicios hacia las personas en movilidad.<\/p>\n<p>Por su parte, el periodista, director y conductor de TV Migrante, Emerson Segura Valencia, asever\u00f3 que, frente a un contexto global en el que se pretende distorsionar la verdad y alimentar el odio, la comunicaci\u00f3n p\u00fablica tiene la responsabilidad fundamental de reivindicar la soberan\u00eda nacional.<\/p>\n<p>En este contexto, puntualiz\u00f3 que Movilidades Humanas contribuye a construir espacios que privilegian una mirada p\u00fablica y colectiva, orientada a proteger la dignidad y la identidad de las personas migrantes.<\/p>\n<p>Finalmente, el defensor de las Audiencias del Sistema P\u00fablico de Radiodifusi\u00f3n del Estado Mexicano, Lenin Martell G\u00e1mez, destac\u00f3 que este producto editorial constituye un ejemplo de divulgaci\u00f3n del conocimiento desde el inter\u00e9s p\u00fablico y contribuye a ampliar la conversaci\u00f3n sobre temas necesarios y relevantes para la sociedad.<\/p>\n<p>Por ello, reconoci\u00f3 a la UAEM\u00e9x por impulsar espacios de di\u00e1logo y contribuir a dar visibilidad a las distintas voces y experiencias que conforman el fen\u00f3meno de la movilidad humana.<\/p>\n<p>La Revista de Divulgaci\u00f3n Cient\u00edfica Movilidades Humanas est\u00e1 disponible de manera libre y gratuita para la comunidad verde y oro y p\u00fablico en general en la Hemeroteca Digital de la UAEM\u00e9x, a trav\u00e9s del siguiente link: <a href=\"https:\/\/hemeroteca.uaemex.mx\/index.php\/movilidades_humanas\">https:\/\/hemeroteca.uaemex.mx\/index.php\/movilidades_humanas<\/a>.<\/p>\n<p>&nbsp;<\/p>\n<p>&nbsp;<\/p>\n<p>&nbsp;<\/p>\n<p>&nbsp;<\/p>\n<p>&nbsp;<\/p>\n","protected":false},"excerpt":{"rendered":"<p>\u00a0\u00a0 A trav\u00e9s de esta revista de divulgaci\u00f3n cient\u00edfica, la Aut\u00f3noma mexiquense promueve el di\u00e1logo de saberes y una mirada cr\u00edtica sobre migraci\u00f3n, cuidados, trabajo, igualdad y comunidad Toluca, M\u00e9x.-\u00a0 La Universidad Aut\u00f3noma del Estado de M\u00e9xico (UAEM\u00e9x) fortalece su responsabilidad social, la calidad acad\u00e9mica y el intercambio interinstitucional de saberes con la Revista de [&hellip;]<\/p>\n","protected":false},"author":14,"featured_media":737840,"comment_status":"open","ping_status":"open","sticky":false,"template":"","format":"standard","meta":{"_monsterinsights_skip_tracking":false,"footnotes":""},"categories":[16,5],"tags":[],"class_list":["post-737839","post","type-post","status-publish","format-standard","has-post-thumbnail","hentry","category-destacadas","category-estado-de-mexico"],"_links":{"self":[{"href":"https:\/\/www.diarioimagen.net\/index.php?rest_route=\/wp\/v2\/posts\/737839","targetHints":{"allow":["GET"]}}],"collection":[{"href":"https:\/\/www.diarioimagen.net\/index.php?rest_route=\/wp\/v2\/posts"}],"about":[{"href":"https:\/\/www.diarioimagen.net\/index.php?rest_route=\/wp\/v2\/types\/post"}],"author":[{"embeddable":true,"href":"https:\/\/www.diarioimagen.net\/index.php?rest_route=\/wp\/v2\/users\/14"}],"replies":[{"embeddable":true,"href":"https:\/\/www.diarioimagen.net\/index.php?rest_route=%2Fwp%2Fv2%2Fcomments&post=737839"}],"version-history":[{"count":1,"href":"https:\/\/www.diarioimagen.net\/index.php?rest_route=\/wp\/v2\/posts\/737839\/revisions"}],"predecessor-version":[{"id":737841,"href":"https:\/\/www.diarioimagen.net\/index.php?rest_route=\/wp\/v2\/posts\/737839\/revisions\/737841"}],"wp:featuredmedia":[{"embeddable":true,"href":"https:\/\/www.diarioimagen.net\/index.php?rest_route=\/wp\/v2\/media\/737840"}],"wp:attachment":[{"href":"https:\/\/www.diarioimagen.net\/index.php?rest_route=%2Fwp%2Fv2%2Fmedia&parent=737839"}],"wp:term":[{"taxonomy":"category","embeddable":true,"href":"https:\/\/www.diarioimagen.net\/index.php?rest_route=%2Fwp%2Fv2%2Fcategories&post=737839"},{"taxonomy":"post_tag","embeddable":true,"href":"https:\/\/www.diarioimagen.net\/index.php?rest_route=%2Fwp%2Fv2%2Ftags&post=737839"}],"curies":[{"name":"wp","href":"https:\/\/api.w.org\/{rel}","templated":true}]}}