{"id":737842,"date":"2026-08-30T22:20:39","date_gmt":"2026-08-31T04:20:39","guid":{"rendered":"https:\/\/www.diarioimagen.net\/?p=737842"},"modified":"2026-08-30T22:20:39","modified_gmt":"2026-08-31T04:20:39","slug":"mexicanos-con-doble-nacionalidad-caballos-de-troya-de-intereses-trasnacionales","status":"publish","type":"post","link":"https:\/\/www.diarioimagen.net\/?p=737842","title":{"rendered":"\u00a0\u00bfMexicanos con doble nacionalidad,\u00a0\u201ccaballos  \u00a0de Troya\u201d\u00a0de intereses trasnacionales?"},"content":{"rendered":"<p>&nbsp;<\/p>\n<p><strong>TRAS LA PUERTA DEL PODER\u00a0 Roberto Vizca\u00edno<\/strong><\/p>\n<p>&nbsp;<\/p>\n<p>&nbsp;<\/p>\n<p>&nbsp;<\/p>\n<p>&nbsp;<\/p>\n<p>Hoy, como si no tuviese demasiadas cosas en su mesa de tejido o costura de asuntos del Estado mexicano y defensa de la soberan\u00eda, la presidenta <strong>Claudia Sheinbaum<\/strong>\u00a0se acaba de echar otro trompo de m\u00faltiples consecuencias y reacciones a la u\u00f1a:<\/p>\n<p>Sin poder esperar al inicio del periodo de sesiones del fin de a\u00f1o en Senado y C\u00e1mara de Diputados, la mandataria adelant\u00f3 a la Comisi\u00f3n Permanente, que hoy concluye sus tareas, su iniciativa para\u00a0<strong>impedir que aquellos mexicanos que cuentan con doble nacionalidad puedan ser gobernadores o Presidente de la Rep\u00fablica<\/strong>.<\/p>\n<p>En su intento de evitar que los\u00a0<strong>mexicanos con doble nacionalidad<\/strong>\u00a0sean potenciales\u00a0<strong><em>caballos de Troya<\/em><\/strong>\u00a0ideol\u00f3gicos o de intereses extranjeros inconfesables que logren incrustarse por la v\u00eda el voto popular en esos cargos en las m\u00e1s altas esferas del Poder en este noble y honorable pa\u00eds, propone una reforma constitucional m\u00e1s, ahora\u00a0<strong>para obligar a que estos mexicanos renuncien a su doble nacional en caso de ser postulados a alguno de esos cargos.<\/strong><\/p>\n<p><strong>Todo porque ella -y su entorno duro- considera que as\u00ed <\/strong>\u201cel inter\u00e9s de M\u00e9xico est\u00e9 por encima de cualquier otro\u201d.<\/p>\n<p>Ya sabe usted que los cr\u00edticos y opositores a todo lo presidencial y de las grandes iniciativas nacionalistas de la 4T revisaron r\u00e1pidamente el porqu\u00e9 de tal iniciativa y no encuentran gobernador o Presidente de la Rep\u00fablica con doble nacionalidad que haya servido a los intereses oscuros de otras naciones.<\/p>\n<p>Pero eso no detiene ni hace cambiar de opini\u00f3n a la presidenta Sheinbaum para que su iniciativa siga su curso en C\u00e1mara de Diputados, donde su mayor\u00eda constitucional bajo el control del zacatecano\u00a0<strong>Ricardo Monreal <\/strong>seguramente la aprobar\u00e1 en\u00a0<strong><em>fast-track<\/em><\/strong>\u00a0como uno de sus primeros casos en septiembre.<\/p>\n<p>Para alcanzar el objetivo de atajar desde hoy cualquier intento de otra naci\u00f3n de apoderarse perversamente del poder en M\u00e9xico v\u00eda el sembrado de un Presidente con doble nacionalidad y con el cerebro lavado en favor de oscuros intereses la presidenta\u00a0<strong>Sheinbaum<\/strong>\u00a0propone reformar los art\u00edculos 82, 116 y 122 constitucionales.<\/p>\n<p>Toda una reforma anti-caballo de Troya de tenebrosos, siniestros intereses trasnacionales.<\/p>\n<p>Con esta reforma los mexicanos con doble nacionalidad solo podr\u00e1n en adelante aspirar a ser diputados, senadores, alcaldes y regidores.<\/p>\n<p>Hasta ah\u00ed podr\u00e1n llegar.<\/p>\n<p>Si aspiran y tienen cualidades pol\u00edticas para ser gobernadores o Presidente, pues deber\u00e1n renunciar a su otra nacionalidad.<\/p>\n<p>Los mal pensados de siempre, inconformes, opositores de mala entra\u00f1a comienzan a preguntarle a la mandataria si podr\u00eda impulsar igual una reforma constitucional para impedir que ideolog\u00edas como la marxista, socialista, chavista que ella adquiri\u00f3 pudieran ser un impedimento para ser postulados para gobernadores o Presidente.<\/p>\n<p>Por lo pronto, la iniciativa va y pasa a comisiones en San L\u00e1zaro.<\/p>\n<p>&nbsp;<\/p>\n<p><strong>Petici\u00f3n de ex director de DEA causa inquietudes<\/strong><\/p>\n<p>&nbsp;<\/p>\n<p>En un contexto de un aumento de presiones desde Washington a la presidenta\u00a0<strong>Claudia Sheimbaum,<\/strong>\u00a0para dar el paso a una limpia a fondo del Gobierno de M\u00e9xico de altos funcionarios ligados o al servicio de c\u00e1rteles de la droga y el crimen organizado, no pas\u00f3 inadvertido el reclamo de\u00a0<strong>Derek Maltz<\/strong>, ex director de la DEA, al titular de Seguridad de M\u00e9xico,\u00a0<strong>Omar Garc\u00eda Harfuch,<\/strong>\u00a0para que, al mejor estilo del viejo oeste, y brinc\u00e1ndose al Estado de Derecho, capture y entregue a la justicia de EU al gobernador con licencia de Sinaloa, el morenista\u00a0<strong>Rub\u00e9n Rocha Moya<\/strong>.<\/p>\n<p>Para quienes saben de esto, el llamado de\u00a0<strong>Maltz<\/strong>\u00a0no es para nada una ocurrencia medi\u00e1tica, sino una advertencia de que en los equipos de Inteligencia de EU comienza a ganar la idea de que la presidenta\u00a0<strong>Sheinbaumv<\/strong>no har\u00e1 nada contra sus colaboradores vinculados al narco y que habr\u00e1 necesidad entonces de venir directamente por ellos.<\/p>\n<p>Esa corriente de acci\u00f3n directa gana fuerza luego del encuentro del secretario de Estado,\u00a0<strong>Marco Rubio,<\/strong>\u00a0con\u00a0<strong>Roberto Velasco<\/strong>, secretario de Relaciones Exteriores, donde el norteamericano urgi\u00f3 al gobierno mexicano a actuar ya contra los altos funcionarios mexicanos aliados a c\u00e1rteles.<\/p>\n<p>Pero sobre todo ante la demostraci\u00f3n del regreso ef\u00edmero de\u00a0<strong>Rub\u00e9n Rocha<\/strong>\u00a0a la gubernatura de Sinaloa y de la persistencia del senador\u00a0<strong>Enrique Inzunza<\/strong>en permanecer en su esca\u00f1o en el Senado.<\/p>\n<p>Para la DEA, el Departamento de Justicia y para el Departamento de Estado de EU\u00a0<strong>Rocha Moya<\/strong>\u00a0e\u00a0<strong>Inzunza<\/strong>\u00a0son m\u00e1s que socios del C\u00e1rtel de Sinaloa y pr\u00f3fugos de la justicia.<\/p>\n<p>Y de ah\u00ed para arriba a los lados y hacia abajo en el Poder en M\u00e9xico.<\/p>\n<p>El caso es que de\u00a0<strong>Derek Maltz<\/strong>\u00a0lanz\u00f3 su exigencia\u00a0<strong>Garc\u00eda Harfuch<\/strong>\u00a0a quien dedic\u00f3 una imagen creada con inteligencia artificial con\u00a0<strong>Rocha Moya <\/strong>esposado y escoltado por agentes de la DEA, el FBI y el HSI.<\/p>\n<p>Subida a su cuenta de X,\u00a0<strong>Maltz<\/strong>\u00a0pidi\u00f3 que\u00a0<strong>Rocha Moya<\/strong>\u00a0sea entregado para ser juzgado en un tribunal federal en Nueva York.<\/p>\n<p>\u201cEspero que\u00a0<strong>Rub\u00e9n Rocha Moya<\/strong>\u00a0sea expulsado de M\u00e9xico y enviado a Nueva York para enfrentar la justicia en un tribunal federal en Estados Unidos. Es inocente hasta que se demuestre lo contrario, pero necesita pasar por el proceso judicial. \u00a1Espero que veamos su llegada pronto!\u201d, escribi\u00f3.<\/p>\n<p>M\u00e1s claro ni el agua, dice el dicho.<\/p>\n<p>&nbsp;<\/p>\n<p>Twitter: @_Vizcaino \/ Facebook<\/p>\n<p>\/\u00a0<a href=\"https:\/\/www.facebook.com\/rvizcainoa\">https:\/\/www.facebook.com\/rvizcainoa<\/a>\u00a0\/<\/p>\n<p>e-mail:\u00a0<a href=\"mailto:rvizcainoa@gmail.com\">rvizcainoa@gmail.com<\/a><\/p>\n<p>&nbsp;<\/p>\n","protected":false},"excerpt":{"rendered":"<p>&nbsp; TRAS LA PUERTA DEL PODER\u00a0 Roberto Vizca\u00edno &nbsp; &nbsp; &nbsp; &nbsp; Hoy, como si no tuviese demasiadas cosas en su mesa de tejido o costura de asuntos del Estado mexicano y defensa de la soberan\u00eda, la presidenta Claudia Sheinbaum\u00a0se acaba de echar otro trompo de m\u00faltiples consecuencias y reacciones a la u\u00f1a: Sin poder [&hellip;]<\/p>\n","protected":false},"author":14,"featured_media":0,"comment_status":"open","ping_status":"open","sticky":false,"template":"","format":"standard","meta":{"_monsterinsights_skip_tracking":false,"footnotes":""},"categories":[156,136],"tags":[],"class_list":["post-737842","post","type-post","status-publish","format-standard","hentry","category-cultura","category-roberto-vizcaino-opinion"],"_links":{"self":[{"href":"https:\/\/www.diarioimagen.net\/index.php?rest_route=\/wp\/v2\/posts\/737842","targetHints":{"allow":["GET"]}}],"collection":[{"href":"https:\/\/www.diarioimagen.net\/index.php?rest_route=\/wp\/v2\/posts"}],"about":[{"href":"https:\/\/www.diarioimagen.net\/index.php?rest_route=\/wp\/v2\/types\/post"}],"author":[{"embeddable":true,"href":"https:\/\/www.diarioimagen.net\/index.php?rest_route=\/wp\/v2\/users\/14"}],"replies":[{"embeddable":true,"href":"https:\/\/www.diarioimagen.net\/index.php?rest_route=%2Fwp%2Fv2%2Fcomments&post=737842"}],"version-history":[{"count":1,"href":"https:\/\/www.diarioimagen.net\/index.php?rest_route=\/wp\/v2\/posts\/737842\/revisions"}],"predecessor-version":[{"id":737843,"href":"https:\/\/www.diarioimagen.net\/index.php?rest_route=\/wp\/v2\/posts\/737842\/revisions\/737843"}],"wp:attachment":[{"href":"https:\/\/www.diarioimagen.net\/index.php?rest_route=%2Fwp%2Fv2%2Fmedia&parent=737842"}],"wp:term":[{"taxonomy":"category","embeddable":true,"href":"https:\/\/www.diarioimagen.net\/index.php?rest_route=%2Fwp%2Fv2%2Fcategories&post=737842"},{"taxonomy":"post_tag","embeddable":true,"href":"https:\/\/www.diarioimagen.net\/index.php?rest_route=%2Fwp%2Fv2%2Ftags&post=737842"}],"curies":[{"name":"wp","href":"https:\/\/api.w.org\/{rel}","templated":true}]}}