{"id":737875,"date":"2026-09-01T00:00:28","date_gmt":"2026-09-01T06:00:28","guid":{"rendered":"https:\/\/www.diarioimagen.net\/?p=737875"},"modified":"2026-08-31T17:38:33","modified_gmt":"2026-08-31T23:38:33","slug":"el-panista-anuar-azar-figueroa-consolida-labor-legislativa-en-bienestar-de-familias-mexiquenses","status":"publish","type":"post","link":"https:\/\/www.diarioimagen.net\/?p=737875","title":{"rendered":"\u00a0  El panista Anuar Azar Figueroa consolida labor  legislativa en bienestar de familias mexiquenses"},"content":{"rendered":"<ul>\n<li><strong>Coinciden liderazgos<\/strong><\/li>\n<\/ul>\n<div id=\"attachment_737876\" style=\"width: 415px\" class=\"wp-caption alignnone\"><img loading=\"lazy\" decoding=\"async\" aria-describedby=\"caption-attachment-737876\" class=\"wp-image-737876 size-large\" src=\"https:\/\/www.diarioimagen.net\/wp-content\/uploads\/2026\/08\/B-AENA-1-405x270.jpg\" alt=\"\" width=\"405\" height=\"270\" srcset=\"https:\/\/www.diarioimagen.net\/wp-content\/uploads\/2026\/08\/B-AENA-1-405x270.jpg 405w, https:\/\/www.diarioimagen.net\/wp-content\/uploads\/2026\/08\/B-AENA-1-240x160.jpg 240w, https:\/\/www.diarioimagen.net\/wp-content\/uploads\/2026\/08\/B-AENA-1-768x512.jpg 768w, https:\/\/www.diarioimagen.net\/wp-content\/uploads\/2026\/08\/B-AENA-1.jpg 1280w\" sizes=\"auto, (max-width: 405px) 100vw, 405px\" \/><p id=\"caption-attachment-737876\" class=\"wp-caption-text\">Anuar Azar Figueroa ha consolidado su gesti\u00f3n legislativa y de cercan\u00eda ciudadana, con un enfoque en el bienestar familiar y la inclusi\u00f3n<\/p><\/div>\n<p>Por Arturo Baena<\/p>\n<p>&nbsp;<\/p>\n<p>Atizap\u00e1n de Zaragoza, M\u00e9x.- El diputado local del Partido Acci\u00f3n Nacional (PAN), Anuar Azar Figueroa, en dos a\u00f1os, ha consolidado su gesti\u00f3n legislativa y de cercan\u00eda ciudadana, con un fuerte enfoque en el bienestar familiar y la inclusi\u00f3n social.<\/p>\n<p>&nbsp;<\/p>\n<p>As\u00ed coincidieron liderazgos de este municipio, al reconocer al legislador panista por su ejercicio de rendici\u00f3n de cuentas y de gesti\u00f3n siempre en favor de los mexiquenses.<\/p>\n<p>&nbsp;<\/p>\n<p>En ese sentido, Azar Figueroa ha promovido reformas orientadas a reconocer constitucionalmente el Iinter\u00e9s superior de la familia, buscando la protecci\u00f3n de menores en situaci\u00f3n de orfandad y la creaci\u00f3n de centros de atenci\u00f3n infantil, as\u00ed como el combate al matrimonio infantil, entre otras.<\/p>\n<p>&nbsp;<\/p>\n<p>Ha respaldado e impulsado propuestas para aliviar la carga econ\u00f3mica en los hogares, tales como la exenci\u00f3n de impuestos en aguinaldos para trabajadores de menores ingresos o la eliminaci\u00f3n de cobros indebidos en servicios p\u00fablicos.<\/p>\n<p>&nbsp;<\/p>\n<p>A trav\u00e9s de espacios como la \u00abCasa Ciudadana\u00bb en la localidad, el diputado panista ha enfocado su labor legislativa y social en favor de las familias no solo de Atizap\u00e1n, sino de toda la entidad mexiquense.<\/p>\n<p>&nbsp;<\/p>\n<p>&nbsp;<\/p>\n<p>&nbsp;<\/p>\n","protected":false},"excerpt":{"rendered":"<p>Coinciden liderazgos Por Arturo Baena &nbsp; Atizap\u00e1n de Zaragoza, M\u00e9x.- El diputado local del Partido Acci\u00f3n Nacional (PAN), Anuar Azar Figueroa, en dos a\u00f1os, ha consolidado su gesti\u00f3n legislativa y de cercan\u00eda ciudadana, con un fuerte enfoque en el bienestar familiar y la inclusi\u00f3n social. &nbsp; As\u00ed coincidieron liderazgos de este municipio, al reconocer al [&hellip;]<\/p>\n","protected":false},"author":14,"featured_media":737876,"comment_status":"open","ping_status":"open","sticky":false,"template":"","format":"standard","meta":{"_monsterinsights_skip_tracking":false,"footnotes":""},"categories":[5],"tags":[],"class_list":["post-737875","post","type-post","status-publish","format-standard","has-post-thumbnail","hentry","category-estado-de-mexico"],"_links":{"self":[{"href":"https:\/\/www.diarioimagen.net\/index.php?rest_route=\/wp\/v2\/posts\/737875","targetHints":{"allow":["GET"]}}],"collection":[{"href":"https:\/\/www.diarioimagen.net\/index.php?rest_route=\/wp\/v2\/posts"}],"about":[{"href":"https:\/\/www.diarioimagen.net\/index.php?rest_route=\/wp\/v2\/types\/post"}],"author":[{"embeddable":true,"href":"https:\/\/www.diarioimagen.net\/index.php?rest_route=\/wp\/v2\/users\/14"}],"replies":[{"embeddable":true,"href":"https:\/\/www.diarioimagen.net\/index.php?rest_route=%2Fwp%2Fv2%2Fcomments&post=737875"}],"version-history":[{"count":1,"href":"https:\/\/www.diarioimagen.net\/index.php?rest_route=\/wp\/v2\/posts\/737875\/revisions"}],"predecessor-version":[{"id":737877,"href":"https:\/\/www.diarioimagen.net\/index.php?rest_route=\/wp\/v2\/posts\/737875\/revisions\/737877"}],"wp:featuredmedia":[{"embeddable":true,"href":"https:\/\/www.diarioimagen.net\/index.php?rest_route=\/wp\/v2\/media\/737876"}],"wp:attachment":[{"href":"https:\/\/www.diarioimagen.net\/index.php?rest_route=%2Fwp%2Fv2%2Fmedia&parent=737875"}],"wp:term":[{"taxonomy":"category","embeddable":true,"href":"https:\/\/www.diarioimagen.net\/index.php?rest_route=%2Fwp%2Fv2%2Fcategories&post=737875"},{"taxonomy":"post_tag","embeddable":true,"href":"https:\/\/www.diarioimagen.net\/index.php?rest_route=%2Fwp%2Fv2%2Ftags&post=737875"}],"curies":[{"name":"wp","href":"https:\/\/api.w.org\/{rel}","templated":true}]}}