{"id":737878,"date":"2026-09-01T00:00:46","date_gmt":"2026-09-01T06:00:46","guid":{"rendered":"https:\/\/www.diarioimagen.net\/?p=737878"},"modified":"2026-08-31T17:39:45","modified_gmt":"2026-08-31T23:39:45","slug":"trabajadores-suteymistas-de-naucalpan-reciben-ropa-de-trabajo","status":"publish","type":"post","link":"https:\/\/www.diarioimagen.net\/?p=737878","title":{"rendered":"Trabajadores suteymistas de  Naucalpan reciben ropa de trabajo"},"content":{"rendered":"<ul>\n<li><strong>\u201cGobierno de territorio y no de escritorio\u201d<\/strong><\/li>\n<\/ul>\n<p><strong>\u00a0<\/strong><\/p>\n<div id=\"attachment_737879\" style=\"width: 301px\" class=\"wp-caption alignnone\"><img loading=\"lazy\" decoding=\"async\" aria-describedby=\"caption-attachment-737879\" class=\"wp-image-737879 size-large\" src=\"https:\/\/www.diarioimagen.net\/wp-content\/uploads\/2026\/08\/BAENA-2-ok-15-291x270.jpg\" alt=\"\" width=\"291\" height=\"270\" srcset=\"https:\/\/www.diarioimagen.net\/wp-content\/uploads\/2026\/08\/BAENA-2-ok-15-291x270.jpg 291w, https:\/\/www.diarioimagen.net\/wp-content\/uploads\/2026\/08\/BAENA-2-ok-15-240x222.jpg 240w, https:\/\/www.diarioimagen.net\/wp-content\/uploads\/2026\/08\/BAENA-2-ok-15-768x712.jpg 768w, https:\/\/www.diarioimagen.net\/wp-content\/uploads\/2026\/08\/BAENA-2-ok-15.jpg 1500w\" sizes=\"auto, (max-width: 291px) 100vw, 291px\" \/><p id=\"caption-attachment-737879\" class=\"wp-caption-text\">Tom\u00e1s Palomares Parra, l\u00edder de Suteym-Naucalpan, y el alcalde e Isaac Montoya M\u00e1rquez entrega de ropa de trabajo a los agremiados del SUTEyM.<\/p><\/div>\n<p>&nbsp;<\/p>\n<p>&nbsp;<\/p>\n<p>Por Arturo Baena<\/p>\n<p>&nbsp;<\/p>\n<p>Naucalpan, M\u00e9x.- El secretario general del SUTEyM Secci\u00f3n Naucalpan, Doctor en Derecho Tom\u00e1s Palomares Parra, y el gobierno municipal que encabeza el alcalde Isaac Montoya M\u00e1rquez realizaron de manera formal la entrega de ropa de trabajo a los agremiados de este sindicato bajo el programa\u00bb Gobierno de Territorio y no de escritorio\u201d.<\/p>\n<p>El objetivo de este acto es dignificar las condiciones laborales del personal operativo que atiende diariamente a las comunidades del municipio. El equipamiento otorgado a la base trabajadora abarca prendas de protecci\u00f3n, calzado especializado y accesorios para diferentes \u00e1reas.<\/p>\n<p>Se precis\u00f3 que el presente proyecto tiene como objetivo principal\u00a0 la recolecci\u00f3n de desechos urbanos, traslado, as\u00ed como tratamiento y disposici\u00f3n final de residuos s\u00f3lidos; luminarias y reparaci\u00f3n, calles, \u00e1reas verdes y recreativas, parques, jardines, su equipamiento, y mantenimiento de \u00e1rboles, entre otros servicios.<\/p>\n<p>Acompa\u00f1ado del asesor general Erick Palomares Parra y el comit\u00e9 seccional en pleno, el l\u00edder suteymista reconoci\u00f3 la entrega de ropa es\u00a0 una prestaci\u00f3n que los identifica como servidores p\u00fablicos sindicalizados de este municipio, adem\u00e1s de que es una herramienta que les permite desarrollar su trabajo de manera cotidiana, prestando un servicio a la sociedad que es a la que se deben.<\/p>\n<p>Por otro lado, dijo que la credencial los hace parte de la organizaci\u00f3n a la que orgullosamente pertenecen que es el SUTEyM.\u00a0 Tom\u00e1s Palomares agradeci\u00f3 al secretario estatal, Herminio Cahue Calder\u00f3n, el arduo trabajo que desarrolla frente al SUTEyM y comoello muestra el esfuerzo encaminado a credencializar a toda la base de servidores p\u00fablicos.<\/p>\n<p>Tom\u00e1s Palomares, agradeci\u00f3 al alcalde,Isaac Montoya, la entrega de esta prestaci\u00f3n, y cumplirle a la clase trabajadora.<\/p>\n<p>\u201cPresidente, ten la seguridad de que cada prestaci\u00f3n otorgada a mis compa\u00f1eros sindicalizados es aprovechada de la mejor manera, en este caso, la ropa, la cual servir\u00e1 para complementar los servicios que se prestan a la comunidad, y que estoy cierto, contribuyen a la construcci\u00f3n de la Ciudad, Naucalpan\u201d, concluy\u00f3.<\/p>\n<p>&nbsp;<\/p>\n<p>&nbsp;<\/p>\n<p>&nbsp;<\/p>\n","protected":false},"excerpt":{"rendered":"<p>\u201cGobierno de territorio y no de escritorio\u201d \u00a0 &nbsp; &nbsp; Por Arturo Baena &nbsp; Naucalpan, M\u00e9x.- El secretario general del SUTEyM Secci\u00f3n Naucalpan, Doctor en Derecho Tom\u00e1s Palomares Parra, y el gobierno municipal que encabeza el alcalde Isaac Montoya M\u00e1rquez realizaron de manera formal la entrega de ropa de trabajo a los agremiados de este [&hellip;]<\/p>\n","protected":false},"author":14,"featured_media":737879,"comment_status":"open","ping_status":"open","sticky":false,"template":"","format":"standard","meta":{"_monsterinsights_skip_tracking":false,"footnotes":""},"categories":[5],"tags":[],"class_list":["post-737878","post","type-post","status-publish","format-standard","has-post-thumbnail","hentry","category-estado-de-mexico"],"_links":{"self":[{"href":"https:\/\/www.diarioimagen.net\/index.php?rest_route=\/wp\/v2\/posts\/737878","targetHints":{"allow":["GET"]}}],"collection":[{"href":"https:\/\/www.diarioimagen.net\/index.php?rest_route=\/wp\/v2\/posts"}],"about":[{"href":"https:\/\/www.diarioimagen.net\/index.php?rest_route=\/wp\/v2\/types\/post"}],"author":[{"embeddable":true,"href":"https:\/\/www.diarioimagen.net\/index.php?rest_route=\/wp\/v2\/users\/14"}],"replies":[{"embeddable":true,"href":"https:\/\/www.diarioimagen.net\/index.php?rest_route=%2Fwp%2Fv2%2Fcomments&post=737878"}],"version-history":[{"count":1,"href":"https:\/\/www.diarioimagen.net\/index.php?rest_route=\/wp\/v2\/posts\/737878\/revisions"}],"predecessor-version":[{"id":737880,"href":"https:\/\/www.diarioimagen.net\/index.php?rest_route=\/wp\/v2\/posts\/737878\/revisions\/737880"}],"wp:featuredmedia":[{"embeddable":true,"href":"https:\/\/www.diarioimagen.net\/index.php?rest_route=\/wp\/v2\/media\/737879"}],"wp:attachment":[{"href":"https:\/\/www.diarioimagen.net\/index.php?rest_route=%2Fwp%2Fv2%2Fmedia&parent=737878"}],"wp:term":[{"taxonomy":"category","embeddable":true,"href":"https:\/\/www.diarioimagen.net\/index.php?rest_route=%2Fwp%2Fv2%2Fcategories&post=737878"},{"taxonomy":"post_tag","embeddable":true,"href":"https:\/\/www.diarioimagen.net\/index.php?rest_route=%2Fwp%2Fv2%2Ftags&post=737878"}],"curies":[{"name":"wp","href":"https:\/\/api.w.org\/{rel}","templated":true}]}}