{"id":737881,"date":"2026-08-31T17:42:33","date_gmt":"2026-08-31T23:42:33","guid":{"rendered":"https:\/\/www.diarioimagen.net\/?p=737881"},"modified":"2026-08-31T17:42:33","modified_gmt":"2026-08-31T23:42:33","slug":"pumas-de-la-fes-acatlan-estan-listos-para-temporada-de-liga-mayor-2026","status":"publish","type":"post","link":"https:\/\/www.diarioimagen.net\/?p=737881","title":{"rendered":"Pumas de la FES Acatl\u00e1n est\u00e1n listos  para temporada de Liga Mayor 2026"},"content":{"rendered":"<ul>\n<li><strong>Presentaci\u00f3n de los felinos<\/strong><\/li>\n<\/ul>\n<p><strong>\u00a0<\/strong><\/p>\n<div id=\"attachment_737882\" style=\"width: 370px\" class=\"wp-caption alignnone\"><img loading=\"lazy\" decoding=\"async\" aria-describedby=\"caption-attachment-737882\" class=\"wp-image-737882 size-large\" src=\"https:\/\/www.diarioimagen.net\/wp-content\/uploads\/2026\/08\/BAENA-3-360x270.jpg\" alt=\"\" width=\"360\" height=\"270\" srcset=\"https:\/\/www.diarioimagen.net\/wp-content\/uploads\/2026\/08\/BAENA-3-360x270.jpg 360w, https:\/\/www.diarioimagen.net\/wp-content\/uploads\/2026\/08\/BAENA-3-240x180.jpg 240w, https:\/\/www.diarioimagen.net\/wp-content\/uploads\/2026\/08\/BAENA-3-768x576.jpg 768w, https:\/\/www.diarioimagen.net\/wp-content\/uploads\/2026\/08\/BAENA-3-1536x1152.jpg 1536w, https:\/\/www.diarioimagen.net\/wp-content\/uploads\/2026\/08\/BAENA-3.jpg 1600w\" sizes=\"auto, (max-width: 360px) 100vw, 360px\" \/><p id=\"caption-attachment-737882\" class=\"wp-caption-text\">El equipo Pumas de la FES Acatl\u00e1m arrancar\u00e1 de manera oficial su aventura en la temporada regular el pr\u00f3ximo s\u00e1bado 5 de septiembre contra B\u00fahos.<\/p><\/div>\n<p>Por Egl\u00e9 Lanz<\/p>\n<p>&nbsp;<\/p>\n<p>Naucalpan, M\u00e9x.- Los Pumas de la FES Acatl\u00e1n est\u00e1n completamente listos para rugir con fuerza y dejar el alma en el emparrillado. La emoci\u00f3n de la comunidad acatleca est\u00e1 a tope para el arranque de la temporada de Liga Mayor 2026 de la Onefa.<\/p>\n<p>&nbsp;<\/p>\n<p>Ante la presentaci\u00f3n a medios de comunicaci\u00f3n de los felinos, el lema de orgullo universitario, la escuadra auriazul ha cerrado filas tras una intensa pretemporada. El equipo arrancar\u00e1 de manera oficial su aventura en la temporada regular el pr\u00f3ximo s\u00e1bado 5 de septiembre enfrentando a los B\u00fahos.<\/p>\n<p>&nbsp;<\/p>\n<p>En el auditorio \u00abJavier Barros Sierra\u00bb, el equipo de f\u00fatbol americano de los Pumas FES Acatl\u00e1n realiz\u00f3 de manera oficial la presentaci\u00f3n de su staff de coacheo y su plantel con miras a encarar la temporada 2026 de la Liga Mayor de la Onefa.<\/p>\n<p>&nbsp;<\/p>\n<p>Tras su descenso de los 14 grandes en la campa\u00f1a anterior, la escuadra acatleca se reestructura para competir con garra en la Conferencia Nacional con el compromiso de volver a los planos m\u00e1s altos del futbol americano estudiantil en M\u00e9xico.<\/p>\n<p>&nbsp;<\/p>\n<p>Acompa\u00f1ados de familiares y amigos, los jugadores en voz del jugador con el jersey n\u00famero 34 se comprometieron a dar lo mejor de s\u00ed para regresar a los 14 grandes en esta temporada.<\/p>\n<p>&nbsp;<\/p>\n<p>&nbsp;<\/p>\n<p>&nbsp;<\/p>\n<p>&nbsp;<\/p>\n","protected":false},"excerpt":{"rendered":"<p>Presentaci\u00f3n de los felinos \u00a0 Por Egl\u00e9 Lanz &nbsp; Naucalpan, M\u00e9x.- Los Pumas de la FES Acatl\u00e1n est\u00e1n completamente listos para rugir con fuerza y dejar el alma en el emparrillado. La emoci\u00f3n de la comunidad acatleca est\u00e1 a tope para el arranque de la temporada de Liga Mayor 2026 de la Onefa. &nbsp; Ante [&hellip;]<\/p>\n","protected":false},"author":14,"featured_media":737882,"comment_status":"open","ping_status":"open","sticky":false,"template":"","format":"standard","meta":{"_monsterinsights_skip_tracking":false,"footnotes":""},"categories":[5],"tags":[],"class_list":["post-737881","post","type-post","status-publish","format-standard","has-post-thumbnail","hentry","category-estado-de-mexico"],"_links":{"self":[{"href":"https:\/\/www.diarioimagen.net\/index.php?rest_route=\/wp\/v2\/posts\/737881","targetHints":{"allow":["GET"]}}],"collection":[{"href":"https:\/\/www.diarioimagen.net\/index.php?rest_route=\/wp\/v2\/posts"}],"about":[{"href":"https:\/\/www.diarioimagen.net\/index.php?rest_route=\/wp\/v2\/types\/post"}],"author":[{"embeddable":true,"href":"https:\/\/www.diarioimagen.net\/index.php?rest_route=\/wp\/v2\/users\/14"}],"replies":[{"embeddable":true,"href":"https:\/\/www.diarioimagen.net\/index.php?rest_route=%2Fwp%2Fv2%2Fcomments&post=737881"}],"version-history":[{"count":1,"href":"https:\/\/www.diarioimagen.net\/index.php?rest_route=\/wp\/v2\/posts\/737881\/revisions"}],"predecessor-version":[{"id":737883,"href":"https:\/\/www.diarioimagen.net\/index.php?rest_route=\/wp\/v2\/posts\/737881\/revisions\/737883"}],"wp:featuredmedia":[{"embeddable":true,"href":"https:\/\/www.diarioimagen.net\/index.php?rest_route=\/wp\/v2\/media\/737882"}],"wp:attachment":[{"href":"https:\/\/www.diarioimagen.net\/index.php?rest_route=%2Fwp%2Fv2%2Fmedia&parent=737881"}],"wp:term":[{"taxonomy":"category","embeddable":true,"href":"https:\/\/www.diarioimagen.net\/index.php?rest_route=%2Fwp%2Fv2%2Fcategories&post=737881"},{"taxonomy":"post_tag","embeddable":true,"href":"https:\/\/www.diarioimagen.net\/index.php?rest_route=%2Fwp%2Fv2%2Ftags&post=737881"}],"curies":[{"name":"wp","href":"https:\/\/api.w.org\/{rel}","templated":true}]}}