{"id":737884,"date":"2026-09-01T00:00:19","date_gmt":"2026-09-01T06:00:19","guid":{"rendered":"https:\/\/www.diarioimagen.net\/?p=737884"},"modified":"2026-08-31T17:44:19","modified_gmt":"2026-08-31T23:44:19","slug":"festeja-gobierno-de-naucalpan-a-los-papas-con-rifa-de-vehiculos","status":"publish","type":"post","link":"https:\/\/www.diarioimagen.net\/?p=737884","title":{"rendered":"Festeja gobierno de Naucalpan a los pap\u00e1s con rifa de veh\u00edculos"},"content":{"rendered":"<div id=\"attachment_737885\" style=\"width: 380px\" class=\"wp-caption alignnone\"><img loading=\"lazy\" decoding=\"async\" aria-describedby=\"caption-attachment-737885\" class=\"wp-image-737885 size-large\" src=\"https:\/\/www.diarioimagen.net\/wp-content\/uploads\/2026\/08\/BAENA-4-ok-14-370x270.jpg\" alt=\"\" width=\"370\" height=\"270\" srcset=\"https:\/\/www.diarioimagen.net\/wp-content\/uploads\/2026\/08\/BAENA-4-ok-14-370x270.jpg 370w, https:\/\/www.diarioimagen.net\/wp-content\/uploads\/2026\/08\/BAENA-4-ok-14-240x175.jpg 240w, https:\/\/www.diarioimagen.net\/wp-content\/uploads\/2026\/08\/BAENA-4-ok-14-768x560.jpg 768w, https:\/\/www.diarioimagen.net\/wp-content\/uploads\/2026\/08\/BAENA-4-ok-14-90x65.jpg 90w, https:\/\/www.diarioimagen.net\/wp-content\/uploads\/2026\/08\/BAENA-4-ok-14.jpg 1500w\" sizes=\"auto, (max-width: 370px) 100vw, 370px\" \/><p id=\"caption-attachment-737885\" class=\"wp-caption-text\">Festeja gobierno de Naucalpan a los pap\u00e1s con rifa de veh\u00edculos<\/p><\/div>\n<p>Naucalpan, M\u00e9x.- Ante m\u00e1s de 5 mil naucalpenses, se llev\u00f3 a cabo el evento \u201cUn Impulso para Pap\u00e1\u201d, en el que se reconoci\u00f3 el esfuerzo, dedicaci\u00f3n y responsabilidad de los padres de familia con la rifa de dos autom\u00f3viles y una camioneta, adem\u00e1s de 10 pantallas. El festejo fue encabezado por el alcalde Isaac Montoya y la presidenta del DIF, Adriana G. Escobar, quienes destacaron la importancia de reconocer a los padres que todos los d\u00edas trabajan y se esfuerzan por sacar adelante a sus familias.<\/p>\n","protected":false},"excerpt":{"rendered":"<p>Naucalpan, M\u00e9x.- Ante m\u00e1s de 5 mil naucalpenses, se llev\u00f3 a cabo el evento \u201cUn Impulso para Pap\u00e1\u201d, en el que se reconoci\u00f3 el esfuerzo, dedicaci\u00f3n y responsabilidad de los padres de familia con la rifa de dos autom\u00f3viles y una camioneta, adem\u00e1s de 10 pantallas. El festejo fue encabezado por el alcalde Isaac Montoya [&hellip;]<\/p>\n","protected":false},"author":14,"featured_media":737885,"comment_status":"open","ping_status":"open","sticky":false,"template":"","format":"standard","meta":{"_monsterinsights_skip_tracking":false,"footnotes":""},"categories":[5],"tags":[],"class_list":["post-737884","post","type-post","status-publish","format-standard","has-post-thumbnail","hentry","category-estado-de-mexico"],"_links":{"self":[{"href":"https:\/\/www.diarioimagen.net\/index.php?rest_route=\/wp\/v2\/posts\/737884","targetHints":{"allow":["GET"]}}],"collection":[{"href":"https:\/\/www.diarioimagen.net\/index.php?rest_route=\/wp\/v2\/posts"}],"about":[{"href":"https:\/\/www.diarioimagen.net\/index.php?rest_route=\/wp\/v2\/types\/post"}],"author":[{"embeddable":true,"href":"https:\/\/www.diarioimagen.net\/index.php?rest_route=\/wp\/v2\/users\/14"}],"replies":[{"embeddable":true,"href":"https:\/\/www.diarioimagen.net\/index.php?rest_route=%2Fwp%2Fv2%2Fcomments&post=737884"}],"version-history":[{"count":1,"href":"https:\/\/www.diarioimagen.net\/index.php?rest_route=\/wp\/v2\/posts\/737884\/revisions"}],"predecessor-version":[{"id":737886,"href":"https:\/\/www.diarioimagen.net\/index.php?rest_route=\/wp\/v2\/posts\/737884\/revisions\/737886"}],"wp:featuredmedia":[{"embeddable":true,"href":"https:\/\/www.diarioimagen.net\/index.php?rest_route=\/wp\/v2\/media\/737885"}],"wp:attachment":[{"href":"https:\/\/www.diarioimagen.net\/index.php?rest_route=%2Fwp%2Fv2%2Fmedia&parent=737884"}],"wp:term":[{"taxonomy":"category","embeddable":true,"href":"https:\/\/www.diarioimagen.net\/index.php?rest_route=%2Fwp%2Fv2%2Fcategories&post=737884"},{"taxonomy":"post_tag","embeddable":true,"href":"https:\/\/www.diarioimagen.net\/index.php?rest_route=%2Fwp%2Fv2%2Ftags&post=737884"}],"curies":[{"name":"wp","href":"https:\/\/api.w.org\/{rel}","templated":true}]}}