{"id":737896,"date":"2026-09-01T00:00:08","date_gmt":"2026-09-01T06:00:08","guid":{"rendered":"https:\/\/www.diarioimagen.net\/?p=737896"},"modified":"2026-08-31T17:55:06","modified_gmt":"2026-08-31T23:55:06","slug":"regreso-seguro-a-clases-de-mas-de-4-2-millones-de-estudiantes-mexiquenses","status":"publish","type":"post","link":"https:\/\/www.diarioimagen.net\/?p=737896","title":{"rendered":"Regreso seguro a clases de m\u00e1s de  4.2 millones de estudiantes mexiquenses"},"content":{"rendered":"<p>&nbsp;<\/p>\n<ul>\n<li><strong>Despliegue de seguridad <\/strong><\/li>\n<li><strong>Mil 378 elementos y 413 unidades realizan patrullajes y cortes viales para proteger a las comunidades escolares<\/strong><\/li>\n<\/ul>\n<div id=\"attachment_737897\" style=\"width: 415px\" class=\"wp-caption alignnone\"><img loading=\"lazy\" decoding=\"async\" aria-describedby=\"caption-attachment-737897\" class=\"wp-image-737897 size-large\" src=\"https:\/\/www.diarioimagen.net\/wp-content\/uploads\/2026\/08\/EDOMEX-1-ok-9-405x270.jpg\" alt=\"\" width=\"405\" height=\"270\" srcset=\"https:\/\/www.diarioimagen.net\/wp-content\/uploads\/2026\/08\/EDOMEX-1-ok-9-405x270.jpg 405w, https:\/\/www.diarioimagen.net\/wp-content\/uploads\/2026\/08\/EDOMEX-1-ok-9-240x160.jpg 240w, https:\/\/www.diarioimagen.net\/wp-content\/uploads\/2026\/08\/EDOMEX-1-ok-9-768x512.jpg 768w, https:\/\/www.diarioimagen.net\/wp-content\/uploads\/2026\/08\/EDOMEX-1-ok-9.jpg 1500w\" sizes=\"auto, (max-width: 405px) 100vw, 405px\" \/><p id=\"caption-attachment-737897\" class=\"wp-caption-text\">Bajo un operativo de seguridad dispuesto por el gobierno de Delfina G\u00f3mez \u00c1lvarez, regresaron a las 4.2 millones de estudiantes mexiquenses.<\/p><\/div>\n<p>&nbsp;<\/p>\n<p>&nbsp;<\/p>\n<p>Toluca, Estado de M\u00e9xico.- M\u00e1s de 4.2 millones de estudiantes regresaron este lunes a las aulas de 24 mil 972 escuelas del Estado de M\u00e9xico para iniciar el Ciclo Escolar 2026-2027, bajo un operativo de seguridad dispuesto por el Gobierno de la Maestra Delfina G\u00f3mez \u00c1lvarez para proteger a estudiantes, a 259 mil 595 docentes, madres y padres de familia.<\/p>\n<p>La gobernadora Delfina G\u00f3mez encabez\u00f3 desde la Escuela Primaria \u201cCuauht\u00e9moc\u201d, en Xalatlaco, este regreso a las aulas. Desde las 6:00 horas, la Secretar\u00eda de Seguridad del Estado de M\u00e9xico despleg\u00f3 mil 378 elementos y 413 unidades para realizar patrullajes preventivos, vigilancia y cortes viales en las inmediaciones de los planteles educativos.<\/p>\n<p>El dispositivo cuenta adem\u00e1s con el apoyo de 20 mil c\u00e1maras de videovigilancia, operadas a trav\u00e9s de los Centros de Control, Comando, Comunicaci\u00f3n, C\u00f3mputo y Calidad (C5) de Toluca y Ecatepec; as\u00ed como 25 binomios caninos para tareas de inspecci\u00f3n y prevenci\u00f3n en las periferias escolares y 25 binomios equinos para la vigilancia en zonas de dif\u00edcil acceso.<\/p>\n<p>A estas acciones se suma el programa Mochila de Paz, que continuar\u00e1 durante el Ciclo Escolar 2026-2027 como parte de las medidas preventivas para procurar entornos escolares seguros y favorecer el bienestar de las comunidades educativas.<\/p>\n<p>&nbsp;<\/p>\n<p>&nbsp;<\/p>\n<p>&nbsp;<\/p>\n","protected":false},"excerpt":{"rendered":"<p>&nbsp; Despliegue de seguridad Mil 378 elementos y 413 unidades realizan patrullajes y cortes viales para proteger a las comunidades escolares &nbsp; &nbsp; Toluca, Estado de M\u00e9xico.- M\u00e1s de 4.2 millones de estudiantes regresaron este lunes a las aulas de 24 mil 972 escuelas del Estado de M\u00e9xico para iniciar el Ciclo Escolar 2026-2027, bajo [&hellip;]<\/p>\n","protected":false},"author":14,"featured_media":737897,"comment_status":"open","ping_status":"open","sticky":false,"template":"","format":"standard","meta":{"_monsterinsights_skip_tracking":false,"footnotes":""},"categories":[16,5],"tags":[],"class_list":["post-737896","post","type-post","status-publish","format-standard","has-post-thumbnail","hentry","category-destacadas","category-estado-de-mexico"],"_links":{"self":[{"href":"https:\/\/www.diarioimagen.net\/index.php?rest_route=\/wp\/v2\/posts\/737896","targetHints":{"allow":["GET"]}}],"collection":[{"href":"https:\/\/www.diarioimagen.net\/index.php?rest_route=\/wp\/v2\/posts"}],"about":[{"href":"https:\/\/www.diarioimagen.net\/index.php?rest_route=\/wp\/v2\/types\/post"}],"author":[{"embeddable":true,"href":"https:\/\/www.diarioimagen.net\/index.php?rest_route=\/wp\/v2\/users\/14"}],"replies":[{"embeddable":true,"href":"https:\/\/www.diarioimagen.net\/index.php?rest_route=%2Fwp%2Fv2%2Fcomments&post=737896"}],"version-history":[{"count":1,"href":"https:\/\/www.diarioimagen.net\/index.php?rest_route=\/wp\/v2\/posts\/737896\/revisions"}],"predecessor-version":[{"id":737898,"href":"https:\/\/www.diarioimagen.net\/index.php?rest_route=\/wp\/v2\/posts\/737896\/revisions\/737898"}],"wp:featuredmedia":[{"embeddable":true,"href":"https:\/\/www.diarioimagen.net\/index.php?rest_route=\/wp\/v2\/media\/737897"}],"wp:attachment":[{"href":"https:\/\/www.diarioimagen.net\/index.php?rest_route=%2Fwp%2Fv2%2Fmedia&parent=737896"}],"wp:term":[{"taxonomy":"category","embeddable":true,"href":"https:\/\/www.diarioimagen.net\/index.php?rest_route=%2Fwp%2Fv2%2Fcategories&post=737896"},{"taxonomy":"post_tag","embeddable":true,"href":"https:\/\/www.diarioimagen.net\/index.php?rest_route=%2Fwp%2Fv2%2Ftags&post=737896"}],"curies":[{"name":"wp","href":"https:\/\/api.w.org\/{rel}","templated":true}]}}