{"id":737899,"date":"2026-09-01T00:00:07","date_gmt":"2026-09-01T06:00:07","guid":{"rendered":"https:\/\/www.diarioimagen.net\/?p=737899"},"modified":"2026-08-31T17:56:27","modified_gmt":"2026-08-31T23:56:27","slug":"busqueda-de-personas-con-drones-y-georradares-y-camaras-acuaticas","status":"publish","type":"post","link":"https:\/\/www.diarioimagen.net\/?p=737899","title":{"rendered":"B\u00fasqueda de personas con drones y georradares y c\u00e1maras acu\u00e1ticas"},"content":{"rendered":"<ul>\n<li><strong>Apoyo del gobierno del Edomex<\/strong><\/li>\n<\/ul>\n<p><strong>\u00a0<\/strong><\/p>\n<div id=\"attachment_737900\" style=\"width: 415px\" class=\"wp-caption alignnone\"><img loading=\"lazy\" decoding=\"async\" aria-describedby=\"caption-attachment-737900\" class=\"wp-image-737900 size-large\" src=\"https:\/\/www.diarioimagen.net\/wp-content\/uploads\/2026\/08\/EDOMEX-2-ok-6-405x270.jpg\" alt=\"\" width=\"405\" height=\"270\" srcset=\"https:\/\/www.diarioimagen.net\/wp-content\/uploads\/2026\/08\/EDOMEX-2-ok-6-405x270.jpg 405w, https:\/\/www.diarioimagen.net\/wp-content\/uploads\/2026\/08\/EDOMEX-2-ok-6-240x160.jpg 240w, https:\/\/www.diarioimagen.net\/wp-content\/uploads\/2026\/08\/EDOMEX-2-ok-6-768x511.jpg 768w, https:\/\/www.diarioimagen.net\/wp-content\/uploads\/2026\/08\/EDOMEX-2-ok-6.jpg 1500w\" sizes=\"auto, (max-width: 405px) 100vw, 405px\" \/><p id=\"caption-attachment-737900\" class=\"wp-caption-text\">El gobierno del Estado de M\u00e9xico incorpora herramientas tecnol\u00f3gicas a las labores de la Comisi\u00f3n de B\u00fasqueda de Personas del Estado de M\u00e9xico para ayudar a la localizaci\u00f3n de personas.<\/p><\/div>\n<p><strong>\u00a0<\/strong><\/p>\n<p>Toluca, Estado de M\u00e9xico.- En el marco del D\u00eda Internacional de las V\u00edctimas de Desapariciones Forzadas, el Gobierno del Estado de M\u00e9xico, encabezado por la Maestra Delfina G\u00f3mez \u00c1lvarez, incorpora herramientas tecnol\u00f3gicas a las labores de la Comisi\u00f3n de B\u00fasqueda de Personas del Estado de M\u00e9xico (COBUPEM) para ayudar a la localizaci\u00f3n de personas.<\/p>\n<p>La COBUPEM, adscrita a la Consejer\u00eda Jur\u00eddica, utiliza herramientas de geolocalizaci\u00f3n, mapeo, georreferenciaci\u00f3n y an\u00e1lisis de s\u00e1banas de llamadas para generar insumos metodol\u00f3gicos que orientan las acciones de b\u00fasqueda en campo.<\/p>\n<p>Adem\u00e1s, cuenta con equipo especializado como drones, georradares y c\u00e1maras acu\u00e1ticas, que permite ampliar la cobertura y obtener informaci\u00f3n en zonas de dif\u00edcil acceso.<\/p>\n<p>\u201cTodas las herramientas tecnol\u00f3gicas son un complemento, un complemento importante al acompa\u00f1amiento con las familias y beneficia en que nos permite dar mejor resultados, por ejemplo, un dron permite visibilizar de manera a\u00e9rea toda la zona y poder descartar alg\u00fan punto o alg\u00fan indicio. Tambi\u00e9n le da tranquilidad a las familias de que un punto se descarta en su completitud\u201d, destac\u00f3 Avelino Blanco Guido, titular de la COBUPEM.<\/p>\n<p>La Comisi\u00f3n tambi\u00e9n mantiene coordinaci\u00f3n con instituciones especializadas mediante convenios que permiten mejorar las labores de localizaci\u00f3n e identificaci\u00f3n de personas, con enfoque humanitario y respeto a los derechos humanos de las v\u00edctimas y sus familiares.<\/p>\n<p>&nbsp;<\/p>\n<p>Durante 2026, la COBUPEM ha suscrito acuerdos con el Equipo Argentino de Antropolog\u00eda Forense, la Protectora de Bosques del Estado de M\u00e9xico (Probosque) y la Comisi\u00f3n de Derechos Humanos del Estado de M\u00e9xico (CODHEM). Estos instrumentos contemplan acciones para la identificaci\u00f3n de personas migrantes, el mapeo de zonas boscosas, la difusi\u00f3n de fichas de b\u00fasqueda y la capacitaci\u00f3n de personal.<\/p>\n<p>Blanco Guido se\u00f1al\u00f3 que el Gobierno del Estado de M\u00e9xico mantiene el compromiso de acompa\u00f1ar de manera permanente y cercana a las familias de personas desaparecidas. Agreg\u00f3 que el D\u00eda Internacional de las V\u00edctimas de Desapariciones Forzadas \u201csirve como un recordatorio para entender el fen\u00f3meno de la desaparici\u00f3n, sirve para la sociedad en general, para que tambi\u00e9n participe, se integre, forme parte de la difusi\u00f3n de fichas y de la b\u00fasqueda\u201d.<\/p>\n<p>&nbsp;<\/p>\n<p>&nbsp;<\/p>\n<p>&nbsp;<\/p>\n<p>&nbsp;<\/p>\n","protected":false},"excerpt":{"rendered":"<p>Apoyo del gobierno del Edomex \u00a0 \u00a0 Toluca, Estado de M\u00e9xico.- En el marco del D\u00eda Internacional de las V\u00edctimas de Desapariciones Forzadas, el Gobierno del Estado de M\u00e9xico, encabezado por la Maestra Delfina G\u00f3mez \u00c1lvarez, incorpora herramientas tecnol\u00f3gicas a las labores de la Comisi\u00f3n de B\u00fasqueda de Personas del Estado de M\u00e9xico (COBUPEM) para [&hellip;]<\/p>\n","protected":false},"author":14,"featured_media":737900,"comment_status":"open","ping_status":"open","sticky":false,"template":"","format":"standard","meta":{"_monsterinsights_skip_tracking":false,"footnotes":""},"categories":[5],"tags":[],"class_list":["post-737899","post","type-post","status-publish","format-standard","has-post-thumbnail","hentry","category-estado-de-mexico"],"_links":{"self":[{"href":"https:\/\/www.diarioimagen.net\/index.php?rest_route=\/wp\/v2\/posts\/737899","targetHints":{"allow":["GET"]}}],"collection":[{"href":"https:\/\/www.diarioimagen.net\/index.php?rest_route=\/wp\/v2\/posts"}],"about":[{"href":"https:\/\/www.diarioimagen.net\/index.php?rest_route=\/wp\/v2\/types\/post"}],"author":[{"embeddable":true,"href":"https:\/\/www.diarioimagen.net\/index.php?rest_route=\/wp\/v2\/users\/14"}],"replies":[{"embeddable":true,"href":"https:\/\/www.diarioimagen.net\/index.php?rest_route=%2Fwp%2Fv2%2Fcomments&post=737899"}],"version-history":[{"count":1,"href":"https:\/\/www.diarioimagen.net\/index.php?rest_route=\/wp\/v2\/posts\/737899\/revisions"}],"predecessor-version":[{"id":737901,"href":"https:\/\/www.diarioimagen.net\/index.php?rest_route=\/wp\/v2\/posts\/737899\/revisions\/737901"}],"wp:featuredmedia":[{"embeddable":true,"href":"https:\/\/www.diarioimagen.net\/index.php?rest_route=\/wp\/v2\/media\/737900"}],"wp:attachment":[{"href":"https:\/\/www.diarioimagen.net\/index.php?rest_route=%2Fwp%2Fv2%2Fmedia&parent=737899"}],"wp:term":[{"taxonomy":"category","embeddable":true,"href":"https:\/\/www.diarioimagen.net\/index.php?rest_route=%2Fwp%2Fv2%2Fcategories&post=737899"},{"taxonomy":"post_tag","embeddable":true,"href":"https:\/\/www.diarioimagen.net\/index.php?rest_route=%2Fwp%2Fv2%2Ftags&post=737899"}],"curies":[{"name":"wp","href":"https:\/\/api.w.org\/{rel}","templated":true}]}}