{"id":737906,"date":"2026-09-01T00:00:47","date_gmt":"2026-09-01T06:00:47","guid":{"rendered":"https:\/\/www.diarioimagen.net\/?p=737906"},"modified":"2026-08-31T17:58:55","modified_gmt":"2026-08-31T23:58:55","slug":"gala-montes-asume-el-protagonismo-en-malinche-el-musical","status":"publish","type":"post","link":"https:\/\/www.diarioimagen.net\/?p=737906","title":{"rendered":"Gala Montes asume el protagonismo en \u201cMalinche: El Musical\u201d"},"content":{"rendered":"<ul>\n<li><strong>Trabaj\u00f3 en Espa\u00f1a junto a Nacho Cano en el espect\u00e1culo Ibiza Paradise<\/strong><\/li>\n<li><strong>El primer encuentro de Gala Montes con el p\u00fablico de Malinche ocurri\u00f3 durante el fin de semana del 24 y 25 de enero<\/strong><\/li>\n<\/ul>\n<div id=\"attachment_737907\" style=\"width: 213px\" class=\"wp-caption alignnone\"><img loading=\"lazy\" decoding=\"async\" aria-describedby=\"caption-attachment-737907\" class=\"wp-image-737907 size-large\" src=\"https:\/\/www.diarioimagen.net\/wp-content\/uploads\/2026\/08\/GALA-01-203x270.jpeg\" alt=\"\" width=\"203\" height=\"270\" srcset=\"https:\/\/www.diarioimagen.net\/wp-content\/uploads\/2026\/08\/GALA-01-203x270.jpeg 203w, https:\/\/www.diarioimagen.net\/wp-content\/uploads\/2026\/08\/GALA-01-180x240.jpeg 180w, https:\/\/www.diarioimagen.net\/wp-content\/uploads\/2026\/08\/GALA-01-768x1024.jpeg 768w, https:\/\/www.diarioimagen.net\/wp-content\/uploads\/2026\/08\/GALA-01-1152x1536.jpeg 1152w, https:\/\/www.diarioimagen.net\/wp-content\/uploads\/2026\/08\/GALA-01-1536x2048.jpeg 1536w, https:\/\/www.diarioimagen.net\/wp-content\/uploads\/2026\/08\/GALA-01.jpeg 1890w\" sizes=\"auto, (max-width: 203px) 100vw, 203px\" \/><p id=\"caption-attachment-737907\" class=\"wp-caption-text\">Marca un hito en su una carrera que comenz\u00f3 hace dos d\u00e9cadas en los sets de televisi\u00f3n y que hoy se extiende con \u00e9xito hacia la m\u00fasica<\/p><\/div>\n<p><em>Por: Asael Grande<\/em><\/p>\n<p>La actriz y cantante mexicana Gala Montes se ha consolidado como la nueva gran estrella de <em>Malinche: El Musical<\/em>, la ambiciosa producci\u00f3n teatral escrita y dirigida por el reconocido m\u00fasico espa\u00f1ol Nacho Cano. Tras una serie de exitosas presentaciones especiales, la artista mexicana se integra formalmente al elenco de la obra que se presenta en el Front\u00f3n M\u00e9xico.<\/p>\n<p>El v\u00ednculo entre la mexicana y el exintegrante de Mecano naci\u00f3 tras colaborar juntos en Espa\u00f1a dentro del espect\u00e1culo <em>Ibiza Paradise<\/em>. El impacto de su talento vocal fue tal que Cano no dud\u00f3 en invitarla a formar parte de su puesta en escena, sellando adem\u00e1s su complicidad art\u00edstica con el lanzamiento en plataformas digitales de una nueva versi\u00f3n del cl\u00e1sico tema \u201cMujer contra mujer\u201d.<\/p>\n<p>\u201c<em>Me toca hacer pareja con Javier Mota, en \u2018Malinche, El Musical\u2019, \u00e9l es espa\u00f1ol, y yo soy cien por ciento mexicana, \u00e9l me ha estado marcando los ensayos, y preparar todo lo que va a venir, ser\u00e1 algo incre\u00edble, vamos a estrenar el 22 de septiembre; yo, a veces me siento muy Malinche, porque yo soy mexicana, a veces siento que aqu\u00ed me han dado la espalda aqu\u00ed, entonces, para m\u00ed el que llegue este papel a mis manos es una gran responsabilidad, pero siento que llega en un momento, tanto personal, como art\u00edstico, en el que puedo enfrentarlo y puedo enfrentarlo, estoy muy agradecida con Nacho Cano, porque desde que vine aqu\u00ed a cantar \u2018Mujer contra Mujer\u2019, \u00e9l me abri\u00f3 las puertas, y aparte, no me dio la espalda, \u00e9l me dijo, -\u2018t\u00fa s\u00ed puedes, y puedes ser Malinche\u2019-, y estamos a punto de estrenar, es una realidad<\/em>\u201d, coment\u00f3 Gala Montes, en conferencia de prensa.<\/p>\n<p>El primer encuentro de Gala Montes con el p\u00fablico de <em>Malinche<\/em> ocurri\u00f3 durante el fin de semana del 24 y 25 de enero en el recinto de la colonia Tabacalera. En estas funciones de gala, la actriz dio vida a Catalina, la madre de la protagonista, un rol breve, pero de alta carga dram\u00e1tica centrado en el desgarrador momento en que es separada de su hija.<\/p>\n<p>Sin embargo, lo que inici\u00f3 como una participaci\u00f3n especial evolucion\u00f3 r\u00e1pidamente. Los productores confirmaron que, tras este exitoso debut y un intenso periodo de preparaci\u00f3n, Gala Montes asumir\u00e1 de manera definitiva el papel principal de la Malinche a partir de 22 de septiembre pr\u00f3ximo, convirti\u00e9ndose en el eje central de esta historia que fusiona historia, danza y rock: \u201c<em>en \u2018Malinche: El Musical\u2019, te meten en el mundo de los aztecas, la Gran Tenochtitl\u00e1n, me identifico mucho con La Malinche, Nacho Cano tiene ese compromiso de enaltecer a M\u00e9xico, es alguien que apoya mucho a las mujeres, es como un gran ejemplo; La Malinche fue de las primeras mujeres que se hizo valer, que habl\u00f3 cuando ten\u00eda que hablar, y eso tenemos que aprenderle, esta historia est\u00e1 cargada de mucha fuerza femenina, y sobre todo, furia femenina, eso es lo que tiene esta guerrera, me gusta trabajar en donde haya paz, porque si no yo no puedo florecer, como mujer y como artista, lo que s\u00ed quiero aprender es flamenco; me siento muy conectada con el universo, y con M\u00e9xico, estoy feliz de estar en \u2018La Malinche El Musical\u2019, es algo que siempre hab\u00eda estado esperando, no puede ser mejor, voy a cumplir mi sue\u00f1o con una obra que me gusta mucho, s\u00e9 bailar, s\u00e9 cantar<\/em>\u201d, dijo, Gala Montes, quien se ha consolidado como una de las figuras m\u00e1s polifac\u00e9ticas y determinantes de la escena art\u00edstica mexicana actual. Su reciente incorporaci\u00f3n como protagonista de \u201c<em>Malinche: El Musical\u201d<\/em> marca un hito en su una carrera que comenz\u00f3 hace dos d\u00e9cadas en los sets de televisi\u00f3n y que hoy se extiende con \u00e9xito hacia la m\u00fasica, los formatos de telerrealidad, y el teatro musical, con la interpretaci\u00f3n en uno de los pasajes m\u00e1s significativos del nacimiento del M\u00e9xico mestizo con su actual rol protag\u00f3nico como Malinche, donde la joven mexicana demostrar\u00e1 noche a noche su madurez interpretativa en el Front\u00f3n M\u00e9xico.<\/p>\n<p>&nbsp;<\/p>\n<p>&nbsp;<\/p>\n","protected":false},"excerpt":{"rendered":"<p>Trabaj\u00f3 en Espa\u00f1a junto a Nacho Cano en el espect\u00e1culo Ibiza Paradise El primer encuentro de Gala Montes con el p\u00fablico de Malinche ocurri\u00f3 durante el fin de semana del 24 y 25 de enero Por: Asael Grande La actriz y cantante mexicana Gala Montes se ha consolidado como la nueva gran estrella de Malinche: [&hellip;]<\/p>\n","protected":false},"author":14,"featured_media":737907,"comment_status":"open","ping_status":"open","sticky":false,"template":"","format":"standard","meta":{"_monsterinsights_skip_tracking":false,"footnotes":""},"categories":[12],"tags":[],"class_list":["post-737906","post","type-post","status-publish","format-standard","has-post-thumbnail","hentry","category-espectaculos"],"_links":{"self":[{"href":"https:\/\/www.diarioimagen.net\/index.php?rest_route=\/wp\/v2\/posts\/737906","targetHints":{"allow":["GET"]}}],"collection":[{"href":"https:\/\/www.diarioimagen.net\/index.php?rest_route=\/wp\/v2\/posts"}],"about":[{"href":"https:\/\/www.diarioimagen.net\/index.php?rest_route=\/wp\/v2\/types\/post"}],"author":[{"embeddable":true,"href":"https:\/\/www.diarioimagen.net\/index.php?rest_route=\/wp\/v2\/users\/14"}],"replies":[{"embeddable":true,"href":"https:\/\/www.diarioimagen.net\/index.php?rest_route=%2Fwp%2Fv2%2Fcomments&post=737906"}],"version-history":[{"count":1,"href":"https:\/\/www.diarioimagen.net\/index.php?rest_route=\/wp\/v2\/posts\/737906\/revisions"}],"predecessor-version":[{"id":737908,"href":"https:\/\/www.diarioimagen.net\/index.php?rest_route=\/wp\/v2\/posts\/737906\/revisions\/737908"}],"wp:featuredmedia":[{"embeddable":true,"href":"https:\/\/www.diarioimagen.net\/index.php?rest_route=\/wp\/v2\/media\/737907"}],"wp:attachment":[{"href":"https:\/\/www.diarioimagen.net\/index.php?rest_route=%2Fwp%2Fv2%2Fmedia&parent=737906"}],"wp:term":[{"taxonomy":"category","embeddable":true,"href":"https:\/\/www.diarioimagen.net\/index.php?rest_route=%2Fwp%2Fv2%2Fcategories&post=737906"},{"taxonomy":"post_tag","embeddable":true,"href":"https:\/\/www.diarioimagen.net\/index.php?rest_route=%2Fwp%2Fv2%2Ftags&post=737906"}],"curies":[{"name":"wp","href":"https:\/\/api.w.org\/{rel}","templated":true}]}}