{"id":737909,"date":"2026-09-01T00:00:20","date_gmt":"2026-09-01T06:00:20","guid":{"rendered":"https:\/\/www.diarioimagen.net\/?p=737909"},"modified":"2026-08-31T18:00:40","modified_gmt":"2026-09-01T00:00:40","slug":"juan-gabriel-vence-al-tiempo-36-anos-despues-sigue-llenando-salas","status":"publish","type":"post","link":"https:\/\/www.diarioimagen.net\/?p=737909","title":{"rendered":"Juan Gabriel vence al tiempo:  36 a\u00f1os despu\u00e9s, sigue llenando salas"},"content":{"rendered":"<ul>\n<li><strong>Desde aquella hist\u00f3rica noche de 1990 en el Palacio de Bellas Artes<\/strong><\/li>\n<li><strong> A una d\u00e9cada de su partida y 36 a\u00f1os despu\u00e9s de aquel hist\u00f3rico primer encuentro con el Palacio de Bellas Artes, Juan Gabriel vuelve a provocar ovaciones. La proyecci\u00f3n cinematogr\u00e1fica de su inolvidable concierto de 1990 confirma que el \u201cDivo de Ju\u00e1rez\u201d no pertenece al pasado: su m\u00fasica, sus interpretaciones y su extraordinaria entrega permanecen intactas en el coraz\u00f3n del p\u00fablico.<\/strong><\/li>\n<\/ul>\n<div id=\"attachment_737910\" style=\"width: 226px\" class=\"wp-caption alignnone\"><img loading=\"lazy\" decoding=\"async\" aria-describedby=\"caption-attachment-737910\" class=\"wp-image-737910 size-large\" src=\"https:\/\/www.diarioimagen.net\/wp-content\/uploads\/2026\/08\/JUAN-GABRIEL-01-216x270.jpeg\" alt=\"\" width=\"216\" height=\"270\" srcset=\"https:\/\/www.diarioimagen.net\/wp-content\/uploads\/2026\/08\/JUAN-GABRIEL-01-216x270.jpeg 216w, https:\/\/www.diarioimagen.net\/wp-content\/uploads\/2026\/08\/JUAN-GABRIEL-01-192x240.jpeg 192w, https:\/\/www.diarioimagen.net\/wp-content\/uploads\/2026\/08\/JUAN-GABRIEL-01-768x960.jpeg 768w, https:\/\/www.diarioimagen.net\/wp-content\/uploads\/2026\/08\/JUAN-GABRIEL-01.jpeg 1181w\" sizes=\"auto, (max-width: 216px) 100vw, 216px\" \/><p id=\"caption-attachment-737910\" class=\"wp-caption-text\"><br \/>Juan Gabriel vence al tiempo:<br \/>36 a\u00f1os despu\u00e9s, sigue llenando salas<\/p><\/div>\n<p>&nbsp;<\/p>\n<p><strong>Por Gloria CARPIO<\/strong><\/p>\n<p>&nbsp;<\/p>\n<p>Hay artistas que triunfan, otros que hacen historia y unos cuantos, muy pocos, consiguen algo todav\u00eda m\u00e1s dif\u00edcil: vencer al tiempo. Juan Gabriel pertenece a estos \u00faltimos. Han transcurrido 36 a\u00f1os desde aquella hist\u00f3rica noche de 1990 en la que Alberto Aguilera Valadez lleg\u00f3 con su m\u00fasica al majestuoso Palacio de Bellas Artes y tambi\u00e9n han pasado 10 a\u00f1os desde su fallecimiento; sin embargo, basta volver a verlo sobre un escenario para comprender que su ausencia nunca consigui\u00f3 convertirse en olvido.<\/p>\n<p>Lo comprob\u00e9 al acudir al cine para revivir en pantalla grande aquel primer concierto de Juan Gabriel en Bellas Artes. Antes incluso de que comenzara la m\u00fasica ocurri\u00f3 algo que me pareci\u00f3 extraordinario: en el complejo cinematogr\u00e1fico al que asist\u00ed, la proyecci\u00f3n estaba programada en cuatro salas y las funciones estaban agotadas. Cuatro salas llenas de personas dispuestas a comprar un boleto, sentarse frente a una pantalla y reencontrarse con un concierto grabado hace m\u00e1s de tres d\u00e9cadas. \u00bfQui\u00e9n consigue algo as\u00ed? Juan Gabriel.<\/p>\n<p>CUANDO LA PANTALLA SE CONVIERTE EN ESCENARIO<\/p>\n<p>Se apagaron las luces, apareci\u00f3 \u00e9l y durante las siguientes horas result\u00f3 f\u00e1cil olvidar que est\u00e1bamos dentro de un cine y no frente al escenario de Bellas Artes. La majestuosidad de la orquesta, la fuerza del Mariachi Arriba Ju\u00e1rez, los arreglos musicales, el vestuario, las canciones y, por supuesto, ese hombre que parec\u00eda crecer hasta apoderarse por completo del escenario hicieron que aquella grabaci\u00f3n volviera a sentirse viva. Juan Gabriel era m\u00fasica, pero tambi\u00e9n era espect\u00e1culo; cada movimiento ten\u00eda personalidad, cada gesto comunicaba y cada interpretaci\u00f3n llevaba un sello que nadie ha podido repetir.<\/p>\n<p>Y ah\u00ed estaban sus composiciones, quiz\u00e1 una de las razones m\u00e1s poderosas de su permanencia. Juan Gabriel pose\u00eda ese don extraordinario de convertir sentimientos universales \u2014el amor, el desamor, la ausencia, la alegr\u00eda, el dolor y la esperanza\u2014 en canciones que millones de personas terminaron haciendo suyas. No simplemente cantaba: viv\u00eda cada canci\u00f3n y consegu\u00eda que el p\u00fablico la viviera con \u00e9l. Su manera de caminar por el escenario, de mirar, de sonre\u00edr, de esperar el instante preciso antes de pronunciar una frase y de entregarse por completo explica por qu\u00e9, tantos a\u00f1os despu\u00e9s, contin\u00faa resultando imposible apartar la mirada cuando aparece frente a nosotros.<\/p>\n<p><strong>CUATRO SALAS AGOTADAS, 36 A\u00d1OS DESPU\u00c9S<\/strong><\/p>\n<p>Mientras observaba aquel concierto pens\u00e9 en lo extraordinario de la escena. Estamos en 2026, Juan Gabriel lleva una d\u00e9cada ausente f\u00edsicamente y el espect\u00e1culo que contempl\u00e1bamos ocurri\u00f3 36 a\u00f1os atr\u00e1s, pero las salas estaban llenas. Ah\u00ed radica quiz\u00e1 la verdadera dimensi\u00f3n de un artista. El \u00e9xito puede medirse en discos vendidos, conciertos agotados, premios, reconocimientos o millones de reproducciones, pero la trascendencia se mide de otra manera: en la capacidad de permanecer cuando el tiempo ha pasado, las generaciones han cambiado y el p\u00fablico contin\u00faa llegando. Y Juan Gabriel permanece.<\/p>\n<p>Aquella presentaci\u00f3n de 1990 tampoco fue solamente otro concierto dentro de su carrera. La presencia de Juan Gabriel en uno de los recintos culturales m\u00e1s emblem\u00e1ticos de M\u00e9xico adquiri\u00f3 una dimensi\u00f3n especial. El artista nacido en Par\u00e1cuaro, Michoac\u00e1n, y profundamente ligado a Ciudad Ju\u00e1rez lleg\u00f3 con su m\u00fasica a Bellas Artes y lo hizo a su manera, sin renunciar a qui\u00e9n era, con elegancia, personalidad, sentimiento, m\u00fasica mexicana y una presencia esc\u00e9nica imposible de copiar. La combinaci\u00f3n result\u00f3 inolvidable: Juan Gabriel, una gran orquesta, el Mariachi Arriba Ju\u00e1rez y Bellas Artes como escenario de una de las p\u00e1ginas m\u00e1s memorables de la m\u00fasica popular mexicana.<\/p>\n<p><strong>EL ESCENARIO ERA SUYO<\/strong><\/p>\n<p>Volver a verlo permite apreciar nuevamente la dimensi\u00f3n del artista detr\u00e1s del mito. El vestuario, sus movimientos, la complicidad con los m\u00fasicos, su sentido del espect\u00e1culo y, sobre todo, su entrega absoluta. Juan Gabriel parec\u00eda no reservarse nada y quiz\u00e1 \u00e9se fue uno de sus mayores secretos: pod\u00eda interpretar canciones conocidas por millones y conseguir que pareciera que las estaba cantando por primera vez. Hab\u00eda emoci\u00f3n, teatralidad, espontaneidad y una conexi\u00f3n con el p\u00fablico que dif\u00edcilmente puede aprenderse. Se tiene o no se tiene. Y \u00e9l la ten\u00eda de sobra.<\/p>\n<p>Pero hubo algo todav\u00eda m\u00e1s emocionante durante la proyecci\u00f3n: comprobar que Juan Gabriel ya no pertenece \u00fanicamente a quienes tuvimos la oportunidad de vivir su \u00e9poca. Su m\u00fasica ha cruzado generaciones y hoy tambi\u00e9n existen j\u00f3venes que descubren al artista que escuchaban sus padres o sus abuelos. Las modas cambian y tambi\u00e9n los formatos; pasamos de los discos de vinilo a los casetes, de los discos compactos a las plataformas digitales y ahora podemos entrar a una sala cinematogr\u00e1fica para revivir un concierto ocurrido hace 36 a\u00f1os. Lo que no cambia son las grandes canciones y la emoci\u00f3n que producen.<\/p>\n<p><strong>DIEZ A\u00d1OS SIN \u00c9L, PERO EL APLAUSO CONTIN\u00daA<\/strong><\/p>\n<p>Juan Gabriel falleci\u00f3 el 28 de agosto de 2016 y, una d\u00e9cada despu\u00e9s, M\u00e9xico contin\u00faa cant\u00e1ndole. Quiz\u00e1 una de las im\u00e1genes m\u00e1s hermosas para recordarlo sea precisamente \u00e9sta: varias salas de cine llenas frente a la imagen de un hombre que ya no est\u00e1 f\u00edsicamente, pero cuya presencia contin\u00faa provocando aplausos y emociones. La gente acudi\u00f3 para verlo, escucharlo, recordar y cantar porque cuando comienza una canci\u00f3n de Juan Gabriel siempre existe alguien que conoce la letra, alguien que tiene un recuerdo ligado a ella y alguien para quien esa melod\u00eda representa un pedacito de su propia historia.<\/p>\n<p>Al terminar la proyecci\u00f3n queda una certeza: Juan Gabriel fue mucho m\u00e1s que una gran voz o un extraordinario compositor, fue un artista integral capaz de convertir un escenario gigantesco en un espacio \u00edntimo y, segundos despu\u00e9s, transformarlo en una celebraci\u00f3n. Grandioso, espectacular, majestuoso, as\u00ed se siente volver a verlo en Bellas Artes. Han pasado 36 a\u00f1os desde aquel concierto y 10 desde que M\u00e9xico recibi\u00f3 la noticia de su muerte, pero el p\u00fablico contin\u00faa llegando, escuch\u00e1ndolo, emocion\u00e1ndose y aplaudi\u00e9ndolo incluso frente a una pantalla. Tal vez \u00e9sa sea una de las formas m\u00e1s hermosas de la inmortalidad, porque los artistas pueden dejar de subir a los escenarios, pero cuando su obra consigue instalarse en la memoria y en el coraz\u00f3n de varias generaciones, el \u00faltimo aplauso nunca llega.<\/p>\n<p>Juan Gabriel sigue cantando, M\u00e9xico sigue escuch\u00e1ndolo y, 36 a\u00f1os despu\u00e9s, el Divo de Ju\u00e1rez todav\u00eda llena salas y corazones.<\/p>\n<p>&nbsp;<\/p>\n<blockquote><p>UNA LEYENDA QUE NO DEJA DE CONVOCAR<\/p>\n<p>&nbsp;<\/p>\n<p>En 1990 Juan Gabriel hizo historia con su primera presentaci\u00f3n en el Palacio de Bellas Artes. En 2026, a 10 a\u00f1os de su fallecimiento, aquella noche contin\u00faa convocando al p\u00fablico: en el complejo cinematogr\u00e1fico al que acudi\u00f3 esta reportera, cuatro salas proyectaron el concierto con funciones agotadas. Una imagen que dice m\u00e1s que cualquier cifra sobre la dimensi\u00f3n de su legado: 36 a\u00f1os despu\u00e9s, Juan Gabriel sigue provocando que el p\u00fablico vaya a buscarlo.<\/p><\/blockquote>\n","protected":false},"excerpt":{"rendered":"<p>Desde aquella hist\u00f3rica noche de 1990 en el Palacio de Bellas Artes A una d\u00e9cada de su partida y 36 a\u00f1os despu\u00e9s de aquel hist\u00f3rico primer encuentro con el Palacio de Bellas Artes, Juan Gabriel vuelve a provocar ovaciones. La proyecci\u00f3n cinematogr\u00e1fica de su inolvidable concierto de 1990 confirma que el \u201cDivo de Ju\u00e1rez\u201d no [&hellip;]<\/p>\n","protected":false},"author":14,"featured_media":737910,"comment_status":"open","ping_status":"open","sticky":false,"template":"","format":"standard","meta":{"_monsterinsights_skip_tracking":false,"footnotes":""},"categories":[16,12],"tags":[],"class_list":["post-737909","post","type-post","status-publish","format-standard","has-post-thumbnail","hentry","category-destacadas","category-espectaculos"],"_links":{"self":[{"href":"https:\/\/www.diarioimagen.net\/index.php?rest_route=\/wp\/v2\/posts\/737909","targetHints":{"allow":["GET"]}}],"collection":[{"href":"https:\/\/www.diarioimagen.net\/index.php?rest_route=\/wp\/v2\/posts"}],"about":[{"href":"https:\/\/www.diarioimagen.net\/index.php?rest_route=\/wp\/v2\/types\/post"}],"author":[{"embeddable":true,"href":"https:\/\/www.diarioimagen.net\/index.php?rest_route=\/wp\/v2\/users\/14"}],"replies":[{"embeddable":true,"href":"https:\/\/www.diarioimagen.net\/index.php?rest_route=%2Fwp%2Fv2%2Fcomments&post=737909"}],"version-history":[{"count":1,"href":"https:\/\/www.diarioimagen.net\/index.php?rest_route=\/wp\/v2\/posts\/737909\/revisions"}],"predecessor-version":[{"id":737911,"href":"https:\/\/www.diarioimagen.net\/index.php?rest_route=\/wp\/v2\/posts\/737909\/revisions\/737911"}],"wp:featuredmedia":[{"embeddable":true,"href":"https:\/\/www.diarioimagen.net\/index.php?rest_route=\/wp\/v2\/media\/737910"}],"wp:attachment":[{"href":"https:\/\/www.diarioimagen.net\/index.php?rest_route=%2Fwp%2Fv2%2Fmedia&parent=737909"}],"wp:term":[{"taxonomy":"category","embeddable":true,"href":"https:\/\/www.diarioimagen.net\/index.php?rest_route=%2Fwp%2Fv2%2Fcategories&post=737909"},{"taxonomy":"post_tag","embeddable":true,"href":"https:\/\/www.diarioimagen.net\/index.php?rest_route=%2Fwp%2Fv2%2Ftags&post=737909"}],"curies":[{"name":"wp","href":"https:\/\/api.w.org\/{rel}","templated":true}]}}