{"id":737912,"date":"2026-09-01T00:00:53","date_gmt":"2026-09-01T06:00:53","guid":{"rendered":"https:\/\/www.diarioimagen.net\/?p=737912"},"modified":"2026-08-31T18:01:50","modified_gmt":"2026-09-01T00:01:50","slug":"lara-campos-arrasa-en-colombia","status":"publish","type":"post","link":"https:\/\/www.diarioimagen.net\/?p=737912","title":{"rendered":"\u00a1Lara Campos arrasa en Colombia!  \u00a0"},"content":{"rendered":"<ul>\n<li><strong>Con un SOLD OUT en el Movistar Arena<\/strong><\/li>\n<li><strong>La estrella juvenil conquist\u00f3 al p\u00fablico de Bogot\u00e1<\/strong><\/li>\n<\/ul>\n<p><img loading=\"lazy\" decoding=\"async\" class=\"alignnone wp-image-737913 size-large\" src=\"https:\/\/www.diarioimagen.net\/wp-content\/uploads\/2026\/08\/LARA-01-405x270.jpg\" alt=\"\" width=\"405\" height=\"270\" srcset=\"https:\/\/www.diarioimagen.net\/wp-content\/uploads\/2026\/08\/LARA-01-405x270.jpg 405w, https:\/\/www.diarioimagen.net\/wp-content\/uploads\/2026\/08\/LARA-01-240x160.jpg 240w, https:\/\/www.diarioimagen.net\/wp-content\/uploads\/2026\/08\/LARA-01-768x512.jpg 768w, https:\/\/www.diarioimagen.net\/wp-content\/uploads\/2026\/08\/LARA-01-1536x1024.jpg 1536w, https:\/\/www.diarioimagen.net\/wp-content\/uploads\/2026\/08\/LARA-01-2048x1366.jpg 2048w\" sizes=\"auto, (max-width: 405px) 100vw, 405px\" \/><\/p>\n<p>&nbsp;<\/p>\n<p>Lara Campos hizo historia en su primera presentaci\u00f3n en Colombia, conquistando a miles de familias que se dieron cita en el Movistar Arena para disfrutar de \u00abEl Show de Lara Campos\u00bb.<\/p>\n<p>Lara Campos confirm\u00f3 el extraordinario momento que atraviesa su carrera al agotar por completo el Movistar Arena de Bogot\u00e1 durante su primera presentaci\u00f3n en Colombia, logrando un contundente SOLD OUT con \u00abEl Show de Lara Campos\u00bb.<\/p>\n<p>La estrella juvenil fue recibida por miles de familias colombianas que llenaron el recinto para ser parte de una noche que marc\u00f3 un nuevo cap\u00edtulo en la expansi\u00f3n internacional de la artista y confirm\u00f3 el enorme alcance que ha logrado entre el p\u00fablico infantil y familiar de Latinoam\u00e9rica.<\/p>\n<p>Desde su aparici\u00f3n en el escenario, Lara desat\u00f3 la emoci\u00f3n de sus seguidores con una producci\u00f3n de gran formato, acompa\u00f1ada de coreograf\u00edas, visuales y un recorrido musical por algunos de los temas que la han convertido en una de las figuras juveniles m\u00e1s importantes de su generaci\u00f3n.<\/p>\n<p>Sin embargo, el momento m\u00e1s emotivo de la noche lleg\u00f3 cuando Lara hizo una pausa para dedicar unas palabras a todas las personas afectadas por el reciente terremoto que impact\u00f3 a Colombia y Venezuela.<\/p>\n<p>Frente a un Movistar Arena completamente lleno, la artista envi\u00f3 un mensaje de solidaridad, uni\u00f3n y esperanza a las familias que atraviesan momentos dif\u00edciles, para posteriormente dedicarles una interpretaci\u00f3n especial de \u00abQue Canten los Ni\u00f1os\u00bb.<\/p>\n<p>El momento transform\u00f3 el recinto y se convirti\u00f3 en una de las im\u00e1genes m\u00e1s significativas de la noche, con Lara y miles de asistentes unidos a trav\u00e9s de una canci\u00f3n cuyo mensaje cobr\u00f3 un significado especial ante los acontecimientos recientes.<\/p>\n<p>La celebraci\u00f3n continu\u00f3 con algunos de los grandes \u00e9xitos de su carrera, entre ellos \u00abRhenn\u00e9\u00bb, tema que supera los 500 millones de reproducciones, adem\u00e1s de canciones como \u00abSopa de Letras\u00bb, \u00abGalleta\u00bb y \u00abTodo Tiene Tambor\u00bb, coreadas por el p\u00fablico colombiano.<\/p>\n<p>El SOLD OUT en Bogot\u00e1 representa un nuevo logro para Lara Campos y confirma el crecimiento de un fen\u00f3meno que contin\u00faa trascendiendo fronteras. Su primera visita a Colombia no solo demostr\u00f3 la enorme expectativa que exist\u00eda por verla en vivo, sino tambi\u00e9n la conexi\u00f3n que ha construido con una generaci\u00f3n de ni\u00f1os y familias m\u00e1s all\u00e1 de su pa\u00eds de origen.<\/p>\n<p>Con un Movistar Arena completamente lleno, una audiencia entregada y una noche cargada de m\u00fasica y emociones, Lara Campos conquist\u00f3 Bogot\u00e1 y dej\u00f3 claro que su llegada a Colombia era uno de los momentos m\u00e1s esperados por sus seguidores.<\/p>\n<p>\u00abEl Show de Lara Campos\u00bb cerr\u00f3 as\u00ed una noche inolvidable en Colombia, sumando un nuevo SOLD OUT a la trayectoria de una artista que contin\u00faa consolidando su presencia internacional y llevando su m\u00fasica a miles de familias alrededor del mundo.<\/p>\n<p>&nbsp;<\/p>\n","protected":false},"excerpt":{"rendered":"<p>Con un SOLD OUT en el Movistar Arena La estrella juvenil conquist\u00f3 al p\u00fablico de Bogot\u00e1 &nbsp; Lara Campos hizo historia en su primera presentaci\u00f3n en Colombia, conquistando a miles de familias que se dieron cita en el Movistar Arena para disfrutar de \u00abEl Show de Lara Campos\u00bb. Lara Campos confirm\u00f3 el extraordinario momento que [&hellip;]<\/p>\n","protected":false},"author":14,"featured_media":737913,"comment_status":"open","ping_status":"open","sticky":false,"template":"","format":"standard","meta":{"_monsterinsights_skip_tracking":false,"footnotes":""},"categories":[12],"tags":[],"class_list":["post-737912","post","type-post","status-publish","format-standard","has-post-thumbnail","hentry","category-espectaculos"],"_links":{"self":[{"href":"https:\/\/www.diarioimagen.net\/index.php?rest_route=\/wp\/v2\/posts\/737912","targetHints":{"allow":["GET"]}}],"collection":[{"href":"https:\/\/www.diarioimagen.net\/index.php?rest_route=\/wp\/v2\/posts"}],"about":[{"href":"https:\/\/www.diarioimagen.net\/index.php?rest_route=\/wp\/v2\/types\/post"}],"author":[{"embeddable":true,"href":"https:\/\/www.diarioimagen.net\/index.php?rest_route=\/wp\/v2\/users\/14"}],"replies":[{"embeddable":true,"href":"https:\/\/www.diarioimagen.net\/index.php?rest_route=%2Fwp%2Fv2%2Fcomments&post=737912"}],"version-history":[{"count":1,"href":"https:\/\/www.diarioimagen.net\/index.php?rest_route=\/wp\/v2\/posts\/737912\/revisions"}],"predecessor-version":[{"id":737914,"href":"https:\/\/www.diarioimagen.net\/index.php?rest_route=\/wp\/v2\/posts\/737912\/revisions\/737914"}],"wp:featuredmedia":[{"embeddable":true,"href":"https:\/\/www.diarioimagen.net\/index.php?rest_route=\/wp\/v2\/media\/737913"}],"wp:attachment":[{"href":"https:\/\/www.diarioimagen.net\/index.php?rest_route=%2Fwp%2Fv2%2Fmedia&parent=737912"}],"wp:term":[{"taxonomy":"category","embeddable":true,"href":"https:\/\/www.diarioimagen.net\/index.php?rest_route=%2Fwp%2Fv2%2Fcategories&post=737912"},{"taxonomy":"post_tag","embeddable":true,"href":"https:\/\/www.diarioimagen.net\/index.php?rest_route=%2Fwp%2Fv2%2Ftags&post=737912"}],"curies":[{"name":"wp","href":"https:\/\/api.w.org\/{rel}","templated":true}]}}