{"id":737915,"date":"2026-08-31T18:02:57","date_gmt":"2026-09-01T00:02:57","guid":{"rendered":"https:\/\/www.diarioimagen.net\/?p=737915"},"modified":"2026-08-31T18:02:57","modified_gmt":"2026-09-01T00:02:57","slug":"el-recibo-de-luz-sera-mas-caro-por-la-conclusion-del-verano","status":"publish","type":"post","link":"https:\/\/www.diarioimagen.net\/?p=737915","title":{"rendered":"El recibo de luz ser\u00e1 m\u00e1s caro por la conclusi\u00f3n del verano"},"content":{"rendered":"<p>&nbsp;<\/p>\n<ul>\n<li><strong>CFE alerta a millones de familias <\/strong><\/li>\n<li><strong>Recomiendan implementar h\u00e1bitos de ahorro para mitigar el impacto econ\u00f3mico<\/strong><\/li>\n<\/ul>\n<p><img loading=\"lazy\" decoding=\"async\" class=\"alignnone wp-image-737916 size-large\" src=\"https:\/\/www.diarioimagen.net\/wp-content\/uploads\/2026\/08\/LUZ-01-460x233.jpg\" alt=\"\" width=\"460\" height=\"233\" srcset=\"https:\/\/www.diarioimagen.net\/wp-content\/uploads\/2026\/08\/LUZ-01-460x233.jpg 460w, https:\/\/www.diarioimagen.net\/wp-content\/uploads\/2026\/08\/LUZ-01-240x121.jpg 240w, https:\/\/www.diarioimagen.net\/wp-content\/uploads\/2026\/08\/LUZ-01-768x389.jpg 768w, https:\/\/www.diarioimagen.net\/wp-content\/uploads\/2026\/08\/LUZ-01-1536x777.jpg 1536w, https:\/\/www.diarioimagen.net\/wp-content\/uploads\/2026\/08\/LUZ-01-2048x1036.jpg 2048w\" sizes=\"auto, (max-width: 460px) 100vw, 460px\" \/><\/p>\n<p>El consumo de energ\u00eda el\u00e9ctrica en los hogares de M\u00e9xico est\u00e1 sujeto a modificaciones tarifarias relacionadas con las estaciones del a\u00f1o y los subsidios gubernamentales, por lo que la Comisi\u00f3n Federal de Electricidad (CFE) emiti\u00f3 un comunicado dirigido a los usuarios dom\u00e9sticos con el fin de prevenir variaciones significativas en los montos de facturaci\u00f3n debido al uso de electrodom\u00e9sticos.<\/p>\n<p>Esta medida responde a los criterios de actualizaci\u00f3n de costos por el suministro de energ\u00eda y afecta de forma directa el presupuesto destinado a los servicios b\u00e1sicos de la vivienda. Las autoridades del sector energ\u00e9tico recomiendan implementar h\u00e1bitos de ahorro para mitigar el impacto econ\u00f3mico de esta disposici\u00f3n oficial.<\/p>\n<p>El pago por el servicio el\u00e9ctrico empezar\u00e1 a elevarse una vez que concluya el descuento de verano otorgado por la CFE en varias zonas del pa\u00eds.<\/p>\n<p>Al terminar este apoyo temporal, los hogares regresan a la tarifa regular, lo que significa que el costo de la luz podr\u00eda incrementarse, incluso si se gasta exactamente la misma cantidad de energ\u00eda que en los meses previos.<\/p>\n<p>&nbsp;<\/p>\n<p><strong>Los niveles de consumo<\/strong><\/p>\n<p>&nbsp;<\/p>\n<p>La CFE divide el consumo de las viviendas en diferentes escalones. Conforme una casa requiere m\u00e1s luz, los kilowatts-hora adicionales entran en bloques de cobro m\u00e1s caros.<\/p>\n<p>Si el gasto de energ\u00eda sobrepasa el m\u00e1ximo fijado para mantener la tarifa residencial subsidiada, los usuarios pueden perder este beneficio, lo que se traduce en un costo mucho m\u00e1s alto por cada kilowatt-hora utilizado.<\/p>\n<p>Las familias m\u00e1s propensas a ver un aumento dr\u00e1stico en su factura son aquellas que registran un gasto fuerte de energ\u00eda, sobre todo las que acostumbran prender aparatos que demandan mucha electricidad, como los sistemas de aire acondicionado durante los d\u00edas de altas temperaturas.<\/p>\n<p>De igual manera, corren peligro los clientes que rebasan los l\u00edmites permitidos para conservar su subsidio, puesto que pueden ser trasladados a un tabulador mucho m\u00e1s costoso, terminando por pagar una suma considerablemente mayor por el mismo servicio.<\/p>\n<p>&nbsp;<\/p>\n<p><strong>El temido brinco a la Tarifa DAC<\/strong><\/p>\n<p>&nbsp;<\/p>\n<p>Una de las mayores preocupaciones para la econom\u00eda familiar ha tomado fuerza con la consolidaci\u00f3n del nuevo esquema de cobro residencial implementado por la CFE.<\/p>\n<p>Este 2026, la empresa paraestatal endureci\u00f3 las reglas de clasificaci\u00f3n para los hogares del pa\u00eds mediante la aplicaci\u00f3n autom\u00e1tica de la Tarifa Dom\u00e9stica de Alto Consumo (DAC), una modalidad dise\u00f1ada para penalizar la alta demanda y que carece por completo de cualquier tipo de subsidio gubernamental.<\/p>\n<p>La problem\u00e1tica radica en c\u00f3mo opera el algoritmo de cobro. Si el consumo anual promedio de una vivienda rebasa el umbral m\u00e1ximo mensual autorizado para su respectiva localidad geogr\u00e1fica, el usuario pierde el beneficio del apoyo federal. Esto se traduce en un incremento dr\u00e1stico e inmediato en el costo de la energ\u00eda, llegando a pagar facturas hasta cinco veces m\u00e1s costosas en comparaci\u00f3n con los meses previos.<\/p>\n<p>Adem\u00e1s del precio por unidad de energ\u00eda consumida, la CFE aplica en 2026 un cargo fijo mensual obligatorio de 142.41 pesos, al que se le suma un precio de entre 6 y 7 pesos por cada kilowatt-hora (kWh) registrado, impactando de forma directa las finanzas en estados con climas que tienen olas de calor extremas como Veracruz.<\/p>\n<p>Para un usuario com\u00fan, pasar por alto los l\u00edmites del medidor puede significar la p\u00e9rdida inmediata de su estatus residencial regular, ingresando a una lista de alto consumo de la cual es sumamente complicado y tardado salir.<\/p>\n<p>&nbsp;<\/p>\n<ul>\n<li><strong>Tarifa 1:\u00a0<\/strong>El l\u00edmite estricto es de 250 kWh mensuales.<\/li>\n<li><strong>Tarifa 1A:\u00a0<\/strong>Dise\u00f1ada para regiones con temperaturas medias de 25 \u00b0C, con un tope de 300 kWh al mes.<\/li>\n<li><strong>Tarifa 1B:\u00a0<\/strong>Aplica para zonas que alcanzan los 28 \u00b0C, limitando el consumo a 400 kWh mensuales.<\/li>\n<li><strong>Tarifa 1C:\u00a0<\/strong>Para localidades de 30 \u00b0C promedio, el umbral sube hasta los 850 kWh al mes.<\/li>\n<li><strong>Tarifa 1D:\u00a0<\/strong>Zonas con temperaturas m\u00ednimas de 31 \u00b0C tienen un l\u00edmite de 1,000 kWh mensuales.<\/li>\n<li><strong>Tarifa 1E:\u00a0<\/strong>Regiones calurosas de 32 \u00b0C promedio cuentan con un margen de 2,000 kWh al mes.<\/li>\n<li><strong>Tarifa 1F:<\/strong>El beneficio m\u00e1ximo para zonas con temperaturas extremas de 33 \u00b0C es de hasta 2,500 kWh mensuales.<\/li>\n<\/ul>\n<p>Superar estos l\u00edmites por un descuido prolongado o por un uso ineficiente de los aparatos de refrigeraci\u00f3n activa la reclasificaci\u00f3n inmediata de la vivienda.<\/p>\n<p><strong>\u00a0<\/strong><\/p>\n<p><strong>\u00a0<\/strong><\/p>\n<p><strong>Estrategias de ahorro inteligente para proteger tu bolsillo<\/strong><\/p>\n<p>&nbsp;<\/p>\n<ul>\n<li>Identifica y elimina los \u00abvampiros el\u00e9ctricos\u00bb: Desconecta por completo todos aquellos dispositivos electr\u00f3nicos que se quedan en modo de espera o con luces encendidas cuando no se usan; este consumo invisible suma un porcentaje importante al final del mes.<\/li>\n<li>Migra toda tu iluminaci\u00f3n a tecnolog\u00eda LED: Reemplazar los viejos focos incandescentes puede disminuir hasta en un 80% el consumo de energ\u00eda destinado exclusivamente a la iluminaci\u00f3n del hogar.<\/li>\n<li>Verifica la eficiencia de tus electrodom\u00e9sticos: Mant\u00e9n tus aparatos en buen estado f\u00edsico y, al adquirir nuevos equipos, aseg\u00farate de que cuenten con las etiquetas de eficiencia energ\u00e9tica avaladas por las normas oficiales.<\/li>\n<li>Optimiza la climatizaci\u00f3n con sensores: Instala termostatos programables y sensores de movimiento en \u00e1reas comunes para regular el uso del aire acondicionado y evitar que permanezca encendido en habitaciones vac\u00edas.<\/li>\n<li>Considera la inversi\u00f3n en paneles solares: Para viviendas con consumos elevados que rozan el l\u00edmite permitido, la instalaci\u00f3n de sistemas fotovoltaicos es la alternativa m\u00e1s eficiente para reducir dr\u00e1sticamente la energ\u00eda registrada ante la CFE y blindar el subsidio estatal.<\/li>\n<\/ul>\n<p>&nbsp;<\/p>\n<p>&nbsp;<\/p>\n<p>&nbsp;<\/p>\n<p>&nbsp;<\/p>\n<p>&nbsp;<\/p>\n<p>&nbsp;<\/p>\n<p>&nbsp;<\/p>\n<p>&nbsp;<\/p>\n","protected":false},"excerpt":{"rendered":"<p>&nbsp; CFE alerta a millones de familias Recomiendan implementar h\u00e1bitos de ahorro para mitigar el impacto econ\u00f3mico El consumo de energ\u00eda el\u00e9ctrica en los hogares de M\u00e9xico est\u00e1 sujeto a modificaciones tarifarias relacionadas con las estaciones del a\u00f1o y los subsidios gubernamentales, por lo que la Comisi\u00f3n Federal de Electricidad (CFE) emiti\u00f3 un comunicado dirigido [&hellip;]<\/p>\n","protected":false},"author":14,"featured_media":737916,"comment_status":"open","ping_status":"open","sticky":false,"template":"","format":"standard","meta":{"_monsterinsights_skip_tracking":false,"footnotes":""},"categories":[17,3],"tags":[],"class_list":["post-737915","post","type-post","status-publish","format-standard","has-post-thumbnail","hentry","category-especiales","category-nacional"],"_links":{"self":[{"href":"https:\/\/www.diarioimagen.net\/index.php?rest_route=\/wp\/v2\/posts\/737915","targetHints":{"allow":["GET"]}}],"collection":[{"href":"https:\/\/www.diarioimagen.net\/index.php?rest_route=\/wp\/v2\/posts"}],"about":[{"href":"https:\/\/www.diarioimagen.net\/index.php?rest_route=\/wp\/v2\/types\/post"}],"author":[{"embeddable":true,"href":"https:\/\/www.diarioimagen.net\/index.php?rest_route=\/wp\/v2\/users\/14"}],"replies":[{"embeddable":true,"href":"https:\/\/www.diarioimagen.net\/index.php?rest_route=%2Fwp%2Fv2%2Fcomments&post=737915"}],"version-history":[{"count":1,"href":"https:\/\/www.diarioimagen.net\/index.php?rest_route=\/wp\/v2\/posts\/737915\/revisions"}],"predecessor-version":[{"id":737917,"href":"https:\/\/www.diarioimagen.net\/index.php?rest_route=\/wp\/v2\/posts\/737915\/revisions\/737917"}],"wp:featuredmedia":[{"embeddable":true,"href":"https:\/\/www.diarioimagen.net\/index.php?rest_route=\/wp\/v2\/media\/737916"}],"wp:attachment":[{"href":"https:\/\/www.diarioimagen.net\/index.php?rest_route=%2Fwp%2Fv2%2Fmedia&parent=737915"}],"wp:term":[{"taxonomy":"category","embeddable":true,"href":"https:\/\/www.diarioimagen.net\/index.php?rest_route=%2Fwp%2Fv2%2Fcategories&post=737915"},{"taxonomy":"post_tag","embeddable":true,"href":"https:\/\/www.diarioimagen.net\/index.php?rest_route=%2Fwp%2Fv2%2Ftags&post=737915"}],"curies":[{"name":"wp","href":"https:\/\/api.w.org\/{rel}","templated":true}]}}