{"id":737918,"date":"2026-08-31T18:03:57","date_gmt":"2026-09-01T00:03:57","guid":{"rendered":"https:\/\/www.diarioimagen.net\/?p=737918"},"modified":"2026-08-31T18:03:57","modified_gmt":"2026-09-01T00:03:57","slug":"csp-encabeza-arranque-de-la-estrategia-nacional-de-atencion-a-la-salud-mental-para-jovenes","status":"publish","type":"post","link":"https:\/\/www.diarioimagen.net\/?p=737918","title":{"rendered":"CSP encabeza arranque de la  Estrategia Nacional de Atenci\u00f3n  a la Salud Mental para J\u00f3venes"},"content":{"rendered":"<p>&nbsp;<\/p>\n<p>&nbsp;<\/p>\n<ul>\n<li><strong>Apoyo a j\u00f3venes de tercer a\u00f1o de secundaria y de bachillerato<\/strong><\/li>\n<li><strong>El ABC de las emociones se enfoca en j\u00f3venes de 14 a 18 a\u00f1os con quienes se realizar\u00e1n tutor\u00edas de una hora a la semana<\/strong><\/li>\n<\/ul>\n<p>&nbsp;<\/p>\n<div id=\"attachment_737919\" style=\"width: 415px\" class=\"wp-caption alignnone\"><img loading=\"lazy\" decoding=\"async\" aria-describedby=\"caption-attachment-737919\" class=\"wp-image-737919 size-large\" src=\"https:\/\/www.diarioimagen.net\/wp-content\/uploads\/2026\/08\/MAANERA-ok-405x270.jpg\" alt=\"\" width=\"405\" height=\"270\" srcset=\"https:\/\/www.diarioimagen.net\/wp-content\/uploads\/2026\/08\/MAANERA-ok-405x270.jpg 405w, https:\/\/www.diarioimagen.net\/wp-content\/uploads\/2026\/08\/MAANERA-ok-240x160.jpg 240w, https:\/\/www.diarioimagen.net\/wp-content\/uploads\/2026\/08\/MAANERA-ok-768x511.jpg 768w, https:\/\/www.diarioimagen.net\/wp-content\/uploads\/2026\/08\/MAANERA-ok.jpg 1500w\" sizes=\"auto, (max-width: 405px) 100vw, 405px\" \/><p id=\"caption-attachment-737919\" class=\"wp-caption-text\">Claudia Sheinbaum Pardo encabez\u00f3 el arranque de la Estrategia Nacional de Atenci\u00f3n a la Salud Mental para las y los J\u00f3venes: \u201cEl ABC de las emociones\u201d.<\/p><\/div>\n<p>&nbsp;<\/p>\n<p>&nbsp;<\/p>\n<p>En el marco del inicio del ciclo escolar 2026-2027, la presidenta Claudia Sheinbaum Pardo, encabez\u00f3 el arranque de la Estrategia Nacional de Atenci\u00f3n a la Salud Mental para las y los J\u00f3venes: \u201cEl ABC de las emociones\u201d, que tiene como objetivo apoyar a las y los j\u00f3venes de tercer a\u00f1o de secundaria y de bachillerato para cuidar y atender su bienestar emocional, a trav\u00e9s de tutor\u00edas de una hora a la semana y la distribuci\u00f3n de 16 millones de gu\u00edas para estudiantes, docentes, madres, padres y personas cuidadoras.<\/p>\n<p>\u201cEs un programa que anunciamos previamente que el d\u00eda de hoy inicia. Se trata de que en las secundarias y en las escuelas de Educaci\u00f3n Media Superior, entre maestras, maestros, padres y madres de familia y estudiantes, trabajemos juntos, por si tenemos alg\u00fan problema, poder salir juntos adelante\u201d, puntualiz\u00f3 en la conferencia matutina, que se realiz\u00f3 en la Escuela Secundaria T\u00e9cnica No. 10 \u201cArtes Gr\u00e1ficas\u201d de la Ciudad de M\u00e9xico.<\/p>\n<p>Explic\u00f3 que trabajar colectivamente permitir\u00e1 acompa\u00f1ar a las y los j\u00f3venes en todos los cambios emocionales que presentan en la adolescencia.<\/p>\n<p>\u201cEntre todos vamos a apoyar a las y los adolescentes de nuestro pa\u00eds para que puedan seguir creciendo de manera sana y siempre tengan una amiga o un amigo en su maestra, en su maestro, en sus compa\u00f1eros, en el Gobierno, para que puedan compartir y siempre salir adelante\u201d, agreg\u00f3.<\/p>\n<p>La jefa del Ejecutivo federal aprovech\u00f3 la conferencia matutina para felicitar y dar la bienvenida a los m\u00e1s de 28 millones de alumnas y alumnos de Educaci\u00f3n B\u00e1sica y Media Superior, que en todo el pa\u00eds inician clases en el ciclo escolar 2026-2027.<\/p>\n<p>El secretario de Educaci\u00f3n P\u00fablica, Mario Delgado Carrillo, se\u00f1al\u00f3 que esta estrategia forma parte de la Nueva Escuela Mexicana (NEM), en donde la salud mental se cuida de forma colectiva entre estudiantes, directivos, madres y padres de familia.<\/p>\n<p>La subsecretaria de Educaci\u00f3n Media Superior, Tania Rodr\u00edguez Mora, detall\u00f3 que esta estrategia busca atender el bienestar socioemocional y la salud mental de adolescentes y j\u00f3venes de 14 a 18 a\u00f1os, con un enfoque preventivo, comunitario y territorial para una atenci\u00f3n integral al promover la convivencia, fortalecer los v\u00ednculos y fomentar el uso responsable de dispositivos tecnol\u00f3gicos, inteligencia artificial y redes sociodigitales.<\/p>\n<p>&nbsp;<\/p>\n<p><strong>Estrategia contempla 7 ejes<\/strong><\/p>\n<p>&nbsp;<\/p>\n<p>Inform\u00f3 que \u201cEl ABC de las emociones\u201d, contempla 7 ejes: 1. Campa\u00f1a de difusi\u00f3n, 2. Impresi\u00f3n de 16 millones de orientaciones y 250 mil carteles; 3. Actividades socioemocionales en las aulas (1 hora a la semana y de manera transversal); 4. Asambleas informativas con madres, padres y personas cuidadoras; 5. Pl\u00e1ticas interactivas en las escuelas; 6. Centros Comunitarios M\u00e9xico Imparable; 7. L\u00ednea de la Vida.<\/p>\n<p>Explic\u00f3 que las orientaciones est\u00e1n disponibles en l\u00ednea:<\/p>\n<p>Para j\u00f3venes: https:\/\/online.fliphtml5.com\/SEP_JOS\/mvpt\/, que se distribuir\u00e1n a 7.5 millones de estudiantes.<\/p>\n<p>Para docentes: https:\/\/online.fliphtml5.com\/SEP_JOS\/tiyt\/, para un mill\u00f3n de docentes.<\/p>\n<p>Para madres, padres y personas cuidadoras: https:\/\/online.fliphtml5.com\/SEP_JOS\/rpwj\/, para 7.5 millones.<\/p>\n<p>Destac\u00f3 que adem\u00e1s de las tutor\u00edas de una hora a la semana para alumnos de tercero de secundaria y estudiantes de bachillerato; de octubre a diciembre se convocar\u00e1 a asambleas informativas en todo el pa\u00eds con madres, padres y personas cuidadoras, en las que se abordar\u00e1 la salud mental como una responsabilidad compartida.<\/p>\n<p>Se establecer\u00e1 el 23 de septiembre como el D\u00eda del ABC de las emociones donde servidoras y servidores p\u00fablicos acudir\u00e1n a las escuelas para fomentar la reflexi\u00f3n y di\u00e1logo con las y los estudiantes, adem\u00e1s de que habr\u00e1 Brigadas de Salud que difundir\u00e1n y promocionar\u00e1n la salud mental. Asimismo, este a\u00f1o se entregar\u00e1n 60 Centros Comunitarios M\u00e9xico Imparable, de una meta de 100, en los que se impulsar\u00e1 la salud mental, la cultura y el deporte.<\/p>\n<p>&nbsp;<\/p>\n<p>Adem\u00e1s, record\u00f3 que la L\u00ednea de la Vida est\u00e1 disponible las 24 horas, 7 d\u00edas de la semana por v\u00eda telef\u00f3nica y mensajes de texto, de manera completamente gratuita, a trav\u00e9s del n\u00famero 800 911 2000 y el sitio www.gob.mx\/lineadelavida.<\/p>\n<p>La Jefa de Gobierno de la Ciudad de M\u00e9xico, Clara Brugada Molina, puntualiz\u00f3 que la Estrategia Nacional de Atenci\u00f3n a la Salud Mental para las y los J\u00f3venes: \u201cEl ABC de las emociones\u201d, se complementar\u00e1 con el programa Vida plena, Coraz\u00f3n Contento, implementado en la capital del pa\u00eds. Adem\u00e1s, se sum\u00f3 a la propuesta de la Presidenta de M\u00e9xico para regular el uso de celulares en escuelas.<\/p>\n<p>El 81% de las maestras y maestros de todo el pa\u00eds est\u00e1n a favor de regular el uso de celulares en las aulas<\/p>\n<p>El secretario de Educaci\u00f3n P\u00fablica, Mario Delgado Carrillo, inform\u00f3 que 565 mil 396 maestras y maestros participaron en la consulta sobre la regulaci\u00f3n del uso de celulares en las aulas realizada durante el Consejo T\u00e9cnico Intensivo, cuyas conclusiones fueron que el 81 por ciento de los docentes est\u00e1n a favor de que haya lineamientos.<\/p>\n<p>Adem\u00e1s se identific\u00f3 que el 48 por ciento de los maestros se\u00f1alaron que hay dificultad para mantener la atenci\u00f3n de los ni\u00f1os y ni\u00f1as con el uso de celular; el 38 por ciento opina que interrumpen las actividades escolares; el 34.8 por ciento destacan que los alumnos abandonan la convivencia por el celular; y se detect\u00f3 que el 38.7 por ciento de los conflictos que se generan en redes se trasladan a la escuela.<\/p>\n<p>Asimismo, el 51 por ciento de los docentes propone que haya protocolos para atender situaciones de riesgo y que haya acuerdos con los padres de familia para que colaboren en vigilar el acceso a las tecnolog\u00edas.<\/p>\n<p><strong>\u00a0<\/strong><\/p>\n<p>&nbsp;<\/p>\n<p>&nbsp;<\/p>\n","protected":false},"excerpt":{"rendered":"<p>&nbsp; &nbsp; Apoyo a j\u00f3venes de tercer a\u00f1o de secundaria y de bachillerato El ABC de las emociones se enfoca en j\u00f3venes de 14 a 18 a\u00f1os con quienes se realizar\u00e1n tutor\u00edas de una hora a la semana &nbsp; &nbsp; &nbsp; En el marco del inicio del ciclo escolar 2026-2027, la presidenta Claudia Sheinbaum Pardo, [&hellip;]<\/p>\n","protected":false},"author":14,"featured_media":737919,"comment_status":"open","ping_status":"open","sticky":false,"template":"","format":"standard","meta":{"_monsterinsights_skip_tracking":false,"footnotes":""},"categories":[3],"tags":[],"class_list":["post-737918","post","type-post","status-publish","format-standard","has-post-thumbnail","hentry","category-nacional"],"_links":{"self":[{"href":"https:\/\/www.diarioimagen.net\/index.php?rest_route=\/wp\/v2\/posts\/737918","targetHints":{"allow":["GET"]}}],"collection":[{"href":"https:\/\/www.diarioimagen.net\/index.php?rest_route=\/wp\/v2\/posts"}],"about":[{"href":"https:\/\/www.diarioimagen.net\/index.php?rest_route=\/wp\/v2\/types\/post"}],"author":[{"embeddable":true,"href":"https:\/\/www.diarioimagen.net\/index.php?rest_route=\/wp\/v2\/users\/14"}],"replies":[{"embeddable":true,"href":"https:\/\/www.diarioimagen.net\/index.php?rest_route=%2Fwp%2Fv2%2Fcomments&post=737918"}],"version-history":[{"count":1,"href":"https:\/\/www.diarioimagen.net\/index.php?rest_route=\/wp\/v2\/posts\/737918\/revisions"}],"predecessor-version":[{"id":737920,"href":"https:\/\/www.diarioimagen.net\/index.php?rest_route=\/wp\/v2\/posts\/737918\/revisions\/737920"}],"wp:featuredmedia":[{"embeddable":true,"href":"https:\/\/www.diarioimagen.net\/index.php?rest_route=\/wp\/v2\/media\/737919"}],"wp:attachment":[{"href":"https:\/\/www.diarioimagen.net\/index.php?rest_route=%2Fwp%2Fv2%2Fmedia&parent=737918"}],"wp:term":[{"taxonomy":"category","embeddable":true,"href":"https:\/\/www.diarioimagen.net\/index.php?rest_route=%2Fwp%2Fv2%2Fcategories&post=737918"},{"taxonomy":"post_tag","embeddable":true,"href":"https:\/\/www.diarioimagen.net\/index.php?rest_route=%2Fwp%2Fv2%2Ftags&post=737918"}],"curies":[{"name":"wp","href":"https:\/\/api.w.org\/{rel}","templated":true}]}}