{"id":737924,"date":"2026-09-01T00:00:51","date_gmt":"2026-09-01T06:00:51","guid":{"rendered":"https:\/\/www.diarioimagen.net\/?p=737924"},"modified":"2026-08-31T18:08:00","modified_gmt":"2026-09-01T00:08:00","slug":"uaemex-fortalece-su-agenda-transversal-de-igualdad-de-genero-y-cuidados","status":"publish","type":"post","link":"https:\/\/www.diarioimagen.net\/?p=737924","title":{"rendered":"UAEM\u00e9x fortalece su agenda transversal de igualdad de g\u00e9nero y cuidados"},"content":{"rendered":"<p><strong>\u00a0<\/strong><\/p>\n<ul>\n<li><strong>Instalan el Consejo Consultivo Universitario para la Igualdad de G\u00e9nero y Erradicaci\u00f3n de la Violencia<\/strong><\/li>\n<\/ul>\n<div id=\"attachment_737925\" style=\"width: 415px\" class=\"wp-caption alignnone\"><img loading=\"lazy\" decoding=\"async\" aria-describedby=\"caption-attachment-737925\" class=\"wp-image-737925 size-large\" src=\"https:\/\/www.diarioimagen.net\/wp-content\/uploads\/2026\/08\/UAEM-1-2-405x270.jpeg\" alt=\"\" width=\"405\" height=\"270\" srcset=\"https:\/\/www.diarioimagen.net\/wp-content\/uploads\/2026\/08\/UAEM-1-2-405x270.jpeg 405w, https:\/\/www.diarioimagen.net\/wp-content\/uploads\/2026\/08\/UAEM-1-2-240x160.jpeg 240w, https:\/\/www.diarioimagen.net\/wp-content\/uploads\/2026\/08\/UAEM-1-2-768x512.jpeg 768w, https:\/\/www.diarioimagen.net\/wp-content\/uploads\/2026\/08\/UAEM-1-2-1536x1025.jpeg 1536w, https:\/\/www.diarioimagen.net\/wp-content\/uploads\/2026\/08\/UAEM-1-2-2048x1366.jpeg 2048w\" sizes=\"auto, (max-width: 405px) 100vw, 405px\" \/><p id=\"caption-attachment-737925\" class=\"wp-caption-text\">Se tom\u00f3 protesta a integrantes del Consejo Consultivo Universitario para la Igualdad de G\u00e9nero y Erradicaci\u00f3n de la Violencia, as\u00ed como de la Comisi\u00f3n de Igualdad Laboral y No Discriminaci\u00f3n, organismos presididos por la rectora Martha Patricia Zarza Delgado.<\/p><\/div>\n<p>Toluca, M\u00e9x.\u2013 Como parte de la consolidaci\u00f3n de una agenda transversal de igualdad de g\u00e9nero y cuidados, la Universidad Aut\u00f3noma del Estado de M\u00e9xico (UAEM\u00e9x), a trav\u00e9s de la Secretar\u00eda de Igualdad Sustantiva y Cuidados, instal\u00f3 el Consejo Consultivo Universitario para la Igualdad de G\u00e9nero y Erradicaci\u00f3n de la Violencia, \u00f3rgano colegiado que contribuir\u00e1 a articular esfuerzos para fortalecer una cultura universitaria libre de violencias.<\/p>\n<p>Durante la primera sesi\u00f3n ordinaria de este Consejo, realizada en la Sala de Ex Rectores del Edificio de Rector\u00eda, se aprob\u00f3 su instalaci\u00f3n como un \u00f3rgano de car\u00e1cter propositivo, de consulta, opini\u00f3n y coordinaci\u00f3n, orientado a generar propuestas y acciones especializadas en materia de igualdad sustantiva y prevenci\u00f3n y erradicaci\u00f3n de las violencias en los espacios universitarios.<\/p>\n<p>En este acto, se tom\u00f3 protesta a las y los integrantes del Consejo Consultivo Universitario para la Igualdad de G\u00e9nero y Erradicaci\u00f3n de la Violencia, as\u00ed como de la Comisi\u00f3n de Igualdad Laboral y No Discriminaci\u00f3n, organismos presididos por la rectora de la UAEM\u00e9x, Martha Patricia Zarza Delgado.<\/p>\n<p>Como parte de las acciones encaminadas a fortalecer una cultura institucional de cuidados y bienestar para las y los trabajadores universitarios, tambi\u00e9n fueron presentadas y aprobadas la estrategia de atenci\u00f3n y los Lineamientos para la operaci\u00f3n de la Comisi\u00f3n de Igualdad Laboral y No Discriminaci\u00f3n, elaborados con base en los requisitos establecidos en la Norma Mexicana NMX-R-025-SCFI-2015 en Igualdad Laboral y No Discriminaci\u00f3n.<\/p>\n<p>Con estas acciones, la UAEM\u00e9x fortalece los mecanismos institucionales orientados a promover la igualdad sustantiva, la inclusi\u00f3n y el respeto a los derechos humanos, al tiempo que impulsa una cultura de paz y cuidados que contribuya al bienestar de quienes integran la comunidad verde y oro.<\/p>\n<p>&nbsp;<\/p>\n","protected":false},"excerpt":{"rendered":"<p>\u00a0 Instalan el Consejo Consultivo Universitario para la Igualdad de G\u00e9nero y Erradicaci\u00f3n de la Violencia Toluca, M\u00e9x.\u2013 Como parte de la consolidaci\u00f3n de una agenda transversal de igualdad de g\u00e9nero y cuidados, la Universidad Aut\u00f3noma del Estado de M\u00e9xico (UAEM\u00e9x), a trav\u00e9s de la Secretar\u00eda de Igualdad Sustantiva y Cuidados, instal\u00f3 el Consejo Consultivo [&hellip;]<\/p>\n","protected":false},"author":14,"featured_media":737925,"comment_status":"open","ping_status":"open","sticky":false,"template":"","format":"standard","meta":{"_monsterinsights_skip_tracking":false,"footnotes":""},"categories":[16,5],"tags":[],"class_list":["post-737924","post","type-post","status-publish","format-standard","has-post-thumbnail","hentry","category-destacadas","category-estado-de-mexico"],"_links":{"self":[{"href":"https:\/\/www.diarioimagen.net\/index.php?rest_route=\/wp\/v2\/posts\/737924","targetHints":{"allow":["GET"]}}],"collection":[{"href":"https:\/\/www.diarioimagen.net\/index.php?rest_route=\/wp\/v2\/posts"}],"about":[{"href":"https:\/\/www.diarioimagen.net\/index.php?rest_route=\/wp\/v2\/types\/post"}],"author":[{"embeddable":true,"href":"https:\/\/www.diarioimagen.net\/index.php?rest_route=\/wp\/v2\/users\/14"}],"replies":[{"embeddable":true,"href":"https:\/\/www.diarioimagen.net\/index.php?rest_route=%2Fwp%2Fv2%2Fcomments&post=737924"}],"version-history":[{"count":1,"href":"https:\/\/www.diarioimagen.net\/index.php?rest_route=\/wp\/v2\/posts\/737924\/revisions"}],"predecessor-version":[{"id":737926,"href":"https:\/\/www.diarioimagen.net\/index.php?rest_route=\/wp\/v2\/posts\/737924\/revisions\/737926"}],"wp:featuredmedia":[{"embeddable":true,"href":"https:\/\/www.diarioimagen.net\/index.php?rest_route=\/wp\/v2\/media\/737925"}],"wp:attachment":[{"href":"https:\/\/www.diarioimagen.net\/index.php?rest_route=%2Fwp%2Fv2%2Fmedia&parent=737924"}],"wp:term":[{"taxonomy":"category","embeddable":true,"href":"https:\/\/www.diarioimagen.net\/index.php?rest_route=%2Fwp%2Fv2%2Fcategories&post=737924"},{"taxonomy":"post_tag","embeddable":true,"href":"https:\/\/www.diarioimagen.net\/index.php?rest_route=%2Fwp%2Fv2%2Ftags&post=737924"}],"curies":[{"name":"wp","href":"https:\/\/api.w.org\/{rel}","templated":true}]}}