{"id":737927,"date":"2026-09-01T00:00:10","date_gmt":"2026-09-01T06:00:10","guid":{"rendered":"https:\/\/www.diarioimagen.net\/?p=737927"},"modified":"2026-08-31T18:09:11","modified_gmt":"2026-09-01T00:09:11","slug":"potros-salvajes-con-los-cascos-puestos-para-la-liga-mayor","status":"publish","type":"post","link":"https:\/\/www.diarioimagen.net\/?p=737927","title":{"rendered":"Potros Salvajes, con los cascos puestos para la Liga Mayor"},"content":{"rendered":"<div id=\"attachment_737928\" style=\"width: 416px\" class=\"wp-caption alignnone\"><img loading=\"lazy\" decoding=\"async\" aria-describedby=\"caption-attachment-737928\" class=\"wp-image-737928 size-large\" src=\"https:\/\/www.diarioimagen.net\/wp-content\/uploads\/2026\/08\/UAEM-2-406x270.jpeg\" alt=\"\" width=\"406\" height=\"270\" srcset=\"https:\/\/www.diarioimagen.net\/wp-content\/uploads\/2026\/08\/UAEM-2-406x270.jpeg 406w, https:\/\/www.diarioimagen.net\/wp-content\/uploads\/2026\/08\/UAEM-2-240x160.jpeg 240w, https:\/\/www.diarioimagen.net\/wp-content\/uploads\/2026\/08\/UAEM-2-768x511.jpeg 768w, https:\/\/www.diarioimagen.net\/wp-content\/uploads\/2026\/08\/UAEM-2-1536x1023.jpeg 1536w, https:\/\/www.diarioimagen.net\/wp-content\/uploads\/2026\/08\/UAEM-2.jpeg 1969w\" sizes=\"auto, (max-width: 406px) 100vw, 406px\" \/><p id=\"caption-attachment-737928\" class=\"wp-caption-text\">El equipo Potros Salvajes de la UAEM\u00e9x debutar\u00e1 el 11 de septiembre ante Pumas FES Acatl\u00e1n.<\/p><\/div>\n<p><strong>\u00a0<\/strong><\/p>\n<p>Toluca, M\u00e9x.- El emparrillado est\u00e1 listo y los Potros Salvajes de la Universidad Aut\u00f3noma del Estado de M\u00e9xico (UAEM\u00e9x) tambi\u00e9n. Con una plantilla de 70 jugadores y bajo la direcci\u00f3n de Ricardo Jim\u00e9nez L\u00f3pez, el conjunto universitario se encuentra preparado para iniciar una nueva batalla en la Liga Mayor de la Organizaci\u00f3n Nacional Estudiantil de Futbol Americano (ONEFA).<\/p>\n<p>La primera cita ya tiene fecha, rival y escenario: el pr\u00f3ximo 11 de septiembre, los Potros Salvajes saltar\u00e1n al Estadio Universitario \u201cJuan Josafat Pichardo Cruz\u201d para recibir a Pumas FES Acatl\u00e1n, en punto de las 19:00 horas, en un duelo que marcar\u00e1 el inicio de su participaci\u00f3n en la Conferencia Nacional.<\/p>\n<p>Con la mira puesta en los primeros lugares, el equipo auriverde encara la temporada con una combinaci\u00f3n de juventud, experiencia y, sobre todo, el compromiso de competir al m\u00e1ximo en cada jornada.<\/p>\n<p>Antes de que el bal\u00f3n entre en juego, jugadores y cuerpo t\u00e9cnico se reunieron para la tradicional fotograf\u00eda oficial de la temporada, una imagen que simboliza el inicio de un nuevo desaf\u00edo para la escuadra universitaria.<\/p>\n<p>Durante la actividad estuvo presente la directora de Cultura F\u00edsica de la UAEM\u00e9x, Mar\u00eda Fernanda Villegas Rodr\u00edguez, quien acompa\u00f1\u00f3 al equipo y le dese\u00f3 \u00e9xito en el camino que est\u00e1 por comenzar.<\/p>\n<p>Para el head coach Ricardo Jim\u00e9nez L\u00f3pez, la preparaci\u00f3n ha generado ilusi\u00f3n dentro del grupo y existe plena confianza en el trabajo realizado durante la pretemporada.<\/p>\n<p>\u201cEstamos muy ilusionados y listos para arrancar la temporada este 11 de septiembre ante Pumas FES Acatl\u00e1n. Semana a semana, junto con el staff, analizaremos el desarrollo de los partidos. Hay confianza en realizar un buen trabajo y en que destaquen los Potros Salvajes\u201d, se\u00f1al\u00f3.<\/p>\n<p>El reto ser\u00e1 may\u00fasculo. Cada partido pondr\u00e1 a prueba la capacidad del conjunto universitario para responder dentro del terreno de juego y mantener el rumbo hacia los primeros lugares de la Conferencia Nacional.<\/p>\n<p>Con familiares y amigos como respaldo desde las tribunas, los Potros Salvajes recibieron los mejores deseos antes de iniciar una temporada en la que buscar\u00e1n que cada golpe, cada yarda y cada anotaci\u00f3n se traduzcan en resultados.<\/p>\n<p>El primer cap\u00edtulo se escribir\u00e1 el 11 de septiembre. Los Potros Salvajes ya tienen los cascos puestos y est\u00e1n listos para volver a defender con orgullo los colores verde y oro.<\/p>\n<p>&nbsp;<\/p>\n<p>&nbsp;<\/p>\n<p><strong>\u00a0<\/strong><\/p>\n","protected":false},"excerpt":{"rendered":"<p>\u00a0 Toluca, M\u00e9x.- El emparrillado est\u00e1 listo y los Potros Salvajes de la Universidad Aut\u00f3noma del Estado de M\u00e9xico (UAEM\u00e9x) tambi\u00e9n. Con una plantilla de 70 jugadores y bajo la direcci\u00f3n de Ricardo Jim\u00e9nez L\u00f3pez, el conjunto universitario se encuentra preparado para iniciar una nueva batalla en la Liga Mayor de la Organizaci\u00f3n Nacional Estudiantil [&hellip;]<\/p>\n","protected":false},"author":14,"featured_media":737928,"comment_status":"open","ping_status":"open","sticky":false,"template":"","format":"standard","meta":{"_monsterinsights_skip_tracking":false,"footnotes":""},"categories":[16,5],"tags":[],"class_list":["post-737927","post","type-post","status-publish","format-standard","has-post-thumbnail","hentry","category-destacadas","category-estado-de-mexico"],"_links":{"self":[{"href":"https:\/\/www.diarioimagen.net\/index.php?rest_route=\/wp\/v2\/posts\/737927","targetHints":{"allow":["GET"]}}],"collection":[{"href":"https:\/\/www.diarioimagen.net\/index.php?rest_route=\/wp\/v2\/posts"}],"about":[{"href":"https:\/\/www.diarioimagen.net\/index.php?rest_route=\/wp\/v2\/types\/post"}],"author":[{"embeddable":true,"href":"https:\/\/www.diarioimagen.net\/index.php?rest_route=\/wp\/v2\/users\/14"}],"replies":[{"embeddable":true,"href":"https:\/\/www.diarioimagen.net\/index.php?rest_route=%2Fwp%2Fv2%2Fcomments&post=737927"}],"version-history":[{"count":1,"href":"https:\/\/www.diarioimagen.net\/index.php?rest_route=\/wp\/v2\/posts\/737927\/revisions"}],"predecessor-version":[{"id":737929,"href":"https:\/\/www.diarioimagen.net\/index.php?rest_route=\/wp\/v2\/posts\/737927\/revisions\/737929"}],"wp:featuredmedia":[{"embeddable":true,"href":"https:\/\/www.diarioimagen.net\/index.php?rest_route=\/wp\/v2\/media\/737928"}],"wp:attachment":[{"href":"https:\/\/www.diarioimagen.net\/index.php?rest_route=%2Fwp%2Fv2%2Fmedia&parent=737927"}],"wp:term":[{"taxonomy":"category","embeddable":true,"href":"https:\/\/www.diarioimagen.net\/index.php?rest_route=%2Fwp%2Fv2%2Fcategories&post=737927"},{"taxonomy":"post_tag","embeddable":true,"href":"https:\/\/www.diarioimagen.net\/index.php?rest_route=%2Fwp%2Fv2%2Ftags&post=737927"}],"curies":[{"name":"wp","href":"https:\/\/api.w.org\/{rel}","templated":true}]}}