{"id":737935,"date":"2026-08-31T23:29:43","date_gmt":"2026-09-01T05:29:43","guid":{"rendered":"https:\/\/www.diarioimagen.net\/?p=737935"},"modified":"2026-08-31T23:29:43","modified_gmt":"2026-09-01T05:29:43","slug":"vamos-a-ir-mejor-ofrecio-sheinbaum-pero-los-indicadores-no-la-respaldan","status":"publish","type":"post","link":"https:\/\/www.diarioimagen.net\/?p=737935","title":{"rendered":"Vamos a ir mejor, ofreci\u00f3 Sheinbaum,  pero los indicadores no la respaldan"},"content":{"rendered":"<p><strong>CLASE POLITICA\u00a0<\/strong>Miguel \u00c1ngel Rivera<\/p>\n<p><strong>\u00a0<\/strong><\/p>\n<p>&nbsp;<\/p>\n<p>\u201cVamos bien y vamos a ir mejor\u201d, afirm\u00f3 la presidenta (con A) Claudia Sheinbaum Pardo, el 1 de septiembre de 2025, en un mensaje a la naci\u00f3n con motivo de su primer informe de gobierno. El mensaje lo ha reproducido cuantas veces ha deseado a lo largo de los \u00faltimos 12 meses.<\/p>\n<p>\u201cVamos bien y vamos a ir mejor. Repito: vamos bien y vamos a ir mejor. Por nuestro pueblo, por nuestra patria, vale la pena dar cada hora, cada minuto y cada aliento de nuestros d\u00edas. Llegamos a seguir transformando la naci\u00f3n, por la paz y el bienestar del pueblo. Tengan la certeza que no voy a traicionar. Con la fuerza de M\u00e9xico, de nuestro pueblo, caminar\u00e9 sin descanso, con rectitud, con valent\u00eda y honrar\u00e9 siempre la confianza depositada en m\u00ed.<\/p>\n<p>\u201cM\u00e9xico es un pa\u00eds grandioso con un pueblo maravilloso y hoy que inicia el mes de la patria, cuando conmemoramos con orgullo nuestra Independencia decimos con fuerza y alegr\u00eda: somos un pa\u00eds libre, independiente y soberano, con un pueblo trabajador y extraordinario. Somos grandeza cultural y somos siempre y por siempre servidores del pueblo y de la patria. \u00a1Que viva la grandeza de M\u00e9xico! \u00a1Que viva M\u00e9xico!\u201d, puntualiz\u00f3 en su comparecencia ante la Naci\u00f3n desde Palacio Nacional.<\/p>\n<p>\u201cSomos un pa\u00eds libre, independiente y soberano, con un pueblo trabajador y extraordinario, somos grandeza cultural y somos siempre y por siempre servidores del pueblo y de la patria\u201d, destac\u00f3, la todav\u00eda novel mandataria al reproducir las t\u00e1cticas de su jefe y antecesor, Andr\u00e9s Manuel L\u00f3pez Obrador, de aprovechar cualquier circunstancia para rendir informes \u201cante el pueblo\u201d.<\/p>\n<p>Al momento, con un a\u00f1o m\u00e1s de experiencia y luego de que aparenta seguir su propio rumbo, aunque s\u00f3lo en algunos aspectos, no en todo, caben por lo menos dos preguntas: \u00bfEn verdad vamos bien? y \u00bfcu\u00e1les son los indicadores del buen rumbo?<\/p>\n<p>En su mensaje de hace un a\u00f1o, cuyo contenido podr\u00eda ser b\u00e1sicamente el mismo de este a\u00f1o, la presidenta Sheinbaum presumi\u00f3 los avances de la construcci\u00f3n del segundo piso que le encomend\u00f3 su caudillo, consistentes en programas para el bienestar, seguridad, materia econ\u00f3mica, educativa, infraestructura, salud, vivienda y derechos de las mujeres.<\/p>\n<p>De acuerdo con la nota informativa que aparece en el portal de Internet del Gobierno de la Rep\u00fablica, la mandataria record\u00f3 que, por primera vez en m\u00e1s de dos siglos, una mujer encabeza los destinos de la patria, lo que ha generado en ni\u00f1as, j\u00f3venes y adultas una fuerza que mueve conciencias, abre caminos y rompe aquellas barreras que durante mucho tiempo parecieron imposibles de derribar.<\/p>\n<p>Ahora, el efecto de la novedad ha disminuido y a pesar de la promesa, tambi\u00e9n de la gobernante, en el sentido de que \u201cllegamos todas\u201d y de que se han impulsado reformas tendientes a proteger al g\u00e9nero femenino (\u00bfes apropiado referirse as\u00ed a las mujeres?), en la realidad cotidiana no parecen haber ganado mucho terreno en lo referente a la protecci\u00f3n personal.<\/p>\n<p>En M\u00e9xico, 7 de cada 10 mujeres (el 70.1% de las mayores de 15 a\u00f1os) han experimentado alg\u00fan tipo de violencia a lo largo de su vida, de acuerdo con datos oficiales del Inegi.<\/p>\n<p>Tambi\u00e9n, m\u00e1s de dos terceras partes de las mujeres en el pa\u00eds han sufrido agresiones f\u00edsicas, emocionales, sexuales o econ\u00f3micas y, lo peor, en lo que se refiere a feminicidios, se registra un promedio de 1.8 al d\u00eda en el territorio nacional.<\/p>\n<p>Las organizaciones y redes de protecci\u00f3n civil reportan cientos de delitos de abuso o violaci\u00f3n diarios que afectan tanto a mujeres adultas como a menores de edad.<\/p>\n<p>La reacci\u00f3n del gobierno de la llamada Cuarta Transformaci\u00f3n no ha sido todo lo diligente en esta materia, pues\u00a0la Secretar\u00eda de la Mujer, creaci\u00f3n de la presidenta Sheinbaum,\u00a0no ha funcionado como se esperaba. Para empezar, no ha tenido cabeza desde m\u00e1s de cuatro meses. Su primera titular, Citlalli Hern\u00e1ndez, dej\u00f3 el cargo el 16 de abril de 2026 para integrarse a la dirigencia de Morena como presidenta de la Comisi\u00f3n Nacional de Elecciones.<\/p>\n<p>El pasado 15 de junio, la presidenta Sheinbaum anunci\u00f3 haber designado a Laura Itzel Castillo como nueva titular de esa dependencia, pero como desempe\u00f1aba el cargo de presidenta del Senado y esa importante funci\u00f3n terminaba ayer, 31 de agosto, hab\u00eda que esperar al 1 de septiembre, o sea hoy, para que asumiera su nueva responsabilidad.<\/p>\n<p>El portal del gobierno expuso en esa fecha: \u201cla a\u00fan senadora cuenta con una amplia trayectoria en la defensa de los derechos de las mexicanas desde el \u00e1mbito legislativo y territorial. Tambi\u00e9n fue diputada federal, consejera de Pemex y titular de Desarrollo Urbano en la capital del pa\u00eds\u201d.<\/p>\n<p>Bonita y emotiva presentanci\u00f3n, pero en el fondo demoestr\u00f3 que para el segundo piso de la 4T, su partido, Morena, y la burocracia legislativa son m\u00e1s importantes que los asuntos de la mujer.<\/p>\n<p>En su mensaje \u2013que no informe, pues este se entrega por escrito al Congreso\u2013 del a\u00f1o anterior, la jefa del Ejecutivo Federal destac\u00f3 que\u00a0la econom\u00eda mexicana muestra fortaleza con un crecimiento anual estimado de 1.2 por ciento. Tambi\u00e9n dijo que la Inversi\u00f3n Extranjera Directa (IED) signific\u00f3 un r\u00e9cord en el primer semestre del a\u00f1o con m\u00e1s de 36 mil millones de d\u00f3lares, adem\u00e1s de que la moneda mexicana se mantiene por debajo de los 19 pesos por d\u00f3lar.<\/p>\n<p>Por desgracia, pues esto afecta a todo el pa\u00eds, hoy la Presidenta no podr\u00e1 presumir un crecimiento mayor, pues\u00a0en su primer a\u00f1o de gobierno (2025) el Producto Interno Bruto (PIB) de la econom\u00eda mexicana registr\u00f3 un crecimiento real del 0.8%, de acuerdo con las cifras publicadas por el Instituto Nacional de Estad\u00edstica y Geograf\u00eda (Inegi), es decir, menos que el a\u00f1o anterior, el \u00faltimo del mandato de su caudillo, quien para conquistar el poder, entre otras muchas promesas no cumplidas, ofreci\u00f3 que la econom\u00eda nacional crecer\u00eda durante su gobierno a un promedio de cuatro por ciento anual, con posibilidades de alcanzar hasta un seis por ciento, pero en promedio qued\u00f3 por debajo de lo logrado por sus criticados gobiernos anteriores del repudiado PRIAN.<\/p>\n<p>La perspectiva puede mejorar un poco para la primera Presidenta de M\u00e9xico, pues hace seis d\u00edas el Banco de M\u00e9xico (Banxico) dio un informe en el cual, por primera vez en dos a\u00f1os, elev\u00f3 su pron\u00f3stico de crecimiento para 2026 de 1.1% a 1.5%, dentro de un rango de 1% a 2%.<\/p>\n<p>La Junta de Gobierno del Banco de M\u00e9xico estima que la econom\u00eda mexicana crecer\u00e1 1.5% durante este a\u00f1o, superior a la previsi\u00f3n previa de 1.1 por ciento.<\/p>\n<p>\u201cEsperamos que el crecimiento del PIB se ubique entre 1.0 y 2.0%, con una estimaci\u00f3n puntual de 1.5%, esta proyecci\u00f3n es superior al 1.1% publicada en el informe previo; la revisi\u00f3n entre informes se explica por el mayor crecimiento de la actividad econ\u00f3mica en el segundo trimestre respecto de lo anticipado\u201d, explic\u00f3 la gobernadora Victoria Rodr\u00edguez Ceja, quien fuera subsecretaria de Hacienda en el gobierno del ex presidente L\u00f3pez, quien la nomin\u00f3 a la presidencia del Banco Central.<\/p>\n<p>Pero no todo es optimismo, la misma Junta de Gobierno de Banxico advirti\u00f3 en ese informe trimestral que prev\u00e9n una desaceleraci\u00f3n en el tercer trimestre y hacia adelante proyectan una moderada y gradual aceleraci\u00f3n.<\/p>\n<p>La situaci\u00f3n podr\u00eda mejorar en 2027, para cuando el banco central espera un crecimiento del PIB de entre 1.2 y 2.8%, con una estimaci\u00f3n puntual de 2.0%, una tasa que, en esta ocasi\u00f3n, es menor al 2.1% previo.<\/p>\n<p>En particular, Rodr\u00edguez advirti\u00f3 que se mantiene la posibilidad de una baja debido a riesgos como la incertidumbre en torno a las pol\u00edticas que pudieran implementarse en Estados Unidos en materia comercial en el contexto de la nueva fase de revisiones anuales de T-MEC, lo que podr\u00eda afectar la demanda externa, as\u00ed como el consumo y la inversi\u00f3n en el pa\u00eds.<\/p>\n<p>Esto, adem\u00e1s de que se mantienen riesgos asociados con conflictos geopol\u00edticos en particular por la guerra en Oriente Medio y episodios de volatilidad financiera.<\/p>\n<p>Otro aspecto que alarde\u00f3 Sheinbaum el a\u00f1o anterior fue la supuesta baja en el desempleo. Asegur\u00f3 que se ubic\u00f3 en 2.7 por ciento, uno de los m\u00e1s bajos del mundo, y en los \u00faltimos 12 meses ha vuelto a destacar ese supuesto \u00e9xito.<\/p>\n<p>Nuevamente, por desgracia, ese supuesto logro se viene abajo si se tiene en cuenta que el empleo informal en M\u00e9xico alcanz\u00f3 un r\u00e9cord en julio de 2026, pues 34 millones 143 mil 28 personas estuvieron bajo esa condici\u00f3n laboral, revela la Encuesta Nacional de Ocupaci\u00f3n y Empleo (Enoe) del Inegi.<\/p>\n<p>&nbsp;<\/p>\n<p>&nbsp;<\/p>\n<p>&nbsp;<\/p>\n","protected":false},"excerpt":{"rendered":"<p>CLASE POLITICA\u00a0Miguel \u00c1ngel Rivera \u00a0 &nbsp; \u201cVamos bien y vamos a ir mejor\u201d, afirm\u00f3 la presidenta (con A) Claudia Sheinbaum Pardo, el 1 de septiembre de 2025, en un mensaje a la naci\u00f3n con motivo de su primer informe de gobierno. El mensaje lo ha reproducido cuantas veces ha deseado a lo largo de los [&hellip;]<\/p>\n","protected":false},"author":14,"featured_media":0,"comment_status":"open","ping_status":"open","sticky":false,"template":"","format":"standard","meta":{"_monsterinsights_skip_tracking":false,"footnotes":""},"categories":[84119,4],"tags":[],"class_list":["post-737935","post","type-post","status-publish","format-standard","hentry","category-miguel-angel-rivera","category-opinion"],"_links":{"self":[{"href":"https:\/\/www.diarioimagen.net\/index.php?rest_route=\/wp\/v2\/posts\/737935","targetHints":{"allow":["GET"]}}],"collection":[{"href":"https:\/\/www.diarioimagen.net\/index.php?rest_route=\/wp\/v2\/posts"}],"about":[{"href":"https:\/\/www.diarioimagen.net\/index.php?rest_route=\/wp\/v2\/types\/post"}],"author":[{"embeddable":true,"href":"https:\/\/www.diarioimagen.net\/index.php?rest_route=\/wp\/v2\/users\/14"}],"replies":[{"embeddable":true,"href":"https:\/\/www.diarioimagen.net\/index.php?rest_route=%2Fwp%2Fv2%2Fcomments&post=737935"}],"version-history":[{"count":1,"href":"https:\/\/www.diarioimagen.net\/index.php?rest_route=\/wp\/v2\/posts\/737935\/revisions"}],"predecessor-version":[{"id":737936,"href":"https:\/\/www.diarioimagen.net\/index.php?rest_route=\/wp\/v2\/posts\/737935\/revisions\/737936"}],"wp:attachment":[{"href":"https:\/\/www.diarioimagen.net\/index.php?rest_route=%2Fwp%2Fv2%2Fmedia&parent=737935"}],"wp:term":[{"taxonomy":"category","embeddable":true,"href":"https:\/\/www.diarioimagen.net\/index.php?rest_route=%2Fwp%2Fv2%2Fcategories&post=737935"},{"taxonomy":"post_tag","embeddable":true,"href":"https:\/\/www.diarioimagen.net\/index.php?rest_route=%2Fwp%2Fv2%2Ftags&post=737935"}],"curies":[{"name":"wp","href":"https:\/\/api.w.org\/{rel}","templated":true}]}}