{"id":737937,"date":"2026-08-31T23:31:50","date_gmt":"2026-09-01T05:31:50","guid":{"rendered":"https:\/\/www.diarioimagen.net\/?p=737937"},"modified":"2026-08-31T23:31:50","modified_gmt":"2026-09-01T05:31:50","slug":"morat-anuncia-mas-fechas-en-mexico","status":"publish","type":"post","link":"https:\/\/www.diarioimagen.net\/?p=737937","title":{"rendered":"Morat anuncia m\u00e1s fechas en M\u00e9xico"},"content":{"rendered":"<ul>\n<li><strong> Uno de los grupos m\u00e1s importantes de la m\u00fasica en espa\u00f1ol<\/strong><\/li>\n<li><strong>T\u00edtulos como \u201cNo Se Va\u201d, \u201cBesos en Guerra\u201d, \u201cA D\u00f3nde Vamos\u201d y \u201cC\u00f3mo Te Atreves\u201d, se han convertido en cl\u00e1sicos de la banda<\/strong><\/li>\n<\/ul>\n<div id=\"attachment_737938\" style=\"width: 470px\" class=\"wp-caption alignnone\"><img loading=\"lazy\" decoding=\"async\" aria-describedby=\"caption-attachment-737938\" class=\"wp-image-737938 size-large\" src=\"https:\/\/www.diarioimagen.net\/wp-content\/uploads\/2026\/08\/MORAT-460x259.jpg\" alt=\"\" width=\"460\" height=\"259\" srcset=\"https:\/\/www.diarioimagen.net\/wp-content\/uploads\/2026\/08\/MORAT-460x259.jpg 460w, https:\/\/www.diarioimagen.net\/wp-content\/uploads\/2026\/08\/MORAT-240x135.jpg 240w, https:\/\/www.diarioimagen.net\/wp-content\/uploads\/2026\/08\/MORAT-768x432.jpg 768w, https:\/\/www.diarioimagen.net\/wp-content\/uploads\/2026\/08\/MORAT-1536x864.jpg 1536w, https:\/\/www.diarioimagen.net\/wp-content\/uploads\/2026\/08\/MORAT-480x270.jpg 480w, https:\/\/www.diarioimagen.net\/wp-content\/uploads\/2026\/08\/MORAT-235x132.jpg 235w, https:\/\/www.diarioimagen.net\/wp-content\/uploads\/2026\/08\/MORAT-202x114.jpg 202w, https:\/\/www.diarioimagen.net\/wp-content\/uploads\/2026\/08\/MORAT-350x196.jpg 350w, https:\/\/www.diarioimagen.net\/wp-content\/uploads\/2026\/08\/MORAT-220x123.jpg 220w, https:\/\/www.diarioimagen.net\/wp-content\/uploads\/2026\/08\/MORAT-237x132.jpg 237w, https:\/\/www.diarioimagen.net\/wp-content\/uploads\/2026\/08\/MORAT.jpg 1969w\" sizes=\"auto, (max-width: 460px) 100vw, 460px\" \/><p id=\"caption-attachment-737938\" class=\"wp-caption-text\">La Preventa Banamex se llevar\u00e1 a cabo el 2 de septiembre a trav\u00e9s de Ticketmaster para Ciudad de M\u00e9xico y en Eticket para las dem\u00e1s ciudades, mientras que la Venta General estar\u00e1 disponible un d\u00eda despu\u00e9s.<\/p><\/div>\n<p>El fen\u00f3meno de Morat en M\u00e9xico sigue creciendo. Despu\u00e9s de la extraordinaria demanda registrada para las 11 fechas de su Ya Es Ma\u00f1ana World Tour en el pa\u00eds, la banda colombiana ganadora del Latin GRAMMY\u00ae anuncia una \u00faltima noche para el Domo de Cobre y nuevas fechas para las ciudades de M\u00e9rida, Veracruz y Quer\u00e9taro. Estos conciertos se suman a una gira hist\u00f3rica que ha conquistado escenarios alrededor del mundo y que refleja la profunda conexi\u00f3n que el grupo ha construido con sus seguidores mexicanos. Respaldados por 24 conciertos anticipados en Colombia, Chile, Argentina y Espa\u00f1a, Morat vive uno de los momentos m\u00e1s importantes de su carrera y se prepara para ofrecer una \u00faltima noche que promete ser uno de los eventos m\u00e1s esperados del a\u00f1o.<\/p>\n<p>El fen\u00f3meno ha sido abrumador: en Bogot\u00e1, la banda agot\u00f3 seis fechas consecutivas en el Movistar Arena, un logro sin precedentes para un artista colombiano en su propia casa; en Santiago de Chile, vendi\u00f3 cinco funciones en tiempo r\u00e9cord, lo que los llev\u00f3 a abrir una sexta fecha ante la demanda desbordada del p\u00fablico; en Buenos Aires, las entradas volaron para cuatro noches consecutivas, consolidando su posici\u00f3n como uno de los actos m\u00e1s convocantes de la regi\u00f3n. Aunado a esto, en Espa\u00f1a, recintos ic\u00f3nicos tambi\u00e9n mostraron alta demanda, con shows anticipados en el Palau Sant Jordi, el Navarra Arena, el Roig Arena y dos noches sold-out en el Movistar Arena Madrid, reafirmando su dominio en el otro lado del Atl\u00e1ntico.<\/p>\n<p>Cada n\u00famero confirma lo que el p\u00fablico ya sabe desde el coraz\u00f3n, Morat no s\u00f3lo es una banda moment\u00e1nea, est\u00e1n escribiendo historia en la m\u00fasica latina. Su propuesta \u00fanica, fresca, honesta y principalmente de conexi\u00f3n con las historias que relatan, los han llevado a transformar miles de voces en un solo coro en cada canci\u00f3n.<\/p>\n<p>RADIOGRAF\u00cdA MUSICAL<\/p>\n<p>Con m\u00e1s de una d\u00e9cada de trayectoria, su estatus se ha elevado hasta convertirlos en un fen\u00f3meno global. En 2024, la banda alcanz\u00f3 un nuevo hito con su gira Los Estadios, reuniendo a m\u00e1s de un mill\u00f3n de fans en 14 pa\u00edses. En 2025, llevaron su carrera a\u00fan m\u00e1s lejos con su debut en el Festival de Vi\u00f1a del Mar, donde recibieron las Gaviotas de Plata y Oro, y cerraron el a\u00f1o ganando su primer Latin Grammy en la categor\u00eda Mejor \u00c1lbum Pop\/Rock por Ya Es Ma\u00f1ana, su quinto \u00e1lbum de estudio.<\/p>\n<p>Para 2026, Morat acumula m\u00e1s de 22 billones de streams globales, adem\u00e1s de 14 discos de Platino y 5 discos de Oro. Este a\u00f1o, la banda inici\u00f3 su gira mundial Ya Es Ma\u00f1ana, con fechas confirmadas en Colombia, Chile, Argentina, Espa\u00f1a y M\u00e9xico, antes de llevar el tour a Estados Unidos y Canad\u00e1 en 2027.<\/p>\n<p>Con una racha de sold outs incomparable y m\u00e1s de 600.000 boletos vendidos hasta la fecha a lo largo de la gira, Morat se posiciona como una de las agrupaciones clave del momento. Su \u00e9xito no es casualidad, es el resultado de una conexi\u00f3n real entre los integrantes con el p\u00fablico, una identidad musical s\u00f3lida y un espect\u00e1culo que eleva el est\u00e1ndar de la escena en vivo.<\/p>\n<p>Hoy, Morat no s\u00f3lo llena recintos alrededor del mundo: crea experiencias que conectan a miles de personas a trav\u00e9s de sus canciones, construyendo una comunidad que crece con cada escenario conquistado. La llegada del Ya Es Ma\u00f1ana World Tour a la Ciudad de M\u00e9xico, Monterrey, Guadalajara y ahora tambi\u00e9n M\u00e9rida, Veracruz y Quer\u00e9taro, se ha convertido en uno de los acontecimientos musicales m\u00e1s esperados del a\u00f1o, reafirmando el lazo inquebrantable entre la banda y el p\u00fablico mexicano, uno de los m\u00e1s apasionados y entregados de su carrera. Tras conquistar algunos de los escenarios m\u00e1s importantes de a nivel global, Morat aterriza en M\u00e9xico en el mejor momento de su trayectoria, listo para ofrecer noches que prometen quedar grabadas en la memoria de sus fans.<\/p>\n<p>Morat contin\u00faa escribiendo una historia sin precedentes dentro de la m\u00fasica en espa\u00f1ol, y M\u00e9xico ocupa un lugar fundamental en ese recorrido. Ahora, ante la extraordinaria respuesta del p\u00fablico, se abren nuevas fechas para M\u00e9rida, Veracruz y Quer\u00e9taro y un cierre perfecto para una racha hist\u00f3rica en el Palacio de los Deportes para quienes a\u00fan buscan ser parte de esta celebraci\u00f3n.<\/p>\n<p><strong>\u00a0<\/strong><\/p>\n<p><strong>\u00a0<\/strong><\/p>\n","protected":false},"excerpt":{"rendered":"<p>Uno de los grupos m\u00e1s importantes de la m\u00fasica en espa\u00f1ol T\u00edtulos como \u201cNo Se Va\u201d, \u201cBesos en Guerra\u201d, \u201cA D\u00f3nde Vamos\u201d y \u201cC\u00f3mo Te Atreves\u201d, se han convertido en cl\u00e1sicos de la banda El fen\u00f3meno de Morat en M\u00e9xico sigue creciendo. Despu\u00e9s de la extraordinaria demanda registrada para las 11 fechas de su Ya [&hellip;]<\/p>\n","protected":false},"author":14,"featured_media":737938,"comment_status":"open","ping_status":"open","sticky":false,"template":"","format":"standard","meta":{"_monsterinsights_skip_tracking":false,"footnotes":""},"categories":[12],"tags":[],"class_list":["post-737937","post","type-post","status-publish","format-standard","has-post-thumbnail","hentry","category-espectaculos"],"_links":{"self":[{"href":"https:\/\/www.diarioimagen.net\/index.php?rest_route=\/wp\/v2\/posts\/737937","targetHints":{"allow":["GET"]}}],"collection":[{"href":"https:\/\/www.diarioimagen.net\/index.php?rest_route=\/wp\/v2\/posts"}],"about":[{"href":"https:\/\/www.diarioimagen.net\/index.php?rest_route=\/wp\/v2\/types\/post"}],"author":[{"embeddable":true,"href":"https:\/\/www.diarioimagen.net\/index.php?rest_route=\/wp\/v2\/users\/14"}],"replies":[{"embeddable":true,"href":"https:\/\/www.diarioimagen.net\/index.php?rest_route=%2Fwp%2Fv2%2Fcomments&post=737937"}],"version-history":[{"count":1,"href":"https:\/\/www.diarioimagen.net\/index.php?rest_route=\/wp\/v2\/posts\/737937\/revisions"}],"predecessor-version":[{"id":737939,"href":"https:\/\/www.diarioimagen.net\/index.php?rest_route=\/wp\/v2\/posts\/737937\/revisions\/737939"}],"wp:featuredmedia":[{"embeddable":true,"href":"https:\/\/www.diarioimagen.net\/index.php?rest_route=\/wp\/v2\/media\/737938"}],"wp:attachment":[{"href":"https:\/\/www.diarioimagen.net\/index.php?rest_route=%2Fwp%2Fv2%2Fmedia&parent=737937"}],"wp:term":[{"taxonomy":"category","embeddable":true,"href":"https:\/\/www.diarioimagen.net\/index.php?rest_route=%2Fwp%2Fv2%2Fcategories&post=737937"},{"taxonomy":"post_tag","embeddable":true,"href":"https:\/\/www.diarioimagen.net\/index.php?rest_route=%2Fwp%2Fv2%2Ftags&post=737937"}],"curies":[{"name":"wp","href":"https:\/\/api.w.org\/{rel}","templated":true}]}}