{"id":737940,"date":"2026-08-31T23:35:59","date_gmt":"2026-09-01T05:35:59","guid":{"rendered":"https:\/\/www.diarioimagen.net\/?p=737940"},"modified":"2026-08-31T23:35:59","modified_gmt":"2026-09-01T05:35:59","slug":"tras-6-meses-de-guerra-con-iran-trump-afirma-que-no-hay-prisa","status":"publish","type":"post","link":"https:\/\/www.diarioimagen.net\/?p=737940","title":{"rendered":"\u00a0  Tras 6 meses de guerra con Ir\u00e1n,  Trump afirma que \u201cno hay prisa\u201d"},"content":{"rendered":"<p><strong>\u00a0<\/strong><\/p>\n<ul>\n<li><strong>Se alarga \u201cpeque\u00f1a excursi\u00f3n\u201d<\/strong><\/li>\n<li><strong>Sostiene que, mediante lbombas y bloqueo, ya ha devastado al ej\u00e9rcito iran\u00ed<\/strong><\/li>\n<\/ul>\n<p>&nbsp;<\/p>\n<div id=\"attachment_737941\" style=\"width: 415px\" class=\"wp-caption alignnone\"><img loading=\"lazy\" decoding=\"async\" aria-describedby=\"caption-attachment-737941\" class=\"wp-image-737941 size-large\" src=\"https:\/\/www.diarioimagen.net\/wp-content\/uploads\/2026\/08\/TRUMP-ok-2-405x270.jpg\" alt=\"\" width=\"405\" height=\"270\" srcset=\"https:\/\/www.diarioimagen.net\/wp-content\/uploads\/2026\/08\/TRUMP-ok-2-405x270.jpg 405w, https:\/\/www.diarioimagen.net\/wp-content\/uploads\/2026\/08\/TRUMP-ok-2-240x160.jpg 240w, https:\/\/www.diarioimagen.net\/wp-content\/uploads\/2026\/08\/TRUMP-ok-2-768x512.jpg 768w, https:\/\/www.diarioimagen.net\/wp-content\/uploads\/2026\/08\/TRUMP-ok-2.jpg 1500w\" sizes=\"auto, (max-width: 405px) 100vw, 405px\" \/><p id=\"caption-attachment-737941\" class=\"wp-caption-text\">Un conflicto prolongado en Medio Oriente pueda socavar la preparaci\u00f3n militar estadounidense en otras partes del mundo.<\/p><\/div>\n<p>Donald Trump un momento inc\u00f3modo para su presidencia, cuando la guerra de Estados Unidos e Israel con Ir\u00e1n cumple seis meses, un hito significativo en un conflicto que el mandatario republicano asegur\u00f3 repetidamente a los estadounidenses que ser\u00eda una \u201cpeque\u00f1a excursi\u00f3n\u201d que durar\u00eda unas semanas.<\/p>\n<p>&nbsp;<\/p>\n<p>La guerra no ha terminado, aunque Trump sostiene que, mediante las bombas y un bloqueo, ya ha devastado al gobierno, al ej\u00e9rcito y la econom\u00eda iran\u00ed.<\/p>\n<p>&nbsp;<\/p>\n<p>Su gobierno sostuvo que centrar\u00e1 su atenci\u00f3n en aumentar la presi\u00f3n econ\u00f3mica \u2014en lugar de la acci\u00f3n militar\u2014 para intentar acabar con Ir\u00e1n. El cambio de estrategia se centra en las amenazas de castigar a cualquier pa\u00eds o entidad que siga haciendo negocios con Teher\u00e1n.<\/p>\n<p>&nbsp;<\/p>\n<p>El giro hacia el uso de sanciones como arma preferida se produce cuando Estados Unidos eval\u00faa la disminuci\u00f3n de las reservas de municiones tras meses de guerra, lo que despierta la preocupaci\u00f3n porque un conflicto prolongado pueda socavar la preparaci\u00f3n militar estadounidense en otras partes del mundo.<\/p>\n<p>&nbsp;<\/p>\n<p>A medida que el conflicto se prolonga, tambi\u00e9n parece desvanecerse el discurso de Trump sobre encontrar un final r\u00e1pido a la guerra. Esta semana subray\u00f3 que \u201cno tiene prisa\u201d por sentar a Ir\u00e1n de nuevo a la mesa de negociaciones, y sigue sosteniendo que el liderazgo de la Rep\u00fablica Isl\u00e1mica est\u00e1 contra las cuerdas.<\/p>\n<p>&nbsp;<\/p>\n<p>\u201cNo les est\u00e1n pagando a sus tropas. Est\u00e1n en serios problemas. Tienen muy poca capacidad\u201d, declar\u00f3 Trump a reporteros. \u201cNo queremos hablar con ellos. No buscamos reunirnos ni nada\u201d.<\/p>\n<p>&nbsp;<\/p>\n<p>No est\u00e1 claro c\u00f3mo \u2014o si\u2014 Trump abordar\u00e1 el sexto mes de un conflicto que ya le ha costado a Estados Unidos m\u00e1s de 37.500 millones de d\u00f3lares y ha da\u00f1ado su popularidad de cara a las cruciales elecciones de noviembre para su partido. El presidente pasar\u00e1 el viernes en Houston, donde rendir\u00e1 homenaje a la tripulaci\u00f3n del Artemis II de la NASA por su misi\u00f3n de 10 d\u00edas alrededor de la Luna a principios de a\u00f1o.<\/p>\n<p>&nbsp;<\/p>\n<p>A primera vista, el momento es complicado para el l\u00edder del movimiento \u201cEstados Unidos primero\u201d, que critic\u00f3 con dureza a sus predecesores en la Casa Blanca por despilfarrar el dinero de los contribuyentes estadounidenses y las vidas de los soldados en conflictos de Oriente Medio, y en campa\u00f1a prometi\u00f3 mantener al ej\u00e9rcito lejos de \u201cguerras interminables\u201d.<\/p>\n<p>&nbsp;<\/p>\n<p>Pero Trump se ha mostrado indignado ante las sugerencias de que esta guerra \u2014en la que las tropas del Pent\u00e1gono no han pisado suelo iran\u00ed\u2014 pueda compararse con las que se libraron durante a\u00f1os en Irak y Afganist\u00e1n, en las que murieron m\u00e1s de 7.000 estadounidenses.<\/p>\n<p>&nbsp;<\/p>\n<p>Su predecesor republicano, el expresidente George W. Bush, fue ampliamente ridiculizado por un discurso de 2003 a bordo del USS Abraham Lincoln bajo una pancarta de la Casa Blanca que dec\u00eda \u201cMission Accomplished\u201d (\u201cMisi\u00f3n cumplida\u201d). Aquello pas\u00f3 a simbolizar una declaraci\u00f3n prematura de victoria en la guerra de Irak, que continu\u00f3 casi nueve a\u00f1os m\u00e1s. M\u00e1s de dos d\u00e9cadas despu\u00e9s, todav\u00eda hay tropas de Estados Unidos estacionadas en Irak.<\/p>\n<p>&nbsp;<\/p>\n<p>La guerra de Trump se ha prolongado mucho m\u00e1s de lo que dijo a los estadounidenses que durar\u00eda. Eso no le impidi\u00f3 compartir una publicaci\u00f3n en redes sociales que proclamaba \u201cMission accomplished 2026\u201d (\u201cMisi\u00f3n cumplida 2026\u201d). La imagen, generada por la inteligencia artificial, muestra a Trump con aviones de combate, un buque de guerra y banderas estadounidenses de fondo, sobre im\u00e1genes m\u00e1s peque\u00f1as de Bush y del exl\u00edder supremo iran\u00ed, el ayatol\u00e1 Ali Jamenei, quien muri\u00f3 en un ataque israel\u00ed en los primeros momentos del conflicto.<\/p>\n<p><strong>\u00a0<\/strong><\/p>\n<p>&nbsp;<\/p>\n<p>&nbsp;<\/p>\n<p>&nbsp;<\/p>\n<p>&nbsp;<\/p>\n<p>&nbsp;<\/p>\n<p>&nbsp;<\/p>\n<p>&nbsp;<\/p>\n<p>&nbsp;<\/p>\n","protected":false},"excerpt":{"rendered":"<p>\u00a0 Se alarga \u201cpeque\u00f1a excursi\u00f3n\u201d Sostiene que, mediante lbombas y bloqueo, ya ha devastado al ej\u00e9rcito iran\u00ed &nbsp; Donald Trump un momento inc\u00f3modo para su presidencia, cuando la guerra de Estados Unidos e Israel con Ir\u00e1n cumple seis meses, un hito significativo en un conflicto que el mandatario republicano asegur\u00f3 repetidamente a los estadounidenses que [&hellip;]<\/p>\n","protected":false},"author":14,"featured_media":737941,"comment_status":"open","ping_status":"open","sticky":false,"template":"","format":"standard","meta":{"_monsterinsights_skip_tracking":false,"footnotes":""},"categories":[9],"tags":[],"class_list":["post-737940","post","type-post","status-publish","format-standard","has-post-thumbnail","hentry","category-mundo"],"_links":{"self":[{"href":"https:\/\/www.diarioimagen.net\/index.php?rest_route=\/wp\/v2\/posts\/737940","targetHints":{"allow":["GET"]}}],"collection":[{"href":"https:\/\/www.diarioimagen.net\/index.php?rest_route=\/wp\/v2\/posts"}],"about":[{"href":"https:\/\/www.diarioimagen.net\/index.php?rest_route=\/wp\/v2\/types\/post"}],"author":[{"embeddable":true,"href":"https:\/\/www.diarioimagen.net\/index.php?rest_route=\/wp\/v2\/users\/14"}],"replies":[{"embeddable":true,"href":"https:\/\/www.diarioimagen.net\/index.php?rest_route=%2Fwp%2Fv2%2Fcomments&post=737940"}],"version-history":[{"count":1,"href":"https:\/\/www.diarioimagen.net\/index.php?rest_route=\/wp\/v2\/posts\/737940\/revisions"}],"predecessor-version":[{"id":737948,"href":"https:\/\/www.diarioimagen.net\/index.php?rest_route=\/wp\/v2\/posts\/737940\/revisions\/737948"}],"wp:featuredmedia":[{"embeddable":true,"href":"https:\/\/www.diarioimagen.net\/index.php?rest_route=\/wp\/v2\/media\/737941"}],"wp:attachment":[{"href":"https:\/\/www.diarioimagen.net\/index.php?rest_route=%2Fwp%2Fv2%2Fmedia&parent=737940"}],"wp:term":[{"taxonomy":"category","embeddable":true,"href":"https:\/\/www.diarioimagen.net\/index.php?rest_route=%2Fwp%2Fv2%2Fcategories&post=737940"},{"taxonomy":"post_tag","embeddable":true,"href":"https:\/\/www.diarioimagen.net\/index.php?rest_route=%2Fwp%2Fv2%2Ftags&post=737940"}],"curies":[{"name":"wp","href":"https:\/\/api.w.org\/{rel}","templated":true}]}}