{"id":737953,"date":"2026-08-31T23:36:48","date_gmt":"2026-09-01T05:36:48","guid":{"rendered":"https:\/\/www.diarioimagen.net\/?p=737953"},"modified":"2026-08-31T23:36:48","modified_gmt":"2026-09-01T05:36:48","slug":"casa-en-orden","status":"publish","type":"post","link":"https:\/\/www.diarioimagen.net\/?p=737953","title":{"rendered":"Casa en orden"},"content":{"rendered":"<p>&nbsp;<\/p>\n<p><strong>\u00a0<\/strong><\/p>\n<p><strong>Aunque Pese\u00a0 <\/strong><strong>Salvador Mart\u00ednez G.<\/strong><\/p>\n<p><strong>\u00a0<\/strong><\/p>\n<p><strong>\u00a0<\/strong><\/p>\n<p><strong>\u00a0<\/strong><\/p>\n<p>&nbsp;<\/p>\n<p>&nbsp;<\/p>\n<p>Pasada la presentaci\u00f3n del Segundo Informe de Gobierno de la presidenta Claudia Sheinbaum al Congreso de la Uni\u00f3n y su mensaje al pueblo de M\u00e9xico, toda la actividad pol\u00edtica en Morena se concentrar\u00e1 en la disputa por las postulaciones a las 17 gubernaturas en juego en 2027, las alcald\u00edas y las diputaciones federales y locales.<\/p>\n<p>Esto pudiera parecer parte del proceso natural de selecci\u00f3n de candidaturas como en cualquier partido, pero para Morena, y en especial para la presidenta Sheinbaum, ser\u00e1n semanas y meses aciagos por la lucha de poder entre diversos grupos, a los cuales deber\u00e1 controlar y conducir por el mismo cauce o el resquebrajamiento del partido en el poder ser\u00e1 inminente.<\/p>\n<p>Por eso, bien hizo la secretaria de Gobernaci\u00f3n, Rosa Icela Rodr\u00edguez, en llamar al movimiento por la Transformaci\u00f3n a mantener la unidad, durante su intervenci\u00f3n en la plenaria de las diputaciones federales morenistas.<\/p>\n<p>Con claridad meridiana, Rosa Icela advirti\u00f3 que el futuro \u201csea definitorio para la transformaci\u00f3n del pa\u00eds\u201d y por ello advirti\u00f3 que \u201cnadie puede servirse del Movimiento (4T) para obtener privilegios, proteger intereses personales o vulnerar la ley\u201d.<\/p>\n<p>Sin m\u00e1s resalt\u00f3: \u201cMantener esa frontera \u00e9tica es responsabilidad de todos nosotros\u201d porque el proceso electoral los pondr\u00e1 a prueba. Nada hay m\u00e1s cierto.<\/p>\n<p>A nadie escapa la existencia de grupos definidos que pugnar\u00e1n por alcanzar el mayor n\u00famero de puestos de elecci\u00f3n popular de los comicios del 2027. Ah\u00ed est\u00e1n los Monreal, los Mart\u00ed Batres, los Ad\u00e1n Augusto y los Ebrard, por s\u00f3lo mencionar a los m\u00e1s grandes y articulados grupos pol\u00edticos morenistas que no necesariamente se al\u00edan con los designios y directrices del Palacio Nacional.<\/p>\n<p>Para la Presidenta es indispensable mantener, sino la unidad absoluta, s\u00ed la firme conducci\u00f3n pol\u00edtica del movimiento que encabeza y, desprenderse de presiones internas y ajenas para alcanzar su objetivo. Cuenta para ello con el irrestricto respaldo de su Secretaria de Gobernaci\u00f3n, quien no descansa ni de d\u00eda ni de noche para mantener la casa en orden.<\/p>\n<p>&nbsp;<\/p>\n<p><strong>Susurros<\/strong><\/p>\n<p><strong><em>\u00a0<\/em><\/strong><\/p>\n<p>En Morena de la Ciudad de M\u00e9xico, por fin fue designado como sucesor de H\u00e9ctor D\u00edaz-Polanco, quien desde el 19 de julio pasado renunci\u00f3 a la dirigencia guinda, el joven diputado local Paulo Garc\u00eda.<\/p>\n<p>Con benepl\u00e1cito, la jefa de Gobierno, Clara Brugada, calific\u00f3 de positivo el nombramiento, y c\u00f3mo no, si obedece a sus \u00f3rdenes, lo que piensa le puede dar ventaja en la selecci\u00f3n de las candidaturas a las alcald\u00edas y diputaciones federales y locales citadinas.<\/p>\n<p>Sin embargo, no todos est\u00e1n seguros de que el joven Garc\u00eda pueda con el paquete y, sobre todo, logre controlar a los grupos pol\u00edticos enquistados en las distintas alcald\u00edas, adem\u00e1s de poder enfrentar a la oposici\u00f3n panista, la cual aqu\u00ed no s\u00f3lo controla cuatro alcald\u00edas, sino que pudiera alcanzar m\u00e1s en julio pr\u00f3ximo. Veremos.<\/p>\n<p>&nbsp;<\/p>\n<p><strong><em>\u00a0<\/em><\/strong><a href=\"mailto:salvadormartinez@visionmx.com\"><strong><em>salvadormartinez@visionmx.com<\/em><\/strong><\/a><\/p>\n<p><strong><em>X: @salvador_mtz<\/em><\/strong><\/p>\n<p>&nbsp;<\/p>\n<p>&nbsp;<\/p>\n","protected":false},"excerpt":{"rendered":"<p>&nbsp; \u00a0 Aunque Pese\u00a0 Salvador Mart\u00ednez G. \u00a0 \u00a0 \u00a0 &nbsp; &nbsp; Pasada la presentaci\u00f3n del Segundo Informe de Gobierno de la presidenta Claudia Sheinbaum al Congreso de la Uni\u00f3n y su mensaje al pueblo de M\u00e9xico, toda la actividad pol\u00edtica en Morena se concentrar\u00e1 en la disputa por las postulaciones a las 17 gubernaturas [&hellip;]<\/p>\n","protected":false},"author":14,"featured_media":0,"comment_status":"open","ping_status":"open","sticky":false,"template":"","format":"standard","meta":{"_monsterinsights_skip_tracking":false,"footnotes":""},"categories":[4,96743],"tags":[],"class_list":["post-737953","post","type-post","status-publish","format-standard","hentry","category-opinion","category-salvador-martinez-garcia"],"_links":{"self":[{"href":"https:\/\/www.diarioimagen.net\/index.php?rest_route=\/wp\/v2\/posts\/737953","targetHints":{"allow":["GET"]}}],"collection":[{"href":"https:\/\/www.diarioimagen.net\/index.php?rest_route=\/wp\/v2\/posts"}],"about":[{"href":"https:\/\/www.diarioimagen.net\/index.php?rest_route=\/wp\/v2\/types\/post"}],"author":[{"embeddable":true,"href":"https:\/\/www.diarioimagen.net\/index.php?rest_route=\/wp\/v2\/users\/14"}],"replies":[{"embeddable":true,"href":"https:\/\/www.diarioimagen.net\/index.php?rest_route=%2Fwp%2Fv2%2Fcomments&post=737953"}],"version-history":[{"count":1,"href":"https:\/\/www.diarioimagen.net\/index.php?rest_route=\/wp\/v2\/posts\/737953\/revisions"}],"predecessor-version":[{"id":737964,"href":"https:\/\/www.diarioimagen.net\/index.php?rest_route=\/wp\/v2\/posts\/737953\/revisions\/737964"}],"wp:attachment":[{"href":"https:\/\/www.diarioimagen.net\/index.php?rest_route=%2Fwp%2Fv2%2Fmedia&parent=737953"}],"wp:term":[{"taxonomy":"category","embeddable":true,"href":"https:\/\/www.diarioimagen.net\/index.php?rest_route=%2Fwp%2Fv2%2Fcategories&post=737953"},{"taxonomy":"post_tag","embeddable":true,"href":"https:\/\/www.diarioimagen.net\/index.php?rest_route=%2Fwp%2Fv2%2Ftags&post=737953"}],"curies":[{"name":"wp","href":"https:\/\/api.w.org\/{rel}","templated":true}]}}