{"id":737974,"date":"2026-08-31T23:38:35","date_gmt":"2026-09-01T05:38:35","guid":{"rendered":"https:\/\/www.diarioimagen.net\/?p=737974"},"modified":"2026-08-31T23:38:35","modified_gmt":"2026-09-01T05:38:35","slug":"reconocen-senadores-verdes-avances-en-materia-de-politica-exterior-y-seguridad-durante-su-reunion-plenaria","status":"publish","type":"post","link":"https:\/\/www.diarioimagen.net\/?p=737974","title":{"rendered":"Reconocen senadores verdes  avances en materia de pol\u00edtica exterior  y seguridad durante su reuni\u00f3n plenaria"},"content":{"rendered":"<p>&nbsp;<\/p>\n<ul>\n<li><strong>El Grupo Parlamentario del Partido Verde recibi\u00f3 a Roberto Velasco \u00c1lvarez, secretario de Relaciones Exteriores<\/strong><\/li>\n<\/ul>\n<ul>\n<li><strong>Karen Castrej\u00f3n destac\u00f3 que el Verde se ha consolidado como una de las fuerzas principales y la tercera fuerza en el Congreso de la Uni\u00f3n<\/strong><\/li>\n<\/ul>\n<p><strong>\u00a0<\/strong><\/p>\n<div id=\"attachment_737980\" style=\"width: 415px\" class=\"wp-caption alignnone\"><img loading=\"lazy\" decoding=\"async\" aria-describedby=\"caption-attachment-737980\" class=\"wp-image-737980 size-large\" src=\"https:\/\/www.diarioimagen.net\/wp-content\/uploads\/2026\/08\/SENADO-PARA-PORTAL-405x270.jpeg\" alt=\"\" width=\"405\" height=\"270\" srcset=\"https:\/\/www.diarioimagen.net\/wp-content\/uploads\/2026\/08\/SENADO-PARA-PORTAL-405x270.jpeg 405w, https:\/\/www.diarioimagen.net\/wp-content\/uploads\/2026\/08\/SENADO-PARA-PORTAL-240x160.jpeg 240w, https:\/\/www.diarioimagen.net\/wp-content\/uploads\/2026\/08\/SENADO-PARA-PORTAL-768x512.jpeg 768w, https:\/\/www.diarioimagen.net\/wp-content\/uploads\/2026\/08\/SENADO-PARA-PORTAL-1536x1024.jpeg 1536w, https:\/\/www.diarioimagen.net\/wp-content\/uploads\/2026\/08\/SENADO-PARA-PORTAL.jpeg 1560w\" sizes=\"auto, (max-width: 405px) 100vw, 405px\" \/><p id=\"caption-attachment-737980\" class=\"wp-caption-text\">El senador Manuel Velasco reconoci\u00f3 el\u00a0 trabajo de Roberto Velasco \u00c1lvarez al frente de la canciller\u00eda, especialmente en la atenci\u00f3n a la relaci\u00f3n M\u00e9xico-Estados Unidos, la cual consider\u00f3 estrat\u00e9gica para M\u00e9xico.<\/p><\/div>\n<p>&nbsp;<\/p>\n<p>El Grupo Parlamentario del Partido Verde Ecologista de M\u00e9xico en el Senado de la Rep\u00fablica llev\u00f3 a cabo su Reuni\u00f3n Plenaria del Primer Periodo de Sesiones del Tercer A\u00f1o de Ejercicio de la LXVI Legislatura con la presencia del secretario de Relaciones Exteriores, Roberto Velasco \u00c1lvarez, quien expuso los resultados de la pol\u00edtica exterior de nuestro pa\u00eds, destacando como una prioridad la atenci\u00f3n a las y los mexicanos que residen fuera del territorio nacional.<\/p>\n<p>Velasco \u00c1lvarez destac\u00f3 los principios que rigen la relaci\u00f3n de M\u00e9xico con los Estados Unidos: respeto a la soberan\u00eda e integridad territorial, responsabilidad compartida y diferenciada, respeto y confianza mutua, cooperaci\u00f3n sin subordinaci\u00f3n, adem\u00e1s de que enlist\u00f3 y explic\u00f3 las diversas acciones que ha realizado al frente de esta Secretar\u00eda.<\/p>\n<p>Durante su intervenci\u00f3n, el coordinador del Grupo Parlamentario del Partido Verde en el Senado, Manuel Velasco Coello, calific\u00f3 al secretario Roberto Velasco como \u201cun amigo y como un aliado de la bancada del Partido Verde en el Senado de la Rep\u00fablica\u201d.<\/p>\n<p>Tambi\u00e9n reconoci\u00f3 el trabajo al frente de la canciller\u00eda y la atenci\u00f3n que ha dado a la relaci\u00f3n M\u00e9xico-Estados Unidos, la cual consider\u00f3 estrat\u00e9gica para M\u00e9xico debido a que ambos pa\u00edses comparten historia, cultura, valores y una frontera de m\u00e1s de tres mil kil\u00f3metros, adem\u00e1s de que 40 millones de personas de origen mexicano viven en la uni\u00f3n americana; insisti\u00f3 en la importancia de una labor diplom\u00e1tica adecuada especialmente porque Estados Unidos y M\u00e9xico conforman juntos el bloque comercial y econ\u00f3mico m\u00e1s poderoso del mundo.<\/p>\n<p>Asimismo, reconoci\u00f3 los avances alcanzados en materia de seguridad, por parte de la secretar\u00eda que encabeza el maestro Omar Garc\u00eda Harfuch, la cual ha conseguido en dos a\u00f1os una reducci\u00f3n del 51 por ciento de homicidios dolosos, reducci\u00f3n acumulada de 20 por ciento en delitos de alto impacto, decomiso hist\u00f3rico de armas de fuego, de narc\u00f3ticos, desmantelamiento sin precedentes de 2 mil 609 laboratorios, adem\u00e1s de una pol\u00edtica de combate frontal al crimen organizado.<\/p>\n<p>Por su parte, Karen Castrej\u00f3n Trujillo, l\u00edder nacional del Partido Verde y vicecoordinadora del Grupo Parlamentario en el Senado, destac\u00f3 que este instituto pol\u00edtico se ha consolidado como una de las fuerzas principales en el pa\u00eds y la tercera fuerza en el Congreso de la Uni\u00f3n. Asegur\u00f3 que este Grupo Parlamentario ha estado a la altura de las necesidades de la gente y, sobre todo, de los grandes retos que enfrenta nuestro pa\u00eds.<\/p>\n<p>Agreg\u00f3 que como Grupo Parlamentario coinciden con la presidenta de la Rep\u00fablica, Claudia Sheinbaum en la defensa de la soberan\u00eda y que seguir\u00e1n luchando en la defensa de los principios constitucionales de la pol\u00edtica exterior. Adem\u00e1s de que aplaudi\u00f3 los esfuerzos del secretario Roberto Velasco en la diplomacia mexicana, y aseguro que \u201cM\u00e9xico tiene gran representaci\u00f3n en cada uno de los pa\u00edses y usted al frente est\u00e1 haciendo un gran trabajo\u201d.<\/p>\n<p>Las y los senadores ecologistas se comprometieron a seguir trabajando para atender los pendientes legislativos, entre los que destacaron los temas medioambientales: considerar graves los delitos ambientales, priorizar la educaci\u00f3n ambiental en todos los niveles educativos, garantizar el bienestar animal, luchar contra el greenwashing, entre otros, as\u00ed como temas sociales como el combate a la discriminaci\u00f3n de personas migrantes, garantizar empleos para personas con discapacidad y erradicar la violencia digital.<\/p>\n<p>Finalmente, se dijeron abiertos a trabajar en los nuevos retos que enfrenta la sociedad como seguridad cibern\u00e9tica, inteligencia artificial, protecci\u00f3n de datos, derechos de las personas consumidoras, movilidad y nuevas formas de actividad econ\u00f3mica.<\/p>\n<p>Los trabajos de la Reuni\u00f3n Plenaria del Partido Verde en el Senado contaron tambi\u00e9n con la presencia del coordinador de los diputados del Partido Verde, Carlos Puente Salas quien habl\u00f3 sobre la Agenda Verde y se refiri\u00f3 a la integraci\u00f3n de la Mesa Directiva de la C\u00e1mara de Diputados, que ser\u00e1 presidida por este instituto pol\u00edtico.<\/p>\n<p>Tras concluir estos trabajos y de la elecci\u00f3n de la Mesa Directiva del Senado de la Rep\u00fablica, el Grupo Parlamentario del Partido Verde reconoci\u00f3 el trabajo del senador Jorge Carlos Ram\u00edrez Mar\u00edn y de la senadora Juanita Guerra Mena, quienes fueron designados como vicepresidente y secretaria de la Mesa Directiva, respectivamente, de quienes est\u00e1n seguros realizar\u00e1n un gran trabajo a favor de M\u00e9xico.<\/p>\n<p><strong>\u00a0<\/strong><\/p>\n<p>&nbsp;<\/p>\n<p><strong>\u00a0<\/strong><\/p>\n<p>&nbsp;<\/p>\n<p>&nbsp;<\/p>\n","protected":false},"excerpt":{"rendered":"<p>&nbsp; El Grupo Parlamentario del Partido Verde recibi\u00f3 a Roberto Velasco \u00c1lvarez, secretario de Relaciones Exteriores Karen Castrej\u00f3n destac\u00f3 que el Verde se ha consolidado como una de las fuerzas principales y la tercera fuerza en el Congreso de la Uni\u00f3n \u00a0 &nbsp; El Grupo Parlamentario del Partido Verde Ecologista de M\u00e9xico en el Senado [&hellip;]<\/p>\n","protected":false},"author":14,"featured_media":737980,"comment_status":"open","ping_status":"open","sticky":false,"template":"","format":"standard","meta":{"_monsterinsights_skip_tracking":false,"footnotes":""},"categories":[16,3],"tags":[],"class_list":["post-737974","post","type-post","status-publish","format-standard","has-post-thumbnail","hentry","category-destacadas","category-nacional"],"_links":{"self":[{"href":"https:\/\/www.diarioimagen.net\/index.php?rest_route=\/wp\/v2\/posts\/737974","targetHints":{"allow":["GET"]}}],"collection":[{"href":"https:\/\/www.diarioimagen.net\/index.php?rest_route=\/wp\/v2\/posts"}],"about":[{"href":"https:\/\/www.diarioimagen.net\/index.php?rest_route=\/wp\/v2\/types\/post"}],"author":[{"embeddable":true,"href":"https:\/\/www.diarioimagen.net\/index.php?rest_route=\/wp\/v2\/users\/14"}],"replies":[{"embeddable":true,"href":"https:\/\/www.diarioimagen.net\/index.php?rest_route=%2Fwp%2Fv2%2Fcomments&post=737974"}],"version-history":[{"count":1,"href":"https:\/\/www.diarioimagen.net\/index.php?rest_route=\/wp\/v2\/posts\/737974\/revisions"}],"predecessor-version":[{"id":737981,"href":"https:\/\/www.diarioimagen.net\/index.php?rest_route=\/wp\/v2\/posts\/737974\/revisions\/737981"}],"wp:featuredmedia":[{"embeddable":true,"href":"https:\/\/www.diarioimagen.net\/index.php?rest_route=\/wp\/v2\/media\/737980"}],"wp:attachment":[{"href":"https:\/\/www.diarioimagen.net\/index.php?rest_route=%2Fwp%2Fv2%2Fmedia&parent=737974"}],"wp:term":[{"taxonomy":"category","embeddable":true,"href":"https:\/\/www.diarioimagen.net\/index.php?rest_route=%2Fwp%2Fv2%2Fcategories&post=737974"},{"taxonomy":"post_tag","embeddable":true,"href":"https:\/\/www.diarioimagen.net\/index.php?rest_route=%2Fwp%2Fv2%2Ftags&post=737974"}],"curies":[{"name":"wp","href":"https:\/\/api.w.org\/{rel}","templated":true}]}}