{"id":737983,"date":"2026-08-31T23:44:34","date_gmt":"2026-09-01T05:44:34","guid":{"rendered":"https:\/\/www.diarioimagen.net\/?p=737983"},"modified":"2026-08-31T23:44:34","modified_gmt":"2026-09-01T05:44:34","slug":"denuncias-y-retiro-de-visas-a-funcionarios-de-morena-ya-impacto-en-sus-candidatos","status":"publish","type":"post","link":"https:\/\/www.diarioimagen.net\/?p=737983","title":{"rendered":"Denuncias y retiro de visas a funcionarios  de Morena ya impact\u00f3 en sus candidatos"},"content":{"rendered":"<p><strong>TRAS LA PUERTA DEL PODER <\/strong><strong>Roberto Vizca\u00edno <\/strong><\/p>\n<p><strong>\u00a0<\/strong><\/p>\n<p><strong>\u00a0<\/strong><\/p>\n<p>&nbsp;<\/p>\n<p>&nbsp;<\/p>\n<p>No hay forma de entender la advertencia de la presidenta de Morena,\u00a0<strong>Ariadna Montiel,<\/strong>\u00a0en las plenarias de sus diputados y senadores, respecto de que de que el partido en el poder no permitir\u00e1 se le cuelen candidatos a gobernador o gobernadora para el proceso de 2027 con <strong>\u00abv\u00ednculos inconfesables, cuentas pendientes o antecedentes cuestionables que pongan en riesgo la viabilidad del movimiento de la Cuarta Transformaci\u00f3n\u201d<\/strong>, incluso si estos perfiles resultan ganadores en las encuestas internas, agreg\u00f3, sin se\u00f1alar que estas advertencias parten de las denuncias persistentes del presidente <strong>Donald Trump<\/strong>\u00a0y de sus principales colaboradores, de que en M\u00e9xico altos funcionarios est\u00e1n ligados a los c\u00e1rteles del narco y el crimen organizado y sobre todo por el retiro de visas incluso a gobernadores y alcaldes de Morena para con esa sanci\u00f3n advertir que est\u00e1n bajo sospecha o en listas del departamento de Justicia o de la DEA de estar aliados al narco.<\/p>\n<p>En este mismo contexto pol\u00edtico la secretaria de Gobernaci\u00f3n,\u00a0<strong>Rosa Icela Rodr\u00edguez,<\/strong>\u00a0se fue m\u00e1s a fondo, y sin dramatizar, les dijo a los mismos diputados y senadores que, \u201c<strong>rumbo a 2027, ninguna candidatura, aspiraci\u00f3n electoral o c\u00e1lculo personal estar\u00e1 por sobre la estabilidad del pa\u00eds, la soberan\u00eda nacional y el bienestar de las mayor\u00edas\u201d.<\/strong><\/p>\n<p>La contundencia y claridad de ambas advertencias, y de las posiciones de quienes las lanzaron en el seno mismo de las plenarias de senadores y diputados de Morena encabezadas por sus coordinadores y cuadros sobresalientes, del poblano\u00a0<strong>Ignacio Mier,<\/strong>\u00a0en el Senado, y del zacatecano\u00a0<strong>Ricardo Monreal,<\/strong>\u00a0en San L\u00e1zaro, indican que el mensaje era para algunos de sus integrantes que representan ejes del poder pol\u00edtico en el pa\u00eds.<\/p>\n<p>\u00bfNombres?<\/p>\n<p>No hace falta mencionarlos, pues solo hay que pensar en quienes dentro del Senado o la C\u00e1mara de Diputados aspiran a candidaturas en 2027 y son se\u00f1alados por tener v\u00ednculos \u201cinconfesables\u201d -como dijo la presidenta de Morena- o que con sus aspiraciones electorales pueden afectar la estabilidad del pa\u00eds.<\/p>\n<p>\u00a1Ups!<\/p>\n<p>Fue una clara petici\u00f3n a que se hagan a un lado, que ni siquiera piensen en que pueden ser postulados por Morena porque la decisi\u00f3n es simplemente no dejarlos pasar.<\/p>\n<p><strong>Rosa Icela Rodr\u00edguez<\/strong>\u00a0les record\u00f3 que respetar los principios del movimiento de la\u00a0<strong>Cuarta Transformaci\u00f3n<\/strong>\u00a0son un deber interno, as\u00ed como\u00a0<strong>el evitar que intereses personales o aspiraciones pol\u00edticas se antepongan al bienestar del pa\u00eds<\/strong>.<\/p>\n<p>La secretaria de Gobernaci\u00f3n reconoci\u00f3 que por todo lo anterior, el proceso electoral de 2027 ser\u00e1 un reto para la 4T, y por ello les pidi\u00f3\u00a0<strong>actuar con responsabilidad, apego a la ley y en unidad<\/strong>.<\/p>\n<p>Adem\u00e1s, agreg\u00f3, este proceso se realizar\u00e1 dentro de una fuerte competencia de aspiraciones leg\u00edtimas.<\/p>\n<p>Entendido lo anterior, precis\u00f3, nadie dentro de Morena debe utilizar su posici\u00f3n para obtener privilegios o proteger intereses particulares, o vulnerar las normas.<\/p>\n<p>\u201cLas aspiraciones de 2027 no deben dividir al movimiento\u201d, dijo y les record\u00f3 que \u201cen pol\u00edtica, los cargos p\u00fablicos son temporales\u201d.<\/p>\n<p>De paso, llam\u00f3 a sus legisladores a respaldar a\u00a0<strong>Claudia Sheinbaum.<\/strong><\/p>\n<p>&nbsp;<\/p>\n<p>&nbsp;<\/p>\n<p><strong>La salida de Inzunza no afectar\u00e1 reformas constitucionales<\/strong><\/p>\n<p><strong>\u00a0<\/strong><\/p>\n<p>&nbsp;<\/p>\n<p>La plenaria de senadores de Morena sirvi\u00f3 luego para que, tanto la dirigente de Morena,\u00a0<strong>Ariadna Montiel,<\/strong>\u00a0como la secretaria de Gobernaci\u00f3n, <strong>Rosa Icela Rodr\u00edguez,<\/strong>\u00a0y el coordinador de los senadores,\u00a0<strong>Ignacio Mier<\/strong>, afirmaran que la salida del sinaloense\u00a0<strong>Enrique Inzunza<\/strong>\u00a0de la bancada senatorial no afectar\u00e1 ni pondr\u00e1 en riesgo las iniciativas de reforma constitucional que sean presentadas por la presidenta\u00a0<strong>Claudia Sheinaum<\/strong>.<\/p>\n<p>&nbsp;<\/p>\n<p>&nbsp;<\/p>\n<p>&nbsp;<\/p>\n<p><strong>Llega Higinio Mart\u00ednez a la presidencia del Senado<\/strong><\/p>\n<p><strong>\u00a0<\/strong><\/p>\n<p>&nbsp;<\/p>\n<p>Ayer, finalmente se confirm\u00f3 la elecci\u00f3n por casi unanimidad al l\u00edder del Grupo Texcoco, el senador y doctor\u00a0<strong>Higinio Mart\u00ednez<\/strong>\u00a0como presidente del Senado para el siguiente a\u00f1o legislativo.<\/p>\n<p>En sus primeros pronunciamientos antes de asumir el cargo, el mexiquense se comprometi\u00f3 a ejercer su presidencia con respeto a la pluralidad que existe en esta c\u00e1mara y en beneficio de la promulgaci\u00f3n de leyes, normas y reformas en beneficio de los mexicanos.<\/p>\n<p>El senador\u00a0<strong>Mart\u00ednez<\/strong>\u00a0admiti\u00f3 que este logro le impulsa a continuar con su sue\u00f1o de llegar a ser gobernador del Estado de M\u00e9xico, un sue\u00f1o que lo ha motivado desde su juventud para poder impulsar a su estado hacia el desarrollo y al bienestar de su poblaci\u00f3n.<\/p>\n<p>En d\u00edas previos y con\u00a0 motivo de su cumplea\u00f1os, el doctor y senador\u00a0<strong>Mart\u00ednez <\/strong>hizo un recorrido por varios municipios de su estado donde alcaldes, diputados, senadores y lideres sociales le recibieron con importantes concentraciones ciudadanas para mostrarle su apoyo.<\/p>\n<p>&nbsp;<\/p>\n<p>&nbsp;<\/p>\n<p><strong>Moto y coche-bomba en Zacatecas y Aguascalientes del CJNG<\/strong><\/p>\n<p>&nbsp;<\/p>\n<p>En medio de una fuerte embestida desde la Secretar\u00eda de Seguridad y Protecci\u00f3n Ciudadana (SSCPC), que encabeza\u00a0<strong>Omar Garc\u00eda Harfuch<\/strong>, y que en los \u00faltimos 60 d\u00edas le han significado la captura y abatimiento de importantes jefes de plaza y de su estructura central, y mientras la DEA ha se\u00f1alado que este c\u00e1rtel es el principal objetivo de esta agencia, el C\u00e1rtel Jalisco Nueva Generaci\u00f3n escal\u00f3 ayer su confrontaci\u00f3n al atacar con una moto y un coches bomba a jefaturas de polic\u00eda en los municipios de Ojocaliente en Zacatecas y en Villagarc\u00eda en Aguascalientes.<\/p>\n<p>Los dos atentados con explosivos derivados de la dinamita dejaron destrucci\u00f3n y lesionados entre poblaci\u00f3n y decenas de inmuebles y negocios.<\/p>\n<p>Sin duda, estos eventos jalar\u00e1n la atenci\u00f3n de las agencias de seguridad de EU y son hoy la preocupaci\u00f3n de la Defensa, la Guardia Nacional y de la SSCPC de M\u00e9xico.<\/p>\n<p>&nbsp;<\/p>\n<p>Twitter: @_Vizcaino \/ Facebook<\/p>\n<p>\/\u00a0<a href=\"https:\/\/www.facebook.com\/rvizcainoa\">https:\/\/www.facebook.com\/rvizcainoa<\/a>\u00a0\/<\/p>\n<p>e-mail:\u00a0<a href=\"mailto:rvizcainoa@gmail.com\">rvizcainoa@gmail.com<\/a><\/p>\n<p>&nbsp;<\/p>\n<p>&nbsp;<\/p>\n","protected":false},"excerpt":{"rendered":"<p>TRAS LA PUERTA DEL PODER Roberto Vizca\u00edno \u00a0 \u00a0 &nbsp; &nbsp; No hay forma de entender la advertencia de la presidenta de Morena,\u00a0Ariadna Montiel,\u00a0en las plenarias de sus diputados y senadores, respecto de que de que el partido en el poder no permitir\u00e1 se le cuelen candidatos a gobernador o gobernadora para el proceso de [&hellip;]<\/p>\n","protected":false},"author":14,"featured_media":0,"comment_status":"open","ping_status":"open","sticky":false,"template":"","format":"standard","meta":{"_monsterinsights_skip_tracking":false,"footnotes":""},"categories":[4,136],"tags":[],"class_list":["post-737983","post","type-post","status-publish","format-standard","hentry","category-opinion","category-roberto-vizcaino-opinion"],"_links":{"self":[{"href":"https:\/\/www.diarioimagen.net\/index.php?rest_route=\/wp\/v2\/posts\/737983","targetHints":{"allow":["GET"]}}],"collection":[{"href":"https:\/\/www.diarioimagen.net\/index.php?rest_route=\/wp\/v2\/posts"}],"about":[{"href":"https:\/\/www.diarioimagen.net\/index.php?rest_route=\/wp\/v2\/types\/post"}],"author":[{"embeddable":true,"href":"https:\/\/www.diarioimagen.net\/index.php?rest_route=\/wp\/v2\/users\/14"}],"replies":[{"embeddable":true,"href":"https:\/\/www.diarioimagen.net\/index.php?rest_route=%2Fwp%2Fv2%2Fcomments&post=737983"}],"version-history":[{"count":1,"href":"https:\/\/www.diarioimagen.net\/index.php?rest_route=\/wp\/v2\/posts\/737983\/revisions"}],"predecessor-version":[{"id":738016,"href":"https:\/\/www.diarioimagen.net\/index.php?rest_route=\/wp\/v2\/posts\/737983\/revisions\/738016"}],"wp:attachment":[{"href":"https:\/\/www.diarioimagen.net\/index.php?rest_route=%2Fwp%2Fv2%2Fmedia&parent=737983"}],"wp:term":[{"taxonomy":"category","embeddable":true,"href":"https:\/\/www.diarioimagen.net\/index.php?rest_route=%2Fwp%2Fv2%2Fcategories&post=737983"},{"taxonomy":"post_tag","embeddable":true,"href":"https:\/\/www.diarioimagen.net\/index.php?rest_route=%2Fwp%2Fv2%2Ftags&post=737983"}],"curies":[{"name":"wp","href":"https:\/\/api.w.org\/{rel}","templated":true}]}}