{"id":738052,"date":"2026-09-01T20:29:58","date_gmt":"2026-09-02T02:29:58","guid":{"rendered":"https:\/\/www.diarioimagen.net\/?p=738052"},"modified":"2026-09-01T20:29:58","modified_gmt":"2026-09-02T02:29:58","slug":"en-educacion-todos-tenemos-algo-que-aportar-dice-simon-mondragon-bernal","status":"publish","type":"post","link":"https:\/\/www.diarioimagen.net\/?p=738052","title":{"rendered":"\u00a0     En educaci\u00f3n todos tenemos algo que  aportar, dice Sim\u00f3n Mondrag\u00f3n Bernal"},"content":{"rendered":"<p>&nbsp;<\/p>\n<ul>\n<li><strong>Responsabilidad compartida<\/strong><\/li>\n<\/ul>\n<div id=\"attachment_738053\" style=\"width: 335px\" class=\"wp-caption alignnone\"><img loading=\"lazy\" decoding=\"async\" aria-describedby=\"caption-attachment-738053\" class=\"wp-image-738053 size-large\" src=\"https:\/\/www.diarioimagen.net\/wp-content\/uploads\/2026\/09\/BAENA-1.png-ok-325x270.jpg\" alt=\"\" width=\"325\" height=\"270\" srcset=\"https:\/\/www.diarioimagen.net\/wp-content\/uploads\/2026\/09\/BAENA-1.png-ok-325x270.jpg 325w, https:\/\/www.diarioimagen.net\/wp-content\/uploads\/2026\/09\/BAENA-1.png-ok-240x199.jpg 240w, https:\/\/www.diarioimagen.net\/wp-content\/uploads\/2026\/09\/BAENA-1.png-ok-768x638.jpg 768w, https:\/\/www.diarioimagen.net\/wp-content\/uploads\/2026\/09\/BAENA-1.png-ok.jpg 1500w\" sizes=\"auto, (max-width: 325px) 100vw, 325px\" \/><p id=\"caption-attachment-738053\" class=\"wp-caption-text\">Sim\u00f3n Mondrag\u00f3n Bernal, director general de Educaci\u00f3n M\u00e9dica Superior del Estado de M\u00e9xico, pidi\u00f3 mayor responsabilidad de todos en la ense\u00f1anza de alumnos.<\/p><\/div>\n<p>Valle de M\u00e9xico.- En la educaci\u00f3n, todos tenemos algo que dar. Seas maestro, madre o padre de familia, o seas alumno, tu papel tambi\u00e9n implica entrega. Porque un maestro da conocimiento, pero tambi\u00e9n da ejemplo; da tiempo, pero tambi\u00e9n entrega una parte de s\u00ed mismo.<\/p>\n<p>&nbsp;<\/p>\n<p>Se\u00f1al\u00f3 lo anterior el profesor Sim\u00f3n Mondrag\u00f3n Bernal, director general de Educaci\u00f3n M\u00e9dica Superior (EMS) del Estado de M\u00e9xico, al arrancar, de manera oficial, el regreso a clases de miles de estudiantes.<\/p>\n<p>&nbsp;<\/p>\n<p>\u201cLos padres tambi\u00e9n deben educar desde la entrega: dando amor, l\u00edmites, acompa\u00f1amiento, valores y, sobre todo, ejemplo. Porque hay aprendizajes que no se ense\u00f1an con palabras, sino con la manera en que vivimos\u201d, dijo.<\/p>\n<p>&nbsp;<\/p>\n<p>Mondrag\u00f3n Bernal, reiter\u00f3 que los alumnos tambi\u00e9n tienen algo que dar como lo es su esfuerzo, su responsabilidad, su respeto, su curiosidad y el compromiso de aprovechar la oportunidad que otros han puesto en sus manos.<\/p>\n<p>&nbsp;<\/p>\n<p>\u201cEl educar no es esperar qu\u00e9 podemos recibir del otro. Es preguntarnos qu\u00e9 podemos aportar para que el otro pueda crecer. El maestro da para que el alumno aprenda. La familia da para que sus hijos tengan ra\u00edces.\u00a0 Que este nuevo ciclo escolar nos encuentre dispuestos a ense\u00f1ar, acompa\u00f1ar, aprender y, sobre todo, a dar lo mejor de nosotros\u201d, concluy\u00f3.<\/p>\n<p>&nbsp;<\/p>\n<p>&nbsp;<\/p>\n<p>&nbsp;<\/p>\n","protected":false},"excerpt":{"rendered":"<p>&nbsp; Responsabilidad compartida Valle de M\u00e9xico.- En la educaci\u00f3n, todos tenemos algo que dar. Seas maestro, madre o padre de familia, o seas alumno, tu papel tambi\u00e9n implica entrega. Porque un maestro da conocimiento, pero tambi\u00e9n da ejemplo; da tiempo, pero tambi\u00e9n entrega una parte de s\u00ed mismo. &nbsp; Se\u00f1al\u00f3 lo anterior el profesor Sim\u00f3n [&hellip;]<\/p>\n","protected":false},"author":14,"featured_media":738053,"comment_status":"open","ping_status":"open","sticky":false,"template":"","format":"standard","meta":{"_monsterinsights_skip_tracking":false,"footnotes":""},"categories":[5],"tags":[],"class_list":["post-738052","post","type-post","status-publish","format-standard","has-post-thumbnail","hentry","category-estado-de-mexico"],"_links":{"self":[{"href":"https:\/\/www.diarioimagen.net\/index.php?rest_route=\/wp\/v2\/posts\/738052","targetHints":{"allow":["GET"]}}],"collection":[{"href":"https:\/\/www.diarioimagen.net\/index.php?rest_route=\/wp\/v2\/posts"}],"about":[{"href":"https:\/\/www.diarioimagen.net\/index.php?rest_route=\/wp\/v2\/types\/post"}],"author":[{"embeddable":true,"href":"https:\/\/www.diarioimagen.net\/index.php?rest_route=\/wp\/v2\/users\/14"}],"replies":[{"embeddable":true,"href":"https:\/\/www.diarioimagen.net\/index.php?rest_route=%2Fwp%2Fv2%2Fcomments&post=738052"}],"version-history":[{"count":1,"href":"https:\/\/www.diarioimagen.net\/index.php?rest_route=\/wp\/v2\/posts\/738052\/revisions"}],"predecessor-version":[{"id":738054,"href":"https:\/\/www.diarioimagen.net\/index.php?rest_route=\/wp\/v2\/posts\/738052\/revisions\/738054"}],"wp:featuredmedia":[{"embeddable":true,"href":"https:\/\/www.diarioimagen.net\/index.php?rest_route=\/wp\/v2\/media\/738053"}],"wp:attachment":[{"href":"https:\/\/www.diarioimagen.net\/index.php?rest_route=%2Fwp%2Fv2%2Fmedia&parent=738052"}],"wp:term":[{"taxonomy":"category","embeddable":true,"href":"https:\/\/www.diarioimagen.net\/index.php?rest_route=%2Fwp%2Fv2%2Fcategories&post=738052"},{"taxonomy":"post_tag","embeddable":true,"href":"https:\/\/www.diarioimagen.net\/index.php?rest_route=%2Fwp%2Fv2%2Ftags&post=738052"}],"curies":[{"name":"wp","href":"https:\/\/api.w.org\/{rel}","templated":true}]}}