{"id":738056,"date":"2026-09-01T20:31:23","date_gmt":"2026-09-02T02:31:23","guid":{"rendered":"https:\/\/www.diarioimagen.net\/?p=738056"},"modified":"2026-09-01T20:33:35","modified_gmt":"2026-09-02T02:33:35","slug":"pintaran-en-ecatepec-fachadas-de-poco-mas-de-3-mil-viviendas","status":"publish","type":"post","link":"https:\/\/www.diarioimagen.net\/?p=738056","title":{"rendered":"Pintar\u00e1n en Ecatepec fachadas  de poco m\u00e1s de 3 mil viviendas"},"content":{"rendered":"<p>&nbsp;<\/p>\n<p>&nbsp;<\/p>\n<ul>\n<li><strong>Transforman imagen en Sierra de Guadalupe <\/strong><\/li>\n<\/ul>\n<p><strong>\u00a0<\/strong><\/p>\n<div id=\"attachment_738061\" style=\"width: 411px\" class=\"wp-caption alignnone\"><img loading=\"lazy\" decoding=\"async\" aria-describedby=\"caption-attachment-738061\" class=\"wp-image-738061 size-large\" src=\"https:\/\/www.diarioimagen.net\/wp-content\/uploads\/2026\/09\/BAENA-2jpg-ok-401x270.jpg\" alt=\"\" width=\"401\" height=\"270\" srcset=\"https:\/\/www.diarioimagen.net\/wp-content\/uploads\/2026\/09\/BAENA-2jpg-ok-401x270.jpg 401w, https:\/\/www.diarioimagen.net\/wp-content\/uploads\/2026\/09\/BAENA-2jpg-ok-240x162.jpg 240w, https:\/\/www.diarioimagen.net\/wp-content\/uploads\/2026\/09\/BAENA-2jpg-ok-768x517.jpg 768w, https:\/\/www.diarioimagen.net\/wp-content\/uploads\/2026\/09\/BAENA-2jpg-ok.jpg 1500w\" sizes=\"auto, (max-width: 401px) 100vw, 401px\" \/><p id=\"caption-attachment-738061\" class=\"wp-caption-text\">El gobierno de Azucena Ciseneros Coss pintar\u00e1 las fachadas de m\u00e1s de tres mil viviendas asentadas en la Sierra de Guadalupe.<\/p><\/div>\n<p>&nbsp;<\/p>\n<p>Ecatepec, M\u00e9x- El gobierno de este municipio proyecta pintar, en una primera etapa, las fachadas de m\u00e1s de tres mil viviendas asentadas en la Sierra de Guadalupe, cuyo objetivo es transformar junto con los vecinos la imagen urbana de esta zona,<\/p>\n<p>&nbsp;<\/p>\n<p>\u201cHay regiones completas que est\u00e1n cambiando, que ya empezaron a ver y a sentir c\u00f3mo est\u00e1n cambiando. Aqu\u00ed hay color, pero tambi\u00e9n luz\u201d, afirm\u00f3 la alcaldesa Azucena Cisneros.<\/p>\n<p>&nbsp;<\/p>\n<p>Calle Acacias es ejemplo de las dif\u00edciles condiciones en las que miles de personas construyeron sus viviendas en Ecatepec. Ubicada en una pronunciada pendiente, el acceso es casi imposible para veh\u00edculos y los propios vecinos habilitaron escaleras de concreto que llevan a lo alto del estrecho callej\u00f3n.<\/p>\n<p>&nbsp;<\/p>\n<p>\u201cVean las frases tan lindas que adem\u00e1s sembraron aqu\u00ed. Color, luz y seguridad, que es lo que necesitan. Y por supuesto, les hemos pedido jardines, flores (&#8230;) para que la imagen urbana cambie, los servicios, el \u00e1nimo. Porque todo merece el pueblo de Ecatepec\u201d, asegur\u00f3 Cisneros Coss.<\/p>\n<p>&nbsp;<\/p>\n<p>Zuri Cruz Reyes, subdirectora de Proyectos Especiales de la Direcci\u00f3n de Obras P\u00fablicas, dijo que pintaron los 129 metros lineales de calle Acacias, con apoyo de pintores del programa Embelleciendo el Espacio P\u00fablico y de vecinos. Tambi\u00e9n crearon un jard\u00edn polinizador en el sitio.<\/p>\n<p>&nbsp;<\/p>\n","protected":false},"excerpt":{"rendered":"<p>&nbsp; &nbsp; Transforman imagen en Sierra de Guadalupe \u00a0 &nbsp; Ecatepec, M\u00e9x- El gobierno de este municipio proyecta pintar, en una primera etapa, las fachadas de m\u00e1s de tres mil viviendas asentadas en la Sierra de Guadalupe, cuyo objetivo es transformar junto con los vecinos la imagen urbana de esta zona, &nbsp; \u201cHay regiones completas [&hellip;]<\/p>\n","protected":false},"author":14,"featured_media":738061,"comment_status":"open","ping_status":"open","sticky":false,"template":"","format":"standard","meta":{"_monsterinsights_skip_tracking":false,"footnotes":""},"categories":[5],"tags":[],"class_list":["post-738056","post","type-post","status-publish","format-standard","has-post-thumbnail","hentry","category-estado-de-mexico"],"_links":{"self":[{"href":"https:\/\/www.diarioimagen.net\/index.php?rest_route=\/wp\/v2\/posts\/738056","targetHints":{"allow":["GET"]}}],"collection":[{"href":"https:\/\/www.diarioimagen.net\/index.php?rest_route=\/wp\/v2\/posts"}],"about":[{"href":"https:\/\/www.diarioimagen.net\/index.php?rest_route=\/wp\/v2\/types\/post"}],"author":[{"embeddable":true,"href":"https:\/\/www.diarioimagen.net\/index.php?rest_route=\/wp\/v2\/users\/14"}],"replies":[{"embeddable":true,"href":"https:\/\/www.diarioimagen.net\/index.php?rest_route=%2Fwp%2Fv2%2Fcomments&post=738056"}],"version-history":[{"count":2,"href":"https:\/\/www.diarioimagen.net\/index.php?rest_route=\/wp\/v2\/posts\/738056\/revisions"}],"predecessor-version":[{"id":738063,"href":"https:\/\/www.diarioimagen.net\/index.php?rest_route=\/wp\/v2\/posts\/738056\/revisions\/738063"}],"wp:featuredmedia":[{"embeddable":true,"href":"https:\/\/www.diarioimagen.net\/index.php?rest_route=\/wp\/v2\/media\/738061"}],"wp:attachment":[{"href":"https:\/\/www.diarioimagen.net\/index.php?rest_route=%2Fwp%2Fv2%2Fmedia&parent=738056"}],"wp:term":[{"taxonomy":"category","embeddable":true,"href":"https:\/\/www.diarioimagen.net\/index.php?rest_route=%2Fwp%2Fv2%2Fcategories&post=738056"},{"taxonomy":"post_tag","embeddable":true,"href":"https:\/\/www.diarioimagen.net\/index.php?rest_route=%2Fwp%2Fv2%2Ftags&post=738056"}],"curies":[{"name":"wp","href":"https:\/\/api.w.org\/{rel}","templated":true}]}}