{"id":738059,"date":"2026-09-01T20:32:44","date_gmt":"2026-09-02T02:32:44","guid":{"rendered":"https:\/\/www.diarioimagen.net\/?p=738059"},"modified":"2026-09-01T20:32:44","modified_gmt":"2026-09-02T02:32:44","slug":"ninguna-candidatura-a-quienes-tengan-antecedentes-morena","status":"publish","type":"post","link":"https:\/\/www.diarioimagen.net\/?p=738059","title":{"rendered":"Ninguna candidatura a quienes  tengan antecedentes: Morena"},"content":{"rendered":"<ul>\n<li><strong>\u201cNi ganando encuestas\u201d <\/strong><\/li>\n<\/ul>\n<div id=\"attachment_738060\" style=\"width: 398px\" class=\"wp-caption alignnone\"><img loading=\"lazy\" decoding=\"async\" aria-describedby=\"caption-attachment-738060\" class=\"wp-image-738060 size-large\" src=\"https:\/\/www.diarioimagen.net\/wp-content\/uploads\/2026\/09\/BAENA-3-ok-388x270.jpg\" alt=\"\" width=\"388\" height=\"270\" srcset=\"https:\/\/www.diarioimagen.net\/wp-content\/uploads\/2026\/09\/BAENA-3-ok-388x270.jpg 388w, https:\/\/www.diarioimagen.net\/wp-content\/uploads\/2026\/09\/BAENA-3-ok-240x167.jpg 240w, https:\/\/www.diarioimagen.net\/wp-content\/uploads\/2026\/09\/BAENA-3-ok-768x535.jpg 768w, https:\/\/www.diarioimagen.net\/wp-content\/uploads\/2026\/09\/BAENA-3-ok.jpg 1500w\" sizes=\"auto, (max-width: 388px) 100vw, 388px\" \/><p id=\"caption-attachment-738060\" class=\"wp-caption-text\">\u00a0 \u00a0 Luz Mar\u00eda Hern\u00e1ndez, presidenta de Morena en Edomex, se\u00f1al\u00f3 no se permitir\u00e1 el paso a los asoirantes\u00a0 tengan dudosos nexos.<\/p><\/div>\n<p><strong>\u00a0<\/strong><\/p>\n<p>&nbsp;<\/p>\n<p>&nbsp;<\/p>\n<p>&nbsp;<\/p>\n<p>Ecatepec, M\u00e9x.-\u00a0 Aunque el m\u00e9todo de encuestas ser\u00e1 importante para definir a los pr\u00f3ximos coordinadores, se verificar\u00e1 la imagen y legalidad en las aspiraciones y aun ganando sus respectivas encuestas, no se permitir\u00e1 el paso a quienes tengan nexos con grupos de dudosa actitud.<\/p>\n<p>&nbsp;<\/p>\n<p>Se\u00f1al\u00f3 lo anterior, Luz Mar\u00eda Hern\u00e1ndez presidenta de Morena en el Estado de M\u00e9xico, luego de destacar que ese partido pol\u00edtico\u00a0 se ocupa de impulsar a los mejores hombres y mujeres y a\u00fan en el caso de los partidos que vayan en coalici\u00f3n se analizar\u00e1 a cada hombre o mujer.<\/p>\n<p>&nbsp;<\/p>\n<p>\u201cHablamos en el caso de los aspirantes de Morena, pero tambi\u00e9n dentro de los posibles acuerdos para ir en coalici\u00f3n, se platicar\u00e1 con los l\u00edderes de otros partidos para evitar que el crimen organizado o personas con antecedentes accedan a esos puestos\u201d, dijo.<\/p>\n<p>&nbsp;<\/p>\n<p>Por otra parte, reiter\u00f3 que \u201cnunca vamos a ser comparsas de intereses ajenos que afecten la seguridad o la tranquilidad de los mexiquenses y nuestro mejor ejemplo es la gobernadora quien es, hoy por hoy, la mujer con mayor preparaci\u00f3n en la entidad y ha demostrado humanismo, liderazgo y experiencia en la administraci\u00f3n p\u00fablica\u201d.<\/p>\n<p>&nbsp;<\/p>\n<p>Finalmente, la dirigente estatal asegur\u00f3 que si hay las pruebas para inculparlos ser\u00e1 la autoridad correspondiente, en este caso la FGJEM ,quien determine si existen elementos de prueba y de ser as\u00ed, la Comisi\u00f3n de Honor y Justicia aplicar\u00e1 lo correspondiente, como ya ocurri\u00f3 anteriormente con una alcaldesa.<\/p>\n<p>&nbsp;<\/p>\n<p>&nbsp;<\/p>\n<p>&nbsp;<\/p>\n","protected":false},"excerpt":{"rendered":"<p>\u201cNi ganando encuestas\u201d \u00a0 &nbsp; &nbsp; &nbsp; Ecatepec, M\u00e9x.-\u00a0 Aunque el m\u00e9todo de encuestas ser\u00e1 importante para definir a los pr\u00f3ximos coordinadores, se verificar\u00e1 la imagen y legalidad en las aspiraciones y aun ganando sus respectivas encuestas, no se permitir\u00e1 el paso a quienes tengan nexos con grupos de dudosa actitud. &nbsp; Se\u00f1al\u00f3 lo anterior, [&hellip;]<\/p>\n","protected":false},"author":14,"featured_media":738060,"comment_status":"open","ping_status":"open","sticky":false,"template":"","format":"standard","meta":{"_monsterinsights_skip_tracking":false,"footnotes":""},"categories":[5],"tags":[],"class_list":["post-738059","post","type-post","status-publish","format-standard","has-post-thumbnail","hentry","category-estado-de-mexico"],"_links":{"self":[{"href":"https:\/\/www.diarioimagen.net\/index.php?rest_route=\/wp\/v2\/posts\/738059","targetHints":{"allow":["GET"]}}],"collection":[{"href":"https:\/\/www.diarioimagen.net\/index.php?rest_route=\/wp\/v2\/posts"}],"about":[{"href":"https:\/\/www.diarioimagen.net\/index.php?rest_route=\/wp\/v2\/types\/post"}],"author":[{"embeddable":true,"href":"https:\/\/www.diarioimagen.net\/index.php?rest_route=\/wp\/v2\/users\/14"}],"replies":[{"embeddable":true,"href":"https:\/\/www.diarioimagen.net\/index.php?rest_route=%2Fwp%2Fv2%2Fcomments&post=738059"}],"version-history":[{"count":1,"href":"https:\/\/www.diarioimagen.net\/index.php?rest_route=\/wp\/v2\/posts\/738059\/revisions"}],"predecessor-version":[{"id":738062,"href":"https:\/\/www.diarioimagen.net\/index.php?rest_route=\/wp\/v2\/posts\/738059\/revisions\/738062"}],"wp:featuredmedia":[{"embeddable":true,"href":"https:\/\/www.diarioimagen.net\/index.php?rest_route=\/wp\/v2\/media\/738060"}],"wp:attachment":[{"href":"https:\/\/www.diarioimagen.net\/index.php?rest_route=%2Fwp%2Fv2%2Fmedia&parent=738059"}],"wp:term":[{"taxonomy":"category","embeddable":true,"href":"https:\/\/www.diarioimagen.net\/index.php?rest_route=%2Fwp%2Fv2%2Fcategories&post=738059"},{"taxonomy":"post_tag","embeddable":true,"href":"https:\/\/www.diarioimagen.net\/index.php?rest_route=%2Fwp%2Fv2%2Ftags&post=738059"}],"curies":[{"name":"wp","href":"https:\/\/api.w.org\/{rel}","templated":true}]}}