{"id":738064,"date":"2026-09-01T20:34:28","date_gmt":"2026-09-02T02:34:28","guid":{"rendered":"https:\/\/www.diarioimagen.net\/?p=738064"},"modified":"2026-09-01T20:34:28","modified_gmt":"2026-09-02T02:34:28","slug":"aplauden-mexiquenses-designacion-de-higinio-martinez-como-presidente-del-senado","status":"publish","type":"post","link":"https:\/\/www.diarioimagen.net\/?p=738064","title":{"rendered":"Aplauden mexiquenses designaci\u00f3n de Higinio Mart\u00ednez como presidente del Senado"},"content":{"rendered":"<p><img loading=\"lazy\" decoding=\"async\" class=\"alignnone wp-image-738066 size-large\" src=\"https:\/\/www.diarioimagen.net\/wp-content\/uploads\/2026\/09\/BAENA-4jpg-ok-357x270.jpg\" alt=\"\" width=\"357\" height=\"270\" srcset=\"https:\/\/www.diarioimagen.net\/wp-content\/uploads\/2026\/09\/BAENA-4jpg-ok-357x270.jpg 357w, https:\/\/www.diarioimagen.net\/wp-content\/uploads\/2026\/09\/BAENA-4jpg-ok-240x182.jpg 240w, https:\/\/www.diarioimagen.net\/wp-content\/uploads\/2026\/09\/BAENA-4jpg-ok-768x582.jpg 768w, https:\/\/www.diarioimagen.net\/wp-content\/uploads\/2026\/09\/BAENA-4jpg-ok.jpg 1500w\" sizes=\"auto, (max-width: 357px) 100vw, 357px\" \/><\/p>\n<p>&nbsp;<\/p>\n<p>&nbsp;<\/p>\n<p>Valle de M\u00e9xico.- Alcaldes, legisladores, s\u00edndicos, regidores y consejeros pol\u00edticos de Morena en la entidad mexiquense, respaldaron y aplaudieron a Higinio Mart\u00ednez Miranda, quien es oficialmente el nuevo presidente de la Mesa Directiva del Senado de la Rep\u00fablica para el tercer a\u00f1o de ejercicio de la LXVI Legislatura. El cargo que asumi\u00f3 formalmente el 1 de septiembre, el legislador mexiquense fue respaldado inicialmente por unanimidad dentro de la bancada de Morena<\/p>\n<p>&nbsp;<\/p>\n","protected":false},"excerpt":{"rendered":"<p>&nbsp; &nbsp; Valle de M\u00e9xico.- Alcaldes, legisladores, s\u00edndicos, regidores y consejeros pol\u00edticos de Morena en la entidad mexiquense, respaldaron y aplaudieron a Higinio Mart\u00ednez Miranda, quien es oficialmente el nuevo presidente de la Mesa Directiva del Senado de la Rep\u00fablica para el tercer a\u00f1o de ejercicio de la LXVI Legislatura. El cargo que asumi\u00f3 formalmente [&hellip;]<\/p>\n","protected":false},"author":14,"featured_media":738066,"comment_status":"open","ping_status":"open","sticky":false,"template":"","format":"standard","meta":{"_monsterinsights_skip_tracking":false,"footnotes":""},"categories":[5],"tags":[],"class_list":["post-738064","post","type-post","status-publish","format-standard","has-post-thumbnail","hentry","category-estado-de-mexico"],"_links":{"self":[{"href":"https:\/\/www.diarioimagen.net\/index.php?rest_route=\/wp\/v2\/posts\/738064","targetHints":{"allow":["GET"]}}],"collection":[{"href":"https:\/\/www.diarioimagen.net\/index.php?rest_route=\/wp\/v2\/posts"}],"about":[{"href":"https:\/\/www.diarioimagen.net\/index.php?rest_route=\/wp\/v2\/types\/post"}],"author":[{"embeddable":true,"href":"https:\/\/www.diarioimagen.net\/index.php?rest_route=\/wp\/v2\/users\/14"}],"replies":[{"embeddable":true,"href":"https:\/\/www.diarioimagen.net\/index.php?rest_route=%2Fwp%2Fv2%2Fcomments&post=738064"}],"version-history":[{"count":1,"href":"https:\/\/www.diarioimagen.net\/index.php?rest_route=\/wp\/v2\/posts\/738064\/revisions"}],"predecessor-version":[{"id":738067,"href":"https:\/\/www.diarioimagen.net\/index.php?rest_route=\/wp\/v2\/posts\/738064\/revisions\/738067"}],"wp:featuredmedia":[{"embeddable":true,"href":"https:\/\/www.diarioimagen.net\/index.php?rest_route=\/wp\/v2\/media\/738066"}],"wp:attachment":[{"href":"https:\/\/www.diarioimagen.net\/index.php?rest_route=%2Fwp%2Fv2%2Fmedia&parent=738064"}],"wp:term":[{"taxonomy":"category","embeddable":true,"href":"https:\/\/www.diarioimagen.net\/index.php?rest_route=%2Fwp%2Fv2%2Fcategories&post=738064"},{"taxonomy":"post_tag","embeddable":true,"href":"https:\/\/www.diarioimagen.net\/index.php?rest_route=%2Fwp%2Fv2%2Ftags&post=738064"}],"curies":[{"name":"wp","href":"https:\/\/api.w.org\/{rel}","templated":true}]}}