{"id":738071,"date":"2026-09-01T20:37:54","date_gmt":"2026-09-02T02:37:54","guid":{"rendered":"https:\/\/www.diarioimagen.net\/?p=738071"},"modified":"2026-09-01T20:37:54","modified_gmt":"2026-09-02T02:37:54","slug":"una-propuesta-que-combina-comedia-observacion-y-personajes-contrastantes","status":"publish","type":"post","link":"https:\/\/www.diarioimagen.net\/?p=738071","title":{"rendered":"Una propuesta que combina comedia, observaci\u00f3n y personajes contrastantes  \u00a0"},"content":{"rendered":"<p>&nbsp;<\/p>\n<ul>\n<li><strong>Ari Telch abre las puertas de la mente con \u201cD\u2019Mente\u201d<\/strong><\/li>\n<li><strong>\u00a0<em>Entre humor, iron\u00eda y situaciones inesperadas, Ari Telch protagoniza D\u2019Mente, una propuesta teatral que se asoma a los contrastes de la mente humana y que llegar\u00e1 este 5 de septiembre al Teatro San Benito Abad, en Cuautitl\u00e1n Izcalli.<\/em><\/strong><\/li>\n<\/ul>\n<div id=\"attachment_738072\" style=\"width: 247px\" class=\"wp-caption alignnone\"><img loading=\"lazy\" decoding=\"async\" aria-describedby=\"caption-attachment-738072\" class=\"wp-image-738072 size-large\" src=\"https:\/\/www.diarioimagen.net\/wp-content\/uploads\/2026\/09\/DEMENTE-01-237x270.jpg\" alt=\"\" width=\"237\" height=\"270\" srcset=\"https:\/\/www.diarioimagen.net\/wp-content\/uploads\/2026\/09\/DEMENTE-01-237x270.jpg 237w, https:\/\/www.diarioimagen.net\/wp-content\/uploads\/2026\/09\/DEMENTE-01-211x240.jpg 211w, https:\/\/www.diarioimagen.net\/wp-content\/uploads\/2026\/09\/DEMENTE-01-768x874.jpg 768w, https:\/\/www.diarioimagen.net\/wp-content\/uploads\/2026\/09\/DEMENTE-01-1349x1536.jpg 1349w, https:\/\/www.diarioimagen.net\/wp-content\/uploads\/2026\/09\/DEMENTE-01-1799x2048.jpg 1799w, https:\/\/www.diarioimagen.net\/wp-content\/uploads\/2026\/09\/DEMENTE-01.jpg 1969w\" sizes=\"auto, (max-width: 237px) 100vw, 237px\" \/><p id=\"caption-attachment-738072\" class=\"wp-caption-text\">Una propuesta que combina comedia, observaci\u00f3n y personajes contrastantes<\/p><\/div>\n<p><strong>Por Gloria CARPIO<\/strong><\/p>\n<p>Hablar de la mente humana puede ser complejo, inquietante y hasta doloroso, pero tambi\u00e9n puede hacerse desde el humor. Esa es justamente la apuesta de \u201cD\u2019Mente\u201d, espect\u00e1culo encabezado por Ari Telch, que este 5 de septiembre, a las 18:00 horas, llegar\u00e1 al Teatro San Benito Abad, en Cuautitl\u00e1n Izcalli, Estado de M\u00e9xico.<\/p>\n<p>Con una propuesta que combina comedia, observaci\u00f3n y personajes contrastantes, Telch invita al p\u00fablico a acercarse a un universo que suele mirarse con temor o prejuicios, pero que sobre el escenario adquiere un tono divertido, provocador y, al mismo tiempo, reflexivo.<\/p>\n<p>A trav\u00e9s de distintas facetas y situaciones inesperadas, el actor conduce al espectador por una experiencia teatral que juega con las contradicciones del comportamiento humano y con esa delgada l\u00ednea entre aquello que consideramos cotidiano y lo que puede resultar completamente inesperado.<\/p>\n<p>Bajo la premisa \u201cTodos entran sanos y salen enfermos mentales\u201d, D\u2019Mente propone una funci\u00f3n irreverente y cercana en la que el p\u00fablico no s\u00f3lo observa: tambi\u00e9n puede reconocerse, cuestionarse y re\u00edrse de algunas de las peculiaridades que forman parte de nuestra propia manera de pensar y actuar.<\/p>\n<p><strong>HUMOR PARA MIRARNOS POR DENTRO<\/strong><\/p>\n<p>Con una amplia trayectoria en teatro, cine y televisi\u00f3n, Ari Telch vuelve a demostrar su capacidad para transitar entre la comedia y personajes de mayor complejidad, convirti\u00e9ndose en el eje de una puesta que busca sorprender al espectador de principio a fin.<\/p>\n<p>La obra fue escrita en complicidad con Alfonso C\u00e1rcamo y cuenta con la producci\u00f3n de Ver\u00f3nica Telch, Mayela Calder\u00f3n en la producci\u00f3n ejecutiva y Norberto Garc\u00eda en la direcci\u00f3n t\u00e9cnica.<\/p>\n<p>M\u00e1s all\u00e1 de las carcajadas, D\u2019Mente encuentra en el teatro un espacio para hablar de aquello que sucede dentro de nosotros y que pocas veces expresamos abiertamente. Sin pretender ofrecer respuestas, la propuesta apuesta por la cercan\u00eda con el p\u00fablico y por utilizar el humor como una ventana para observar la condici\u00f3n humana.<\/p>\n<p>La cita ser\u00e1 el s\u00e1bado 5 de septiembre, a las 18:00 horas, en el Teatro San Benito Abad, donde Ari Telch promete una funci\u00f3n distinta, divertida y provocadora.<\/p>\n<p><strong>\u00a1UNA CITA CON \u201cD\u2019MENTE\u201d!<\/strong><\/p>\n<table>\n<tbody>\n<tr>\n<td width=\"341\"><strong>OBRA<\/strong><\/td>\n<td width=\"341\">D\u2019Mente<\/td>\n<\/tr>\n<tr>\n<td width=\"341\"><strong>PROTAGONISTA<\/strong><\/td>\n<td width=\"341\">Ari Telch<\/td>\n<\/tr>\n<tr>\n<td width=\"341\"><strong>FECHA<\/strong><\/td>\n<td width=\"341\">5 de septiembre de 2026<\/td>\n<\/tr>\n<tr>\n<td width=\"341\"><strong>HORA<\/strong><\/td>\n<td width=\"341\">18:00 horas<\/td>\n<\/tr>\n<tr>\n<td width=\"341\"><strong>LUGAR<\/strong><\/td>\n<td width=\"341\">Teatro San Benito Abad, Cuautitl\u00e1n Izcalli<\/td>\n<\/tr>\n<tr>\n<td width=\"341\"><strong>BOLETOS<\/strong><\/td>\n<td width=\"341\">Taquilla y Celticket<\/td>\n<\/tr>\n<\/tbody>\n<\/table>\n<p>&nbsp;<\/p>\n","protected":false},"excerpt":{"rendered":"<p>&nbsp; Ari Telch abre las puertas de la mente con \u201cD\u2019Mente\u201d \u00a0Entre humor, iron\u00eda y situaciones inesperadas, Ari Telch protagoniza D\u2019Mente, una propuesta teatral que se asoma a los contrastes de la mente humana y que llegar\u00e1 este 5 de septiembre al Teatro San Benito Abad, en Cuautitl\u00e1n Izcalli. Por Gloria CARPIO Hablar de la [&hellip;]<\/p>\n","protected":false},"author":14,"featured_media":738072,"comment_status":"open","ping_status":"open","sticky":false,"template":"","format":"standard","meta":{"_monsterinsights_skip_tracking":false,"footnotes":""},"categories":[16,12],"tags":[],"class_list":["post-738071","post","type-post","status-publish","format-standard","has-post-thumbnail","hentry","category-destacadas","category-espectaculos"],"_links":{"self":[{"href":"https:\/\/www.diarioimagen.net\/index.php?rest_route=\/wp\/v2\/posts\/738071","targetHints":{"allow":["GET"]}}],"collection":[{"href":"https:\/\/www.diarioimagen.net\/index.php?rest_route=\/wp\/v2\/posts"}],"about":[{"href":"https:\/\/www.diarioimagen.net\/index.php?rest_route=\/wp\/v2\/types\/post"}],"author":[{"embeddable":true,"href":"https:\/\/www.diarioimagen.net\/index.php?rest_route=\/wp\/v2\/users\/14"}],"replies":[{"embeddable":true,"href":"https:\/\/www.diarioimagen.net\/index.php?rest_route=%2Fwp%2Fv2%2Fcomments&post=738071"}],"version-history":[{"count":1,"href":"https:\/\/www.diarioimagen.net\/index.php?rest_route=\/wp\/v2\/posts\/738071\/revisions"}],"predecessor-version":[{"id":738073,"href":"https:\/\/www.diarioimagen.net\/index.php?rest_route=\/wp\/v2\/posts\/738071\/revisions\/738073"}],"wp:featuredmedia":[{"embeddable":true,"href":"https:\/\/www.diarioimagen.net\/index.php?rest_route=\/wp\/v2\/media\/738072"}],"wp:attachment":[{"href":"https:\/\/www.diarioimagen.net\/index.php?rest_route=%2Fwp%2Fv2%2Fmedia&parent=738071"}],"wp:term":[{"taxonomy":"category","embeddable":true,"href":"https:\/\/www.diarioimagen.net\/index.php?rest_route=%2Fwp%2Fv2%2Fcategories&post=738071"},{"taxonomy":"post_tag","embeddable":true,"href":"https:\/\/www.diarioimagen.net\/index.php?rest_route=%2Fwp%2Fv2%2Ftags&post=738071"}],"curies":[{"name":"wp","href":"https:\/\/api.w.org\/{rel}","templated":true}]}}