{"id":738074,"date":"2026-09-01T20:39:07","date_gmt":"2026-09-02T02:39:07","guid":{"rendered":"https:\/\/www.diarioimagen.net\/?p=738074"},"modified":"2026-09-01T20:39:07","modified_gmt":"2026-09-02T02:39:07","slug":"delfina-gomez-inicia-reconstruccion-de-25-kilometros-de-caminos-en-xalatlaco","status":"publish","type":"post","link":"https:\/\/www.diarioimagen.net\/?p=738074","title":{"rendered":"Delfina G\u00f3mez inicia reconstrucci\u00f3n de  25 kil\u00f3metros de caminos en Xalatlaco  \u00a0"},"content":{"rendered":"<ul>\n<li><strong>Beneficio a m\u00e1s de 187 mil habitantes<\/strong><\/li>\n<li><strong>Facilitar\u00e1n el traslado hacia la CDMX, reducir\u00e1n tiempos de recorrido y favorecer\u00e1n las actividades comerciales y tur\u00edsticas de la regi\u00f3n<\/strong><\/li>\n<\/ul>\n<div id=\"attachment_738075\" style=\"width: 415px\" class=\"wp-caption alignnone\"><img loading=\"lazy\" decoding=\"async\" aria-describedby=\"caption-attachment-738075\" class=\"wp-image-738075 size-large\" src=\"https:\/\/www.diarioimagen.net\/wp-content\/uploads\/2026\/09\/EDOMEX-1-ok-405x270.jpg\" alt=\"\" width=\"405\" height=\"270\" srcset=\"https:\/\/www.diarioimagen.net\/wp-content\/uploads\/2026\/09\/EDOMEX-1-ok-405x270.jpg 405w, https:\/\/www.diarioimagen.net\/wp-content\/uploads\/2026\/09\/EDOMEX-1-ok-240x160.jpg 240w, https:\/\/www.diarioimagen.net\/wp-content\/uploads\/2026\/09\/EDOMEX-1-ok-768x511.jpg 768w, https:\/\/www.diarioimagen.net\/wp-content\/uploads\/2026\/09\/EDOMEX-1-ok.jpg 1500w\" sizes=\"auto, (max-width: 405px) 100vw, 405px\" \/><p id=\"caption-attachment-738075\" class=\"wp-caption-text\">Delfina G\u00f3mez \u00c1lvarez inici\u00f3 la reconstrucci\u00f3n de 25.05 kil\u00f3metros de dos caminos en Xalatlaco, obras que mejorar\u00e1n la movilidad de m\u00e1s de 187 mil habitantes y facilitar\u00e1n el traslado hacia la Ciudad de M\u00e9xico.<\/p><\/div>\n<p>&nbsp;<\/p>\n<p>Xalatlaco, Estado de M\u00e9xico.- La gobernadora Delfina G\u00f3mez \u00c1lvarez inici\u00f3 la reconstrucci\u00f3n de 25.05 kil\u00f3metros de dos caminos en Xalatlaco, obras que mejorar\u00e1n la movilidad de m\u00e1s de 187 mil habitantes y facilitar\u00e1n el traslado hacia la Ciudad de M\u00e9xico, adem\u00e1s de favorecer la conexi\u00f3n regional con Ocoyoacac y Tianguistenco; estos proyectos se traducen en bienestar para las comunidades.<\/p>\n<p>\u201cEl Gobierno del Estado de M\u00e9xico tiene claro que la transformaci\u00f3n de la entidad no ocurre detr\u00e1s de un escritorio. Tenemos precisamente que caminar, y es ah\u00ed donde se construye y donde est\u00e1 la gente en las comunidades, en las escuelas, en las calles y en cada espacio donde la sociedad pueda trabajar de manera coordinada con el gobierno y en equipo por el bienestar y la justicia social del pueblo\u201d, dijo la Gobernadora Delfina G\u00f3mez.<\/p>\n<p>La intervenci\u00f3n comprende 5.7 kil\u00f3metros del camino 328, Xalatlaco-El Ajusco, y 19.35 kil\u00f3metros del camino 215, conocido como Camino Viejo a Chalma. Este \u00faltimo se incorpor\u00f3 al proyecto por instrucci\u00f3n de la Mandataria mexiquense, tras conocer las condiciones de la vialidad y escuchar las necesidades ciudadanas.<\/p>\n<p>Estas v\u00edas registran un tr\u00e1nsito promedio diario superior a 20 mil veh\u00edculos y representan una conexi\u00f3n estrat\u00e9gica para quienes se trasladan hacia la Ciudad de M\u00e9xico por motivos laborales y comerciales. Tambi\u00e9n forman parte de una ruta utilizada para llevar productos hacia el Valle de M\u00e9xico y benefician la actividad tur\u00edstica, especialmente a visitantes que se dirigen al Santuario de Chalma, uno de los principales destinos religiosos del pa\u00eds.<\/p>\n<p>Como parte de la visi\u00f3n integral de conservaci\u00f3n carretera, la Gobernadora Delfina G\u00f3mez \u00c1lvarez instruy\u00f3 revisar las condiciones del drenaje a lo largo de las vialidades para atender las necesidades de las comunidades y evitar posteriores intervenciones sobre los caminos rehabilitados.<\/p>\n<p>Asimismo, se\u00f1al\u00f3 que su administraci\u00f3n continuar\u00e1 con la recuperaci\u00f3n de la infraestructura carretera de la entidad como parte de \u201c2026, A\u00f1o de las Obras en EdoM\u00e9x\u201d, con proyectos en las regiones norte y sur, as\u00ed como en otros puntos que requieren atenci\u00f3n.<\/p>\n<p>Joel Gonz\u00e1lez Toral, Director General de la Junta de Caminos del Estado de M\u00e9xico, explic\u00f3 que los trabajos tendr\u00e1n un periodo de ejecuci\u00f3n de 12 semanas e incluir\u00e1n escarificado de la carpeta existente, reposici\u00f3n de la superficie de rodamiento, balizamiento y se\u00f1alizaci\u00f3n. Destac\u00f3 que se har\u00e1n por administraci\u00f3n directa, mediante maquinaria y equipo.<\/p>\n<p>&nbsp;<\/p>\n<p>&nbsp;<\/p>\n<p>&nbsp;<\/p>\n<p>&nbsp;<\/p>\n<p>&nbsp;<\/p>\n<p>&nbsp;<\/p>\n","protected":false},"excerpt":{"rendered":"<p>Beneficio a m\u00e1s de 187 mil habitantes Facilitar\u00e1n el traslado hacia la CDMX, reducir\u00e1n tiempos de recorrido y favorecer\u00e1n las actividades comerciales y tur\u00edsticas de la regi\u00f3n &nbsp; Xalatlaco, Estado de M\u00e9xico.- La gobernadora Delfina G\u00f3mez \u00c1lvarez inici\u00f3 la reconstrucci\u00f3n de 25.05 kil\u00f3metros de dos caminos en Xalatlaco, obras que mejorar\u00e1n la movilidad de m\u00e1s [&hellip;]<\/p>\n","protected":false},"author":14,"featured_media":738075,"comment_status":"open","ping_status":"open","sticky":false,"template":"","format":"standard","meta":{"_monsterinsights_skip_tracking":false,"footnotes":""},"categories":[16,5],"tags":[],"class_list":["post-738074","post","type-post","status-publish","format-standard","has-post-thumbnail","hentry","category-destacadas","category-estado-de-mexico"],"_links":{"self":[{"href":"https:\/\/www.diarioimagen.net\/index.php?rest_route=\/wp\/v2\/posts\/738074","targetHints":{"allow":["GET"]}}],"collection":[{"href":"https:\/\/www.diarioimagen.net\/index.php?rest_route=\/wp\/v2\/posts"}],"about":[{"href":"https:\/\/www.diarioimagen.net\/index.php?rest_route=\/wp\/v2\/types\/post"}],"author":[{"embeddable":true,"href":"https:\/\/www.diarioimagen.net\/index.php?rest_route=\/wp\/v2\/users\/14"}],"replies":[{"embeddable":true,"href":"https:\/\/www.diarioimagen.net\/index.php?rest_route=%2Fwp%2Fv2%2Fcomments&post=738074"}],"version-history":[{"count":1,"href":"https:\/\/www.diarioimagen.net\/index.php?rest_route=\/wp\/v2\/posts\/738074\/revisions"}],"predecessor-version":[{"id":738076,"href":"https:\/\/www.diarioimagen.net\/index.php?rest_route=\/wp\/v2\/posts\/738074\/revisions\/738076"}],"wp:featuredmedia":[{"embeddable":true,"href":"https:\/\/www.diarioimagen.net\/index.php?rest_route=\/wp\/v2\/media\/738075"}],"wp:attachment":[{"href":"https:\/\/www.diarioimagen.net\/index.php?rest_route=%2Fwp%2Fv2%2Fmedia&parent=738074"}],"wp:term":[{"taxonomy":"category","embeddable":true,"href":"https:\/\/www.diarioimagen.net\/index.php?rest_route=%2Fwp%2Fv2%2Fcategories&post=738074"},{"taxonomy":"post_tag","embeddable":true,"href":"https:\/\/www.diarioimagen.net\/index.php?rest_route=%2Fwp%2Fv2%2Ftags&post=738074"}],"curies":[{"name":"wp","href":"https:\/\/api.w.org\/{rel}","templated":true}]}}