{"id":738077,"date":"2026-09-01T20:40:07","date_gmt":"2026-09-02T02:40:07","guid":{"rendered":"https:\/\/www.diarioimagen.net\/?p=738077"},"modified":"2026-09-01T20:40:07","modified_gmt":"2026-09-02T02:40:07","slug":"agua-movilidad-y-servicios-publicos-prioridades-del-gem","status":"publish","type":"post","link":"https:\/\/www.diarioimagen.net\/?p=738077","title":{"rendered":"Agua, movilidad y servicios p\u00fablicos, prioridades del\u00a0 GEM"},"content":{"rendered":"<ul>\n<li><strong>Nueva planeaci\u00f3n metropolitana<\/strong><\/li>\n<\/ul>\n<p><strong>\u00a0<\/strong><\/p>\n<div id=\"attachment_738057\" style=\"width: 370px\" class=\"wp-caption alignnone\"><img loading=\"lazy\" decoding=\"async\" aria-describedby=\"caption-attachment-738057\" class=\"wp-image-738057 size-large\" src=\"https:\/\/www.diarioimagen.net\/wp-content\/uploads\/2026\/09\/EDOMEX-2-ok-360x270.jpg\" alt=\"\" width=\"360\" height=\"270\" srcset=\"https:\/\/www.diarioimagen.net\/wp-content\/uploads\/2026\/09\/EDOMEX-2-ok-360x270.jpg 360w, https:\/\/www.diarioimagen.net\/wp-content\/uploads\/2026\/09\/EDOMEX-2-ok-240x180.jpg 240w, https:\/\/www.diarioimagen.net\/wp-content\/uploads\/2026\/09\/EDOMEX-2-ok-768x576.jpg 768w, https:\/\/www.diarioimagen.net\/wp-content\/uploads\/2026\/09\/EDOMEX-2-ok.jpg 1500w\" sizes=\"auto, (max-width: 360px) 100vw, 360px\" \/><p id=\"caption-attachment-738057\" class=\"wp-caption-text\">El gobierno de Delfina G\u00f3mez \u00c1lvarez participa en la definici\u00f3n de acciones regionales para atender retos comunes en materia de agua, movilidad, servicios p\u00fablicos, riesgos y desarrollo econ\u00f3mico.<\/p><\/div>\n<p><strong>\u00a0<\/strong><\/p>\n<p>&nbsp;<\/p>\n<p>&nbsp;<\/p>\n<p>Metepec, Estado de M\u00e9xico.- Con 59 municipios y m\u00e1s de 12.4 millones de habitantes, el Estado de M\u00e9xico tiene la mayor representaci\u00f3n territorial y poblacional en la nueva configuraci\u00f3n de la Zona Metropolitana del Valle de M\u00e9xico, por lo que el Gobierno de la Maestra Delfina G\u00f3mez \u00c1lvarez participa en la definici\u00f3n de acciones regionales para atender retos comunes en materia de agua, movilidad, servicios p\u00fablicos, riesgos y desarrollo econ\u00f3mico.<\/p>\n<p>A trav\u00e9s de la Secretar\u00eda de Desarrollo Urbano e Infraestructura (Sedui), la entidad participa en la actualizaci\u00f3n del Programa de Ordenaci\u00f3n de la Zona Metropolitana del Valle de M\u00e9xico (POZMVM), instrumento que permitir\u00e1 establecer una planeaci\u00f3n conjunta entre las entidades y municipios que integran esta regi\u00f3n.<\/p>\n<p>Bajo la coordinaci\u00f3n de la Secretar\u00eda de Desarrollo Agrario, Territorial y Urbano (Sedatu), la Zona Metropolitana del Valle de M\u00e9xico qued\u00f3 conformada por 84 demarcaciones: 59 municipios del Estado de M\u00e9xico, las 16 alcald\u00edas de la Ciudad de M\u00e9xico, ocho municipios de Hidalgo y uno de Morelos, donde habitan cerca de 23 millones de personas.<\/p>\n<p>El Programa busca que los gobiernos involucrados cuenten con una visi\u00f3n com\u00fan para atender problemas que superan los l\u00edmites territoriales de cada entidad o municipio. Entre sus prioridades se encuentran la gesti\u00f3n sustentable de las cuencas de agua, los sistemas integrados de movilidad regional, la cobertura equitativa de servicios p\u00fablicos, la gesti\u00f3n de riesgos y el desarrollo econ\u00f3mico.<\/p>\n<p>Carlos Maza Lara, Secretario de Desarrollo Urbano e Infraestructura, destac\u00f3 que la participaci\u00f3n del Estado de M\u00e9xico permitir\u00e1 aportar las necesidades y caracter\u00edsticas de sus municipios a la planeaci\u00f3n metropolitana, con el prop\u00f3sito de que el crecimiento de la regi\u00f3n se traduzca en equidad, bienestar y justicia social para las familias.<\/p>\n<p>Como parte de la elaboraci\u00f3n del POZMVM, el Estado de M\u00e9xico ha participado en 175 reuniones con enlaces estatales, 17 recorridos por sitios estrat\u00e9gicos metropolitanos y 40 sesiones del Secretariado T\u00e9cnico Conjunto.<\/p>\n<p>La participaci\u00f3n mexiquense tambi\u00e9n ha tenido un peso relevante en el proceso de consulta. De los 24 talleres realizados con m\u00e1s de 2 mil 300 asistentes, 19 tuvieron como sede el Estado de M\u00e9xico. Adem\u00e1s, se efectuaron 59 entrevistas con gobiernos municipales y 12 recorridos de diagn\u00f3stico regional.<\/p>\n<p>El proceso tambi\u00e9n considera la participaci\u00f3n de 167 comunidades ind\u00edgenas de la zona metropolitana: 88 de la Ciudad de M\u00e9xico, 66 del Estado de M\u00e9xico, 12 de Hidalgo y una de Morelos. En territorio mexiquense se han realizado 72 de las 100 reuniones de consulta previstas.<\/p>\n<p>&nbsp;<\/p>\n<p>&nbsp;<\/p>\n<p>&nbsp;<\/p>\n<p>&nbsp;<\/p>\n<p>&nbsp;<\/p>\n<p>&nbsp;<\/p>\n<p>&nbsp;<\/p>\n<p>&nbsp;<\/p>\n<p>&nbsp;<\/p>\n<p>&nbsp;<\/p>\n","protected":false},"excerpt":{"rendered":"<p>Nueva planeaci\u00f3n metropolitana \u00a0 \u00a0 &nbsp; &nbsp; Metepec, Estado de M\u00e9xico.- Con 59 municipios y m\u00e1s de 12.4 millones de habitantes, el Estado de M\u00e9xico tiene la mayor representaci\u00f3n territorial y poblacional en la nueva configuraci\u00f3n de la Zona Metropolitana del Valle de M\u00e9xico, por lo que el Gobierno de la Maestra Delfina G\u00f3mez \u00c1lvarez [&hellip;]<\/p>\n","protected":false},"author":14,"featured_media":738075,"comment_status":"open","ping_status":"open","sticky":false,"template":"","format":"standard","meta":{"_monsterinsights_skip_tracking":false,"footnotes":""},"categories":[5],"tags":[],"class_list":["post-738077","post","type-post","status-publish","format-standard","has-post-thumbnail","hentry","category-estado-de-mexico"],"_links":{"self":[{"href":"https:\/\/www.diarioimagen.net\/index.php?rest_route=\/wp\/v2\/posts\/738077","targetHints":{"allow":["GET"]}}],"collection":[{"href":"https:\/\/www.diarioimagen.net\/index.php?rest_route=\/wp\/v2\/posts"}],"about":[{"href":"https:\/\/www.diarioimagen.net\/index.php?rest_route=\/wp\/v2\/types\/post"}],"author":[{"embeddable":true,"href":"https:\/\/www.diarioimagen.net\/index.php?rest_route=\/wp\/v2\/users\/14"}],"replies":[{"embeddable":true,"href":"https:\/\/www.diarioimagen.net\/index.php?rest_route=%2Fwp%2Fv2%2Fcomments&post=738077"}],"version-history":[{"count":1,"href":"https:\/\/www.diarioimagen.net\/index.php?rest_route=\/wp\/v2\/posts\/738077\/revisions"}],"predecessor-version":[{"id":738078,"href":"https:\/\/www.diarioimagen.net\/index.php?rest_route=\/wp\/v2\/posts\/738077\/revisions\/738078"}],"wp:featuredmedia":[{"embeddable":true,"href":"https:\/\/www.diarioimagen.net\/index.php?rest_route=\/wp\/v2\/media\/738075"}],"wp:attachment":[{"href":"https:\/\/www.diarioimagen.net\/index.php?rest_route=%2Fwp%2Fv2%2Fmedia&parent=738077"}],"wp:term":[{"taxonomy":"category","embeddable":true,"href":"https:\/\/www.diarioimagen.net\/index.php?rest_route=%2Fwp%2Fv2%2Fcategories&post=738077"},{"taxonomy":"post_tag","embeddable":true,"href":"https:\/\/www.diarioimagen.net\/index.php?rest_route=%2Fwp%2Fv2%2Ftags&post=738077"}],"curies":[{"name":"wp","href":"https:\/\/api.w.org\/{rel}","templated":true}]}}