{"id":738082,"date":"2026-09-01T20:47:21","date_gmt":"2026-09-02T02:47:21","guid":{"rendered":"https:\/\/www.diarioimagen.net\/?p=738082"},"modified":"2026-09-01T20:47:21","modified_gmt":"2026-09-02T02:47:21","slug":"rebelion-en-la-granja-llega-a-mexico","status":"publish","type":"post","link":"https:\/\/www.diarioimagen.net\/?p=738082","title":{"rendered":"Rebeli\u00f3n en la granja llega a M\u00e9xico"},"content":{"rendered":"<p>&nbsp;<\/p>\n<ul>\n<li><strong>A partir del 3 de septiembre de 2026<\/strong><\/li>\n<li><strong>La adaptaci\u00f3n de Andy Serkis de la novela cl\u00e1sica cuenta con un elenco estelar<\/strong><\/li>\n<\/ul>\n<div id=\"attachment_738083\" style=\"width: 192px\" class=\"wp-caption alignnone\"><img loading=\"lazy\" decoding=\"async\" aria-describedby=\"caption-attachment-738083\" class=\"wp-image-738083 size-large\" src=\"https:\/\/www.diarioimagen.net\/wp-content\/uploads\/2026\/09\/GRANJA-182x270.jpeg\" alt=\"\" width=\"182\" height=\"270\" srcset=\"https:\/\/www.diarioimagen.net\/wp-content\/uploads\/2026\/09\/GRANJA-182x270.jpeg 182w, https:\/\/www.diarioimagen.net\/wp-content\/uploads\/2026\/09\/GRANJA-162x240.jpeg 162w, https:\/\/www.diarioimagen.net\/wp-content\/uploads\/2026\/09\/GRANJA-768x1137.jpeg 768w, https:\/\/www.diarioimagen.net\/wp-content\/uploads\/2026\/09\/GRANJA-1037x1536.jpeg 1037w, https:\/\/www.diarioimagen.net\/wp-content\/uploads\/2026\/09\/GRANJA-1383x2048.jpeg 1383w, https:\/\/www.diarioimagen.net\/wp-content\/uploads\/2026\/09\/GRANJA-scaled.jpeg 1729w\" sizes=\"auto, (max-width: 182px) 100vw, 182px\" \/><p id=\"caption-attachment-738083\" class=\"wp-caption-text\"><br \/>Rebeli\u00f3n en la granja llega a M\u00e9xico<\/p><\/div>\n<p>Angel ha anunciado la adquisici\u00f3n de los derechos de distribuci\u00f3n en cines para la muy esperada adaptaci\u00f3n animada de \u201cRebeli\u00f3n en la granja\u201d (de George Orwell), dirigida por Andy Serkis.\u00a0 Con un elenco de voces legendario, \u201cRebeli\u00f3n en la granja\u201d fue producida por Adam Nagle y Dave Rosenbaum para Aniventure, y por Jonathan Cavendish y Andy Serkis para Imaginarium Productions, contando con la animaci\u00f3n de Cinesite.<\/p>\n<p>El estreno de la pel\u00edcula en salas est\u00e1 programado para el 3 de septiembre de 2026.<\/p>\n<p>\u00abEste es un proyecto de enorme coraz\u00f3n\u00bb, dijo Brandon Purdie, Vicepresidente Ejecutivo de Desarrollo Teatral y de Marca en Angel. \u00abLa direcci\u00f3n visionaria de Andy Serkis, combinada con este elenco poderoso, crea una pel\u00edcula que se siente oportuna, urgente y profundamente humana, aunque los protagonistas puedan ser cerdos, burros y caballos. Estamos seguros de que los cin\u00e9filos ver\u00e1n no solo una historia de animales de granja, sino un espejo que hoy se le sostiene a nuestro mundo.\u00bb<\/p>\n<p>Andy Serkis, aclamado actor y director, ha impulsado este proyecto con un guion de Nicholas Stoller.<\/p>\n<p>La pel\u00edcula se estren\u00f3 en el Festival Internacional de Cine de Animaci\u00f3n de Annecy el verano pasado, donde Pete Hammond de Deadline declar\u00f3 que la pel\u00edcula \u00abme parece una de las m\u00e1s importantes del a\u00f1o.\u00bb<\/p>\n<p>Serkis agreg\u00f3: \u00abLa Granja de los Animales de Orwell nunca se ha sentido m\u00e1s relevante. En una \u00e9poca donde el poder, la propaganda y la desigualdad moldean nuestras sociedades, es vital recordar su historia de advertencia. Esta adaptaci\u00f3n no es solo una historia para entretenimiento, es un recordatorio de que la democracia, la libertad y la integridad son fr\u00e1giles y deben ser vigiladas. Mi esperanza es que el p\u00fablico se vaya conmovido, reflexivo e inspirado para defender los valores que importan.\u00a0 Me siento honrado de que Angel y el Angel Guild est\u00e9n dispuestos a llevar esta pel\u00edcula a las pantallas grandes.\u00bb<\/p>\n<p>&nbsp;<\/p>\n<p>&nbsp;<\/p>\n<p>&nbsp;<\/p>\n<blockquote><p>El elenco de voces estelar incluye:<\/p>\n<p>&#8211; Seth Rogen como Napole\u00f3n<\/p>\n<p>&#8211; Gaten Matarazzo como Lucky, un joven lech\u00f3n dividido entre ideolog\u00edas en competencia.<\/p>\n<p>&#8211; Steve Buscemi como el Sr. Whymper, un empleado humano del banco.<\/p>\n<p>&#8211; Glenn Close como Freida Pilkington, una vecina intrigante.<\/p>\n<p>&#8211; Laverne Cox como Bola de Nieve, reimaginada en esta versi\u00f3n como una cerda y rival de Napole\u00f3n.<\/p>\n<p>&#8211; Kieran Culkin como Squealer, el propagandista persuasivo de Napole\u00f3n.<\/p>\n<p>&#8211; Woody Harrelson como Boxer, el caballo leal.<\/p>\n<p>&#8211; Jim Parsons como Carl la oveja y como el resto de su reba\u00f1o.<\/p>\n<p>&#8211; El propio Andy Serkis da voz al Sr. Jones, el due\u00f1o original de la granja, y a Randolph el Gallo.<\/p>\n<p>&#8211; Kathleen Turner como Benjam\u00edn el burro.<\/p>\n<p>&#8211; Iman Vellani como los lechones Puff y Tammy, amigos cercanos de Lucky.<\/p>\n<p>Usando su modelo impulsado por miembros del Gremio de los \u00c1ngeles, Angel est\u00e1 dedicado a asegurar que Rebeli\u00f3n resuene tanto con los lectores de larga data del cl\u00e1sico de Orwell como con las nuevas generaciones que descubren sus temas por primera vez.<\/p><\/blockquote>\n","protected":false},"excerpt":{"rendered":"<p>&nbsp; A partir del 3 de septiembre de 2026 La adaptaci\u00f3n de Andy Serkis de la novela cl\u00e1sica cuenta con un elenco estelar Angel ha anunciado la adquisici\u00f3n de los derechos de distribuci\u00f3n en cines para la muy esperada adaptaci\u00f3n animada de \u201cRebeli\u00f3n en la granja\u201d (de George Orwell), dirigida por Andy Serkis.\u00a0 Con un [&hellip;]<\/p>\n","protected":false},"author":14,"featured_media":738083,"comment_status":"open","ping_status":"open","sticky":false,"template":"","format":"standard","meta":{"_monsterinsights_skip_tracking":false,"footnotes":""},"categories":[12],"tags":[],"class_list":["post-738082","post","type-post","status-publish","format-standard","has-post-thumbnail","hentry","category-espectaculos"],"_links":{"self":[{"href":"https:\/\/www.diarioimagen.net\/index.php?rest_route=\/wp\/v2\/posts\/738082","targetHints":{"allow":["GET"]}}],"collection":[{"href":"https:\/\/www.diarioimagen.net\/index.php?rest_route=\/wp\/v2\/posts"}],"about":[{"href":"https:\/\/www.diarioimagen.net\/index.php?rest_route=\/wp\/v2\/types\/post"}],"author":[{"embeddable":true,"href":"https:\/\/www.diarioimagen.net\/index.php?rest_route=\/wp\/v2\/users\/14"}],"replies":[{"embeddable":true,"href":"https:\/\/www.diarioimagen.net\/index.php?rest_route=%2Fwp%2Fv2%2Fcomments&post=738082"}],"version-history":[{"count":1,"href":"https:\/\/www.diarioimagen.net\/index.php?rest_route=\/wp\/v2\/posts\/738082\/revisions"}],"predecessor-version":[{"id":738084,"href":"https:\/\/www.diarioimagen.net\/index.php?rest_route=\/wp\/v2\/posts\/738082\/revisions\/738084"}],"wp:featuredmedia":[{"embeddable":true,"href":"https:\/\/www.diarioimagen.net\/index.php?rest_route=\/wp\/v2\/media\/738083"}],"wp:attachment":[{"href":"https:\/\/www.diarioimagen.net\/index.php?rest_route=%2Fwp%2Fv2%2Fmedia&parent=738082"}],"wp:term":[{"taxonomy":"category","embeddable":true,"href":"https:\/\/www.diarioimagen.net\/index.php?rest_route=%2Fwp%2Fv2%2Fcategories&post=738082"},{"taxonomy":"post_tag","embeddable":true,"href":"https:\/\/www.diarioimagen.net\/index.php?rest_route=%2Fwp%2Fv2%2Ftags&post=738082"}],"curies":[{"name":"wp","href":"https:\/\/api.w.org\/{rel}","templated":true}]}}