{"id":738090,"date":"2026-09-01T20:53:41","date_gmt":"2026-09-02T02:53:41","guid":{"rendered":"https:\/\/www.diarioimagen.net\/?p=738090"},"modified":"2026-09-01T20:53:41","modified_gmt":"2026-09-02T02:53:41","slug":"inauguracion-de-la-decimo-septima-feria-nacional-del-libro-juridico-del-pjcdmx","status":"publish","type":"post","link":"https:\/\/www.diarioimagen.net\/?p=738090","title":{"rendered":"Inauguraci\u00f3n de la D\u00e9cimo S\u00e9ptima Feria  Nacional del Libro Jur\u00eddico del PJCDMX  \u00a0"},"content":{"rendered":"<p>&nbsp;<\/p>\n<ul>\n<li><strong>Este encuentro reafirma el valor del conocimiento y la importancia de la lectura como herramienta para el di\u00e1logo intergeneracional y la construcci\u00f3n continua de la justicia<\/strong><\/li>\n<\/ul>\n<div id=\"attachment_738091\" style=\"width: 351px\" class=\"wp-caption alignnone\"><img loading=\"lazy\" decoding=\"async\" aria-describedby=\"caption-attachment-738091\" class=\"wp-image-738091 size-large\" src=\"https:\/\/www.diarioimagen.net\/wp-content\/uploads\/2026\/09\/PJCXDMX-1-341x270.jpeg\" alt=\"\" width=\"341\" height=\"270\" srcset=\"https:\/\/www.diarioimagen.net\/wp-content\/uploads\/2026\/09\/PJCXDMX-1-341x270.jpeg 341w, https:\/\/www.diarioimagen.net\/wp-content\/uploads\/2026\/09\/PJCXDMX-1-240x190.jpeg 240w, https:\/\/www.diarioimagen.net\/wp-content\/uploads\/2026\/09\/PJCXDMX-1-768x608.jpeg 768w, https:\/\/www.diarioimagen.net\/wp-content\/uploads\/2026\/09\/PJCXDMX-1-1536x1217.jpeg 1536w, https:\/\/www.diarioimagen.net\/wp-content\/uploads\/2026\/09\/PJCXDMX-1.jpeg 1732w\" sizes=\"auto, (max-width: 341px) 100vw, 341px\" \/><p id=\"caption-attachment-738091\" class=\"wp-caption-text\">Rafael Guerra \u00c1lvarez, magistrado presidente del TSJCDMX, se\u00f1al\u00f3 que la Feria Nacional del Libro Jur\u00eddico, reafirma el valor del conocimiento y la importancia de la lectura como herramienta para el di\u00e1logo intergeneracional y la construcci\u00f3n continua de la justicia.<\/p><\/div>\n<div id=\"attachment_738092\" style=\"width: 369px\" class=\"wp-caption alignnone\"><img loading=\"lazy\" decoding=\"async\" aria-describedby=\"caption-attachment-738092\" class=\"wp-image-738092 size-large\" src=\"https:\/\/www.diarioimagen.net\/wp-content\/uploads\/2026\/09\/PJCXDMX-2-359x270.jpeg\" alt=\"\" width=\"359\" height=\"270\" srcset=\"https:\/\/www.diarioimagen.net\/wp-content\/uploads\/2026\/09\/PJCXDMX-2-359x270.jpeg 359w, https:\/\/www.diarioimagen.net\/wp-content\/uploads\/2026\/09\/PJCXDMX-2-240x181.jpeg 240w, https:\/\/www.diarioimagen.net\/wp-content\/uploads\/2026\/09\/PJCXDMX-2-768x578.jpeg 768w, https:\/\/www.diarioimagen.net\/wp-content\/uploads\/2026\/09\/PJCXDMX-2-1536x1156.jpeg 1536w, https:\/\/www.diarioimagen.net\/wp-content\/uploads\/2026\/09\/PJCXDMX-2-2048x1541.jpeg 2048w\" sizes=\"auto, (max-width: 359px) 100vw, 359px\" \/><p id=\"caption-attachment-738092\" class=\"wp-caption-text\">La D\u00e9cimo S\u00e9ptima Feria Nacional del Libro Jur\u00eddico, contando este a\u00f1o con la distinguida participaci\u00f3n del Estado de Oaxaca como invitado especial, representado por la magistrada Erika Mar\u00eda Rodr\u00edguez Rodr\u00edguez, presidenta del Poder Judicial de Oaxaca. \u00a0<\/p><\/div>\n<p>El Poder Judicial de la Ciudad de M\u00e9xico (PJCDMX) inaugur\u00f3 la D\u00e9cimo S\u00e9ptima Feria Nacional del Libro Jur\u00eddico, contando este a\u00f1o con la distinguida participaci\u00f3n del Estado de Oaxaca como invitado especial, representado por la magistrada Erika Mar\u00eda Rodr\u00edguez Rodr\u00edguez, presidenta del Poder Judicial de Oaxaca.<\/p>\n<p>Este encuentro cultural reafirma el valor del conocimiento y la importancia de la lectura como herramienta para el di\u00e1logo intergeneracional y la construcci\u00f3n continua de la justicia, expres\u00f3 el magistrado Rafael Guerra \u00c1lvarez, presidente del Tribunal Superior de Justicia de la Ciudad de M\u00e9xico (TSJCDMX).<\/p>\n<p>La feria ofrece la oportunidad de enriquecer nuestra vida de manera duradera, explorando nuevos caminos en la ciencia y el destino humano. Acercarse a los libros es, en esencia, acercarse a la inmortalidad, pues las ideas trascienden el tiempo y se encuentran con nuevas mentes dispuestas a recibirlas, concluy\u00f3 Guerra \u00c1lvarez.<\/p>\n<p>En su intervenci\u00f3n el magistrado Jorge Guerrero Mel\u00e9ndez presidente del \u00d3rgano de Administraci\u00f3n del PJCDMX, manifest\u00f3 que la feria es m\u00e1s que una exhibici\u00f3n de libros; es un encuentro con ideas, historia y responsabilidad en la b\u00fasqueda de una justicia m\u00e1s humana y cercana. Destac\u00f3 la importancia de formar juristas sensibles y comprometidos con la dignidad y las circunstancias de las personas, as\u00ed como la relevancia de acercar el conocimiento jur\u00eddico a las nuevas generaciones.<\/p>\n<p>Por su parte la magistrada Rodr\u00edguez Rodr\u00edguez resalt\u00f3 la riqueza cultural, hist\u00f3rica y jur\u00eddica de Oaxaca, y en particular se homenaje\u00f3 a Margarita Maza Parada, mujer oaxaque\u00f1a cuyo bicentenario de nacimiento se conmemora este a\u00f1o. M\u00e1s all\u00e1 de su v\u00ednculo con Benito Ju\u00e1rez, reconoci\u00f3 su importante rol propio durante un periodo crucial de la historia de M\u00e9xico, marcado por transformaciones pol\u00edticas, defensa de la soberan\u00eda y el proyecto republicano, concluy\u00f3.<\/p>\n<p>En el evento estuvieron presentes importantes figuras del \u00e1mbito judicial, como la magistrada Nahyeli Ortiz Quintero en representaci\u00f3n del magistrado Nicol\u00e1s Jer\u00f3nimo Alejo, Presidente del Tribunal de Disciplina Judicial; y el doctor Jorge Mart\u00ednez Arregu\u00edn, Director General de Anales de Jurisprudencia y Bolet\u00edn Judicial, entre otros.<\/p>\n<p>Se declar\u00f3 formalmente inaugurada la D\u00e9cimo S\u00e9ptima Feria Nacional del Libro Jur\u00eddico, y se continu\u00f3 con un recorrido en los stands de las editoriales e instituciones, tales como Tirant lo Blanch, Porr\u00faa, La Ley, Fondo de Cultura Econ\u00f3mica, Gallardo Ediciones, la Facultad de Derecho de la UNAM y la Suprema Corte de Justicia de la Naci\u00f3n.<\/p>\n<p>Asimismo, durante el evento se llev\u00f3 a cabo la presentaci\u00f3n del libro: Temas Selectos del Procedimiento Penal Acusatorio y Oral. Procedimiento Abreviado, con la participaci\u00f3n de Rafael Guerra \u00c1lvarez; Magistrado Presidente del TSJCDMX, Erika Mar\u00eda Rodr\u00edguez Rodr\u00edguez; Magistrada Presidenta del Poder Judicial de Oaxaca, Dennia Aline Trejo Perea; Magistrada de la Primera Sala de Justicia para Adolescentes, Mauricio Lozoya Alonso; Juez Sexag\u00e9simo Segundo de Control, ambos del TSJCDMX, V\u00edctor Hugo Gonz\u00e1lez Rodr\u00edguez; Administrador del \u00d3rgano de Administraci\u00f3n Judicial del PJCDMX y\u00a0 Kaleb Haidar Yemha Guti\u00e9rrez; Titular en la Unidad de la Fiscal\u00eda Especial en Investigaci\u00f3n de Delitos de Operaciones con Recursos Il\u00edcitos de la FGR.<\/p>\n<p>El magistrado Guerra \u00c1lvarez destac\u00f3 la labor y el compromiso de jueces como Mauricio Alonso y V\u00edctor Hugo Gonz\u00e1lez, valorando su trayectoria y apoyo dentro del tribunal. Asimismo, hizo una invitaci\u00f3n a conocer y leer el libro sobre el procedimiento resumido en materia penal, que tuvo vigencia breve antes de la entrada en vigor del C\u00f3digo Nacional de Procedimientos Penales.<\/p>\n<p>Finalmente, enfatiz\u00f3 que este procedimiento podr\u00eda agilizar la resoluci\u00f3n de casos, siendo m\u00e1s corto que el procedimiento tradicional, y se propuso su reapertura para mejorar el sistema judicial. Finalmente, alent\u00f3 a la reflexi\u00f3n sobre el fin y la utilidad de este procedimiento, destacando la necesidad de entenderlo para beneficio de la sociedad y el Estado.<\/p>\n<p>&nbsp;<\/p>\n<p><strong>\u00a0<\/strong><\/p>\n<p><strong>\u00a0<\/strong><\/p>\n","protected":false},"excerpt":{"rendered":"<p>&nbsp; Este encuentro reafirma el valor del conocimiento y la importancia de la lectura como herramienta para el di\u00e1logo intergeneracional y la construcci\u00f3n continua de la justicia El Poder Judicial de la Ciudad de M\u00e9xico (PJCDMX) inaugur\u00f3 la D\u00e9cimo S\u00e9ptima Feria Nacional del Libro Jur\u00eddico, contando este a\u00f1o con la distinguida participaci\u00f3n del Estado de [&hellip;]<\/p>\n","protected":false},"author":14,"featured_media":738091,"comment_status":"open","ping_status":"open","sticky":false,"template":"","format":"standard","meta":{"_monsterinsights_skip_tracking":false,"footnotes":""},"categories":[6],"tags":[],"class_list":["post-738090","post","type-post","status-publish","format-standard","has-post-thumbnail","hentry","category-cd-de-mexico"],"_links":{"self":[{"href":"https:\/\/www.diarioimagen.net\/index.php?rest_route=\/wp\/v2\/posts\/738090","targetHints":{"allow":["GET"]}}],"collection":[{"href":"https:\/\/www.diarioimagen.net\/index.php?rest_route=\/wp\/v2\/posts"}],"about":[{"href":"https:\/\/www.diarioimagen.net\/index.php?rest_route=\/wp\/v2\/types\/post"}],"author":[{"embeddable":true,"href":"https:\/\/www.diarioimagen.net\/index.php?rest_route=\/wp\/v2\/users\/14"}],"replies":[{"embeddable":true,"href":"https:\/\/www.diarioimagen.net\/index.php?rest_route=%2Fwp%2Fv2%2Fcomments&post=738090"}],"version-history":[{"count":1,"href":"https:\/\/www.diarioimagen.net\/index.php?rest_route=\/wp\/v2\/posts\/738090\/revisions"}],"predecessor-version":[{"id":738093,"href":"https:\/\/www.diarioimagen.net\/index.php?rest_route=\/wp\/v2\/posts\/738090\/revisions\/738093"}],"wp:featuredmedia":[{"embeddable":true,"href":"https:\/\/www.diarioimagen.net\/index.php?rest_route=\/wp\/v2\/media\/738091"}],"wp:attachment":[{"href":"https:\/\/www.diarioimagen.net\/index.php?rest_route=%2Fwp%2Fv2%2Fmedia&parent=738090"}],"wp:term":[{"taxonomy":"category","embeddable":true,"href":"https:\/\/www.diarioimagen.net\/index.php?rest_route=%2Fwp%2Fv2%2Fcategories&post=738090"},{"taxonomy":"post_tag","embeddable":true,"href":"https:\/\/www.diarioimagen.net\/index.php?rest_route=%2Fwp%2Fv2%2Ftags&post=738090"}],"curies":[{"name":"wp","href":"https:\/\/api.w.org\/{rel}","templated":true}]}}