{"id":738094,"date":"2026-09-01T20:56:16","date_gmt":"2026-09-02T02:56:16","guid":{"rendered":"https:\/\/www.diarioimagen.net\/?p=738094"},"modified":"2026-09-01T20:57:12","modified_gmt":"2026-09-02T02:57:12","slug":"quimerica-producciones-busca-dignificar-el-trabajo-artistico","status":"publish","type":"post","link":"https:\/\/www.diarioimagen.net\/?p=738094","title":{"rendered":"Quim\u00e9rica Producciones busca dignificar el trabajo art\u00edstico"},"content":{"rendered":"<ul>\n<li><strong>Un grito por Javier Sol\u00eds, Jos\u00e9 Jos\u00e9 y Juan Gabriel<\/strong><\/li>\n<li><strong>Plantean modelo basado en empleo formal, seguridad social y continuidad profesional para los artistas<\/strong><\/li>\n<\/ul>\n<p>&nbsp;<\/p>\n<div id=\"attachment_738097\" style=\"width: 190px\" class=\"wp-caption alignnone\"><img loading=\"lazy\" decoding=\"async\" aria-describedby=\"caption-attachment-738097\" class=\"wp-image-738097 size-large\" src=\"https:\/\/www.diarioimagen.net\/wp-content\/uploads\/2026\/09\/QUIMERICA01-180x270.jpeg\" alt=\"\" width=\"180\" height=\"270\" srcset=\"https:\/\/www.diarioimagen.net\/wp-content\/uploads\/2026\/09\/QUIMERICA01-180x270.jpeg 180w, https:\/\/www.diarioimagen.net\/wp-content\/uploads\/2026\/09\/QUIMERICA01-160x240.jpeg 160w, https:\/\/www.diarioimagen.net\/wp-content\/uploads\/2026\/09\/QUIMERICA01-768x1152.jpeg 768w, https:\/\/www.diarioimagen.net\/wp-content\/uploads\/2026\/09\/QUIMERICA01-1024x1536.jpeg 1024w, https:\/\/www.diarioimagen.net\/wp-content\/uploads\/2026\/09\/QUIMERICA01-1366x2048.jpeg 1366w, https:\/\/www.diarioimagen.net\/wp-content\/uploads\/2026\/09\/QUIMERICA01-scaled.jpeg 1707w\" sizes=\"auto, (max-width: 180px) 100vw, 180px\" \/><p id=\"caption-attachment-738097\" class=\"wp-caption-text\">Un grito por Javier Sol\u00eds, Jos\u00e9 Jos\u00e9 y Juan Gabriel ser\u00e1 el primer concierto de\u00a0 Quim\u00e9rica Producciones y el inicio de su modelo de apoyo laboral a los artistas.<\/p><\/div>\n<p><strong>Por Arturo Arellano <\/strong><\/p>\n<p>&nbsp;<\/p>\n<p>Quim\u00e9rica Producciones prepara para el pr\u00f3ximo 17 de septiembre su primer concierto como parte de una nueva etapa institucional: Un grito por Javier Sol\u00eds, Jos\u00e9 Jos\u00e9 y Juan Gabriel, un espect\u00e1culo dedicado a tres de las voces m\u00e1s representativas de la m\u00fasica mexicana.<\/p>\n<p>&nbsp;<\/p>\n<p>M\u00e1s all\u00e1 de la presentaci\u00f3n art\u00edstica, el proyecto busca impulsar un modelo de trabajo que otorgue estabilidad a quienes se dedican a la m\u00fasica y a las artes esc\u00e9nicas. Guillermo Armada, director general y art\u00edstico de la empresa, explic\u00f3 que la productora naci\u00f3 con una finalidad central: incorporar artistas a una n\u00f3mina formal y ofrecerles beneficios laborales.<\/p>\n<p>&nbsp;<\/p>\n<p>\u201cLa \u00fanica finalidad que tiene es tener cuantos m\u00e1s artistas mejor en n\u00f3mina para que estos artistas tengan un sueldo fijo mensual, que tengan derecho a seguro social, Infonavit y cuando sean mayores puedan jubilarse\u201d, declar\u00f3 Armada durante la entrevista.<\/p>\n<p>&nbsp;<\/p>\n<p>Quim\u00e9rica Producciones funciona como incubadora, productora, promotora y plataforma de desarrollo de talento nacional. Sus l\u00edneas de trabajo incluyen la creaci\u00f3n de conciertos y espect\u00e1culos, la representaci\u00f3n art\u00edstica, la formaci\u00f3n especializada, la producci\u00f3n audiovisual y la vinculaci\u00f3n con instituciones p\u00fablicas y privadas. Y el espect\u00e1culo del 17 de septiembre ser\u00e1 el lanzamiento de la nueva etapa de Quim\u00e9rica Producciones. Armada se\u00f1al\u00f3 que, antes de su incorporaci\u00f3n, la empresa ya hab\u00eda realizado algunos eventos, pero consider\u00f3 necesario establecer una direcci\u00f3n especializada, una identidad visual y una estrategia art\u00edstica definida.<\/p>\n<p>&nbsp;<\/p>\n<p>En el concierto participar\u00e1n cuatro artistas seleccionados por la empresa, adem\u00e1s de siete int\u00e9rpretes invitados que se sumar\u00e1n para fortalecer la presentaci\u00f3n. Entre los nombres mencionados por Armada se encuentran Alex Brizuela, cantante de The Revenants; Carla Centeno, quien interpret\u00f3 por primera vez a Malinche en el musical hom\u00f3nimo; Johnny Sigal y Jorge Dager, quien cuenta con dos nominaciones al Grammy, seg\u00fan lo referido en la entrevista.<\/p>\n<p>&nbsp;<\/p>\n<p>La propuesta busca combinar el homenaje a Javier Sol\u00eds, Jos\u00e9 Jos\u00e9 y Juan Gabriel con la presentaci\u00f3n p\u00fablica del modelo de Quim\u00e9rica: ofrecer espect\u00e1culos de calidad mientras se generan recursos para sostener el empleo de los artistas que forman parte de la empresa.<\/p>\n<p>&nbsp;<\/p>\n<p>&nbsp;<\/p>\n<p><strong>Un modelo basado en la permanencia<\/strong><\/p>\n<p>Uno de los principales planteamientos de Quim\u00e9rica es que los artistas no sean contratados \u00fanicamente para una producci\u00f3n espec\u00edfica. La intenci\u00f3n es que, una vez incorporados a un proyecto, permanezcan dentro de la organizaci\u00f3n y participen posteriormente en nuevos espect\u00e1culos acordes con sus capacidades vocales y esc\u00e9nicas.<\/p>\n<p>&nbsp;<\/p>\n<p>\u201cCuando hacemos un producto nuevo, por ejemplo una zarzuela, una \u00f3pera, para ese producto entran directamente siete cantantes, ocho cantantes, diez cantantes. Ellos entran en el momento en el que inicia este proyecto y a partir de ese momento se quedan en Quim\u00e9rica ya para siempre\u201d, explic\u00f3 Armada.<\/p>\n<p>&nbsp;<\/p>\n<p>Con este esquema, la empresa contempla integrar hasta 23 artistas entre el periodo actual y marzo de 2027. La cifra podr\u00eda ampliarse conforme se desarrollen nuevas producciones, como zarzuelas, \u00f3peras, conciertos l\u00edricos y presentaciones de distintos g\u00e9neros.<\/p>\n<p>&nbsp;<\/p>\n<p>El director general y art\u00edstico indic\u00f3 que la estrategia tambi\u00e9n contempla la participaci\u00f3n de profesionales de diferentes estados del pa\u00eds. Como ejemplo, mencion\u00f3 la incorporaci\u00f3n de un artista procedente de Sonora que colaborar\u00e1 como director de escena en las producciones programadas hasta marzo.<\/p>\n<p>&nbsp;<\/p>\n<p>Quim\u00e9rica Producciones tiene previsto desarrollar diversos proyectos durante los pr\u00f3ximos meses. Aunque algunos acuerdos todav\u00eda est\u00e1n pendientes de formalizaci\u00f3n, Armada adelant\u00f3 que existen convenios con teatros de la Ciudad de M\u00e9xico para realizar varias presentaciones.<\/p>\n<p>&nbsp;<\/p>\n<p>La agenda contempla cuatro zarzuelas, un concierto procedente de Espa\u00f1a con una recopilaci\u00f3n de arias de \u00f3pera y un espect\u00e1culo de boleros en diferentes versiones. Adem\u00e1s, la empresa planea estrenar su primera \u00f3pera completa en marzo de 2027 \u201cTambi\u00e9n Quim\u00e9rica va a estar trayendo productos que ya existan, por ejemplo, artistas internacionales que puedan venir, y los va a traer como modo de financiaci\u00f3n para poder seguir manteniendo esta n\u00f3mina de los artistas Quim\u00e9rica\u201d, se\u00f1al\u00f3 Armada.<\/p>\n<p>&nbsp;<\/p>\n<p><strong>Recursos para garantizar salarios<\/strong><\/p>\n<p><strong>\u00a0<\/strong><\/p>\n<p>El financiamiento de la n\u00f3mina depender\u00e1 principalmente de los ingresos generados por las producciones y la venta de boletos. Sin embargo, Armada asegur\u00f3 que los socios fundadores est\u00e1n dispuestos a aportar recursos en caso de que los espect\u00e1culos no alcancen las ventas esperadas \u201cNo va a haber ning\u00fan artista en Quim\u00e9rica que se quede sin cobrar, aunque no nos funcionen las producciones\u201d, sostuvo.<\/p>\n<p>&nbsp;<\/p>\n<p>El directivo explic\u00f3 que la planeaci\u00f3n financiera de la empresa no se mide \u00fanicamente a partir de las ganancias. La prioridad es establecer cu\u00e1ntos artistas pueden integrarse y durante cu\u00e1nto tiempo es posible garantizar sus salarios \u201cEllos quieren saber cu\u00e1ntos artistas y cu\u00e1ntos meses vamos a cubrir\u201d, afirm\u00f3 Armada al referirse a los socios fundadores.<\/p>\n<p>&nbsp;<\/p>\n<p>Seg\u00fan sus estimaciones, aun en un escenario desfavorable de venta de boletos, el plan de producciones previsto hasta febrero o marzo de 2027 permitir\u00eda cubrir los sueldos de 23 artistas hasta septiembre de 2028. Si las ventas son favorables, ese periodo podr\u00eda ampliarse.<\/p>\n<p>&nbsp;<\/p>\n<p><strong>El p\u00fablico como parte del proyecto<\/strong><\/p>\n<p><strong>\u00a0<\/strong><\/p>\n<p>Para Quim\u00e9rica Producciones, la compra de un boleto representa algo m\u00e1s que el acceso a un espect\u00e1culo. La empresa busca que el p\u00fablico participe indirectamente en la construcci\u00f3n de mejores condiciones laborales para los artistas \u201cLas personas, cuando compren un boleto Quim\u00e9rica, no solamente van a ver un gran espect\u00e1culo, sino que van a ayudar a los artistas\u201d, expres\u00f3 Armada. \u201cTodo el dinero del boleto que entreguen, el 100% del dinero, va destinado a pagar las n\u00f3minas de los artistas Quim\u00e9rica\u201d.<\/p>\n<p>&nbsp;<\/p>\n<p>Con el concierto dedicado a Javier Sol\u00eds, Jos\u00e9 Jos\u00e9 y Juan Gabriel, la productora comenzar\u00e1 una etapa que pretende extenderse a distintos estados del pa\u00eds y consolidar una plataforma de desarrollo art\u00edstico. Su propuesta parte de una premisa: que la actividad cultural puede ofrecer espect\u00e1culos de calidad y, al mismo tiempo, contribuir a que quienes los hacen posibles tengan seguridad, derechos laborales y un futuro profesional.<\/p>\n<p><strong>\u00a0<\/strong><\/p>\n<p>&nbsp;<\/p>\n<p>&nbsp;<\/p>\n","protected":false},"excerpt":{"rendered":"<p>Un grito por Javier Sol\u00eds, Jos\u00e9 Jos\u00e9 y Juan Gabriel Plantean modelo basado en empleo formal, seguridad social y continuidad profesional para los artistas &nbsp; Por Arturo Arellano &nbsp; Quim\u00e9rica Producciones prepara para el pr\u00f3ximo 17 de septiembre su primer concierto como parte de una nueva etapa institucional: Un grito por Javier Sol\u00eds, Jos\u00e9 Jos\u00e9 [&hellip;]<\/p>\n","protected":false},"author":14,"featured_media":738097,"comment_status":"open","ping_status":"open","sticky":false,"template":"","format":"standard","meta":{"_monsterinsights_skip_tracking":false,"footnotes":""},"categories":[16,12],"tags":[],"class_list":["post-738094","post","type-post","status-publish","format-standard","has-post-thumbnail","hentry","category-destacadas","category-espectaculos"],"_links":{"self":[{"href":"https:\/\/www.diarioimagen.net\/index.php?rest_route=\/wp\/v2\/posts\/738094","targetHints":{"allow":["GET"]}}],"collection":[{"href":"https:\/\/www.diarioimagen.net\/index.php?rest_route=\/wp\/v2\/posts"}],"about":[{"href":"https:\/\/www.diarioimagen.net\/index.php?rest_route=\/wp\/v2\/types\/post"}],"author":[{"embeddable":true,"href":"https:\/\/www.diarioimagen.net\/index.php?rest_route=\/wp\/v2\/users\/14"}],"replies":[{"embeddable":true,"href":"https:\/\/www.diarioimagen.net\/index.php?rest_route=%2Fwp%2Fv2%2Fcomments&post=738094"}],"version-history":[{"count":2,"href":"https:\/\/www.diarioimagen.net\/index.php?rest_route=\/wp\/v2\/posts\/738094\/revisions"}],"predecessor-version":[{"id":738098,"href":"https:\/\/www.diarioimagen.net\/index.php?rest_route=\/wp\/v2\/posts\/738094\/revisions\/738098"}],"wp:featuredmedia":[{"embeddable":true,"href":"https:\/\/www.diarioimagen.net\/index.php?rest_route=\/wp\/v2\/media\/738097"}],"wp:attachment":[{"href":"https:\/\/www.diarioimagen.net\/index.php?rest_route=%2Fwp%2Fv2%2Fmedia&parent=738094"}],"wp:term":[{"taxonomy":"category","embeddable":true,"href":"https:\/\/www.diarioimagen.net\/index.php?rest_route=%2Fwp%2Fv2%2Fcategories&post=738094"},{"taxonomy":"post_tag","embeddable":true,"href":"https:\/\/www.diarioimagen.net\/index.php?rest_route=%2Fwp%2Fv2%2Ftags&post=738094"}],"curies":[{"name":"wp","href":"https:\/\/api.w.org\/{rel}","templated":true}]}}