{"id":738101,"date":"2026-09-01T21:00:01","date_gmt":"2026-09-02T03:00:01","guid":{"rendered":"https:\/\/www.diarioimagen.net\/?p=738101"},"modified":"2026-09-01T21:00:01","modified_gmt":"2026-09-02T03:00:01","slug":"daniela-lujan-y-ricardo-margaleff-regresan-con-lo-nuevo-de-tu-crees","status":"publish","type":"post","link":"https:\/\/www.diarioimagen.net\/?p=738101","title":{"rendered":"Daniela Luj\u00e1n y Ricardo Margaleff regresan con lo nuevo de&#8230; \u201c\u00bfT\u00fa crees?\u201d"},"content":{"rendered":"<ul>\n<li><strong>Bajo la producci\u00f3n de Pedro Ortiz de Pinedo<\/strong><\/li>\n<li><strong>Para esta quinta temporada, el arco narrativo da un giro importante tras dejar atr\u00e1s las locaciones de \u201cAlmacenes Patito\u201d<\/strong><\/li>\n<\/ul>\n<div id=\"attachment_738102\" style=\"width: 370px\" class=\"wp-caption alignnone\"><img loading=\"lazy\" decoding=\"async\" aria-describedby=\"caption-attachment-738102\" class=\"wp-image-738102 size-large\" src=\"https:\/\/www.diarioimagen.net\/wp-content\/uploads\/2026\/09\/QUE-CREES-01-360x270.jpeg\" alt=\"\" width=\"360\" height=\"270\" srcset=\"https:\/\/www.diarioimagen.net\/wp-content\/uploads\/2026\/09\/QUE-CREES-01-360x270.jpeg 360w, https:\/\/www.diarioimagen.net\/wp-content\/uploads\/2026\/09\/QUE-CREES-01-240x180.jpeg 240w, https:\/\/www.diarioimagen.net\/wp-content\/uploads\/2026\/09\/QUE-CREES-01-768x576.jpeg 768w, https:\/\/www.diarioimagen.net\/wp-content\/uploads\/2026\/09\/QUE-CREES-01-1536x1152.jpeg 1536w, https:\/\/www.diarioimagen.net\/wp-content\/uploads\/2026\/09\/QUE-CREES-01-2048x1536.jpeg 2048w\" sizes=\"auto, (max-width: 360px) 100vw, 360px\" \/><p id=\"caption-attachment-738102\" class=\"wp-caption-text\">El 13 de septiembre llega a la pantalla de Las Estrellas, en los \u00abDomingos de Sof\u00e1\u00bb, la quinta era temporada de \u00ab\u00bfT\u00fa Crees?\u00bb<\/p><\/div>\n<p>Por: Asael Grande<\/p>\n<p>&nbsp;<\/p>\n<p>La ca\u00f3tica y entra\u00f1able pareja de la televisi\u00f3n mexicana, Gaby (Daniela Luj\u00e1n) y Plutarco (Ricardo Margaleff), est\u00e1 de vuelta en la pantalla chica, a partir del 13 de septiembre, con el estreno de la quinta temporada de \u201c\u00bfT\u00fa crees?\u201d, el exitoso spin-off derivado del universo de Una familia de diez.<\/p>\n<p>Bajo la producci\u00f3n de Pedro Ortiz de Pinedo, esta nueva entrega promete mantener el sello de comedia blanca y enredos familiares que ha conquistado a la audiencia hispanohablante. Tras haber concluido exitosamente sus grabaciones en los foros de TelevisaUnivision, la serie presenta una renovaci\u00f3n total en sus escenarios y din\u00e1micas de personajes.<\/p>\n<p>Para esta quinta temporada, el arco narrativo da un giro importante tras dejar atr\u00e1s las locaciones de \u201cAlmacenes Patito\u201d. En los nuevos episodios, el torpe matrimonio y sus compa\u00f1eros de trabajo deber\u00e1n adaptarse a las reglas de una nueva cadena de tiendas: Del Sol \/ Woolworth: \u201cya estrenamos el 13 de septiembre, la quinta temporada de \u2018\u00bfT\u00fa crees?\u2019; primero fueron las aventuras de Gaby, y Plutarco fuera de la casa de sus padres, y tratando de ser unos adultos funcionales que, no lo han logrado, pero ah\u00ed van, y de pronto tienen una nueva familia laboral que son todos los empleados de El Sol, y son personajes incre\u00edbles que se han vuelto entra\u00f1ables\u201d, coment\u00f3 Daniela Luj\u00e1n (Gaby) en entrevista con esta casa editorial.<\/p>\n<p>El caos se desatar\u00e1 con la llegada de un nuevo gerente de zona, un personaje estricto que pondr\u00e1 a prueba la paciencia del personal e intentar\u00e1 reestructurar por completo el orden del almac\u00e9n. En el plano familiar, Gaby y Plutarco no la tendr\u00e1n m\u00e1s f\u00e1cil, ya que deber\u00e1n lidiar con las crecientes travesuras de sus hijos, quienes pondr\u00e1n de cabeza su hogar.<\/p>\n<p>Una de las sorpresas m\u00e1s comentadas por la producci\u00f3n es el regreso de Humberto al almac\u00e9n, un movimiento que reabrir\u00e1 viejas rivalidades, malos entendidos y enredos amorosos del pasado entre los empleados del lugar: \u201cestamos de regreso con la quinta temporada, gracias al p\u00fablico que prende la televisi\u00f3n, el personaje de Plutarco tiene mucho de mi esencia, de mi carrera, me da gusto que las familias ya me reconocen, es un buen term\u00f3metro de c\u00f3mo ha traspasado el programa; como actor, no he parado de estudiar, estudi\u00e9 en Nueva York, luego me fui a Los Angeles, y aqu\u00ed en M\u00e9xico estoy todo el tiempo tomando talleres, tomo clases de canto, poni\u00e9ndome al d\u00eda para hacer un musical como Matilda, se acaba de estrenar mi pel\u00edcula con Rob Schneider en Disney Plus, as\u00ed que no deben perderse la serie de comedia, \u2018\u00bfT\u00fa Crees?\u2019\u201d, dijo en entrevista, Ricardo Margaleff, quien interpreta el personaje de Plutarco.<\/p>\n<p>Para Daniela Luj\u00e1n, el personaje de Gaby le ha dejado aprendizaje: \u201cfue el primer proyecto que hice de comedia, como tal, aprend\u00ed y sigo aprendiendo muchas cosas, la comedia no es f\u00e1cil, se necesita mucha precisi\u00f3n, se necesita mucha limpieza, no es como una cosa desparpajada, aunque pueda parecer; Gaby me ha dejado muchas satisfacciones, tanto laborales, amistades maravillosas, muchas satisfacciones tambi\u00e9n, con el p\u00fablico, sabiendo que muchos ni\u00f1os que crecieron viendo Familia de Diez, ya son casi adultos, y yo le he dejado a Gaby muchos a\u00f1os, creo que le he dejado mucho experimento, he experimentado con ella muchas cosas de mi oficio, mucha creatividad para poder crear con ella, nos hemos dado bastante amor, as\u00ed que, si\u00e9ntense a ver los Domingos de Sof\u00e1, y \u00bfT\u00fa Crees?, es la historia de Plutarco y Gaby, estos dos personajes desubicados, que intentan sobrevivir a la vida adulta, y a las responsabilidades, creo que todos hemos vivido cosas as\u00ed, adem\u00e1s de las historias de los personajes de El Sol, que es la tienda departamental, para tratar de llevar la vida de la mejor manera\u201d.<\/p>\n<p>El elenco principal se mantiene s\u00f3lido para esta temporada, contando con la participaci\u00f3n de figuras clave de la comedia televisiva actual: Ingrid Martz, Pierre Angelo, Mar\u00eda Alicia Delgado, Luis Manuel \u00c1vila, Tadeo Bonavides, Juan Carlos Casasola. Para esta quinta temporada de \u201c\u00bfT\u00fa crees?\u201d, la serie tendr\u00e1 invitados especiales como Rafael Incl\u00e1n, Pepe Maga\u00f1a, \u2018Pocholo\u2019, Beatriz Moreno, Camila Rivas, Lalo Espa\u00f1a, y Roberto Tello.<\/p>\n<p>La quinta temporada de \u201c\u00bfT\u00fa crees?\u201d se transmite los domingos a las 19:30 horas a trav\u00e9s de la se\u00f1al de Las Estrellas, ocupando el horario estelar de la barra de comedia dominical. Para quienes prefieren el formato digital, los nuevos episodios y las temporadas completas anteriores est\u00e1n disponibles bajo demanda en la plataforma de streaming ViX.<\/p>\n<p>&nbsp;<\/p>\n","protected":false},"excerpt":{"rendered":"<p>Bajo la producci\u00f3n de Pedro Ortiz de Pinedo Para esta quinta temporada, el arco narrativo da un giro importante tras dejar atr\u00e1s las locaciones de \u201cAlmacenes Patito\u201d Por: Asael Grande &nbsp; La ca\u00f3tica y entra\u00f1able pareja de la televisi\u00f3n mexicana, Gaby (Daniela Luj\u00e1n) y Plutarco (Ricardo Margaleff), est\u00e1 de vuelta en la pantalla chica, a [&hellip;]<\/p>\n","protected":false},"author":14,"featured_media":738102,"comment_status":"open","ping_status":"open","sticky":false,"template":"","format":"standard","meta":{"_monsterinsights_skip_tracking":false,"footnotes":""},"categories":[12],"tags":[],"class_list":["post-738101","post","type-post","status-publish","format-standard","has-post-thumbnail","hentry","category-espectaculos"],"_links":{"self":[{"href":"https:\/\/www.diarioimagen.net\/index.php?rest_route=\/wp\/v2\/posts\/738101","targetHints":{"allow":["GET"]}}],"collection":[{"href":"https:\/\/www.diarioimagen.net\/index.php?rest_route=\/wp\/v2\/posts"}],"about":[{"href":"https:\/\/www.diarioimagen.net\/index.php?rest_route=\/wp\/v2\/types\/post"}],"author":[{"embeddable":true,"href":"https:\/\/www.diarioimagen.net\/index.php?rest_route=\/wp\/v2\/users\/14"}],"replies":[{"embeddable":true,"href":"https:\/\/www.diarioimagen.net\/index.php?rest_route=%2Fwp%2Fv2%2Fcomments&post=738101"}],"version-history":[{"count":1,"href":"https:\/\/www.diarioimagen.net\/index.php?rest_route=\/wp\/v2\/posts\/738101\/revisions"}],"predecessor-version":[{"id":738103,"href":"https:\/\/www.diarioimagen.net\/index.php?rest_route=\/wp\/v2\/posts\/738101\/revisions\/738103"}],"wp:featuredmedia":[{"embeddable":true,"href":"https:\/\/www.diarioimagen.net\/index.php?rest_route=\/wp\/v2\/media\/738102"}],"wp:attachment":[{"href":"https:\/\/www.diarioimagen.net\/index.php?rest_route=%2Fwp%2Fv2%2Fmedia&parent=738101"}],"wp:term":[{"taxonomy":"category","embeddable":true,"href":"https:\/\/www.diarioimagen.net\/index.php?rest_route=%2Fwp%2Fv2%2Fcategories&post=738101"},{"taxonomy":"post_tag","embeddable":true,"href":"https:\/\/www.diarioimagen.net\/index.php?rest_route=%2Fwp%2Fv2%2Ftags&post=738101"}],"curies":[{"name":"wp","href":"https:\/\/api.w.org\/{rel}","templated":true}]}}