{"id":738107,"date":"2026-09-01T21:02:11","date_gmt":"2026-09-02T03:02:11","guid":{"rendered":"https:\/\/www.diarioimagen.net\/?p=738107"},"modified":"2026-09-01T21:02:11","modified_gmt":"2026-09-02T03:02:11","slug":"si-la-4t-permite-el-regreso-de-inzunza-por-que-al-gobernador-rocha-moya-no","status":"publish","type":"post","link":"https:\/\/www.diarioimagen.net\/?p=738107","title":{"rendered":"\u00bfSi la 4T permite el regreso de Inzunza,  por qu\u00e9 al gobernador Rocha Moya no?"},"content":{"rendered":"<p><strong>\u00a0<\/strong><\/p>\n<p><strong>TRAS LA PUERTA DEL PODER Roberto Vizca\u00edno<\/strong><\/p>\n<p><strong>\u00a0<\/strong><\/p>\n<p><strong>\u00a0<\/strong><strong>\u00a0<\/strong><\/p>\n<p><strong>\u00a0<\/strong><\/p>\n<p>Que la oposici\u00f3n reclame, repudie y cuestione la reinserci\u00f3n del senador sinaloense\u00a0<strong>Enrique Inzunza<\/strong>\u00a0a su esca\u00f1o en el Senado y si los reporteros y sus medios le exigen explicaciones y definiciones es algo normal en su circunstancia.<\/p>\n<p>Que a los fiscales norteamericanos que demandan formalmente al gobierno de la presidenta\u00a0<strong>Claudia Sheinbaum<\/strong>\u00a0su captura para ser extraditado a fin de ser enjuiciado en un tribunal de Brooklyn donde tiene un juicio abierto por v\u00ednculos con el C\u00e1rtel de Sinaloa, y si se les desorbitaron los ojos y exclamaron \u201c\u00a1<strong><em>WHAT<\/em><\/strong>!\u201d, ante la bienvenida y reparto de abrazos, de comentarios en corto, al o\u00eddo que le dieron sus amigos y ex compa\u00f1eros de bancada senatorial de Morena en el Pleno del Senado es igualmente comprensible.<\/p>\n<p>Lo que no es normal ni comprensible es por qu\u00e9 la presidenta\u00a0<strong>Claudia Sheinbaum<\/strong>; la secretaria de Gobernaci\u00f3n,\u00a0<strong>Rosa Icela Rodr\u00edguez<\/strong>,; la l\u00edder nacional de Morena\u00a0<strong>Ariadna Montiel<\/strong>, los gobernadores de Morena; las bancadas legislativas en la C\u00e1mara alta y en San L\u00e1zaro;<strong>Ricardo Monreal, <\/strong>que habl\u00f3 de \u201ccisma\u201d en el caso de\u00a0<strong>Rocha Moya,<\/strong>\u00a0y los otros muchos que reaccionaron exigi\u00e9ndole prudencia, sensatez y mesura y pedirle que volviera a pedir licencia al gobernador\u00a0<strong>Rub\u00e9n Rocha Moya<\/strong>\u00a0cuando hace un par de semanas retorn\u00f3 sorpresivamente a su cargo en Sinaloa, ahora dejan que el senador-poeta de Badiraguato retome sus tareas legislativas sin demandarle nada.<\/p>\n<p>Todos ellos se quedaron calladitos -\u00bfPor qu\u00e9 as\u00ed se ven m\u00e1s bonitos?-, viendo c\u00f3mo Inzunza cruzaba pasillos y plazas del Senado para finalmente llegar trajeado y peinado al Pleno para sentarse en su esca\u00f1o de primera fila y ver la llegada del doctor\u00a0<strong>Higinio Mart\u00ednez<\/strong>\u00a0a la presidencia del Senado.<\/p>\n<p>&nbsp;<\/p>\n<p><strong>Rescate de hechos<\/strong><\/p>\n<p>&nbsp;<\/p>\n<p>Hoy, en este escenario y contexto, es importante recobrar los hechos:<\/p>\n<p>Y los hechos indican que el 28 de abril anterior cambi\u00f3 su destino -\u00e9l ten\u00eda todo planchado (como se dice en pol\u00edtica), para ser el candidato de Morena a gobernador de Sinaloa en 2027 y ser el sucesor de su amigo, compadre y socio, el gobernador\u00a0<strong>Rub\u00e9n Rocha Moya<\/strong>-, cuando el Departamento de Justicia de los Estados Unidos requiri\u00f3 al gobierno de M\u00e9xico, v\u00eda el Departamento de Estado, su detenci\u00f3n con fines de extradici\u00f3n junto con la del \u00a0morenista\u00a0<strong>Rub\u00e9n Rocha Moya<\/strong>\u00a0y 8 colaboradores m\u00e1s por narcotr\u00e1fico y tr\u00e1fico y posesi\u00f3n de armas.<\/p>\n<p>Las imputaciones formales son: asociarse al C\u00e1rtel de Sinaloa para conspirar y enviar narc\u00f3ticos a EU y poseer ametralladoras y dispositivos destructivos a cambio de sobornos y protecci\u00f3n pol\u00edtica.<\/p>\n<p>El comunicado de las autoridades de justicia dice que a\u00a0<strong>Inzunza, Rocha Moya<\/strong>\u00a0y dem\u00e1s implicados:<\/p>\n<p>\u201cSe les acusa de haberse aliado al C\u00e1rtel de Sinaloa para distribuir cantidades masivas de narc\u00f3ticos a Estados Unidos\u201d.<\/p>\n<p>El caso fue presentado ante el tribunal federal del Distrito Sur de Nueva York y asignado a la jueza federal de distrito,\u00a0<strong>Katherine Polk Failla, <\/strong>por\u00a0el fiscal federal\u00a0<strong>Jay Clayton<\/strong> y por el administrador de la Agencia Antidrogas de Estados Unidos, la DEA,\u00a0<strong>Terrance C. Cole<\/strong>, con base en una acusaci\u00f3n de la Unidad de Seguridad Nacional y Narc\u00f3ticos Internacionales de la Fiscal\u00eda. Los fiscales federales adjuntos a cargo del caso son:\u00a0<strong>Jane Y. Chong<\/strong>,\u00a0<strong>Sarah L. Kushner<\/strong>\u00a0y\u00a0<strong>David J. Robles<\/strong>.<\/p>\n<p>Todo eso fue retomado por el Departamento de Justicia para exigir la detenci\u00f3n del gobernador, el senador y un alcalde en funciones surgidos del partido Morena y otros 7 implicados y luego ser extraditados a EU para ser juzgados en NY, no por una oficina de esa dependencia.<\/p>\n<p>\u201cEl C\u00e1rtel de Sinaloa es una organizaci\u00f3n criminal despiadada que ha inundado esta comunidad con drogas peligrosas durante d\u00e9cadas\u2026<\/p>\n<p>\u201cEl C\u00e1rtel de Sinaloa, y otras organizaciones de tr\u00e1fico de drogas similares, no operar\u00edan con tanta libertad ni \u00e9xito sin pol\u00edticos y funcionarios de las fuerzas del orden corruptos a sueldo\u201d, agreg\u00f3 el fiscal federal\u00a0<strong>Jay Clayton.<\/strong><\/p>\n<p>Junto con\u00a0<strong>Rocha Moya<\/strong>, el senador\u00a0<strong>Enrique Inzunza<\/strong>\u00a0y el alcalde de Culiac\u00e1n, <strong>Juan de Dios G\u00e1mez Mend\u00edvil,<\/strong>\u00a0el Departamento de Justicia de EU acusa a:<\/p>\n<p>A\u00a0<strong>Enrique D\u00edaz Vega<\/strong>, ex secretario de Administraci\u00f3n y Finanzas del gobierno de Sinaloa y al general\u00a0<strong>Gerardo M\u00e9rida S\u00e1nchez,<\/strong>\u00a0ex secretario de Seguridad P\u00fablica Estatal en Sinaloa, quienes ya se entregaron a la justicia norteamericana y negocian para ser colaboradores en este caso.<\/p>\n<p>Esta demanda incluye a\u00a0<strong>D\u00e1maso Castro Zaavedra<\/strong>, Fiscal General Adjunto de la Fiscal\u00eda General del estado;<strong>\u00a0Marco Antonio Almanza Avil\u00e9s<\/strong>, ex jefe de la Polic\u00eda de Investigaci\u00f3n de la Fiscal\u00eda General del estado;\u00a0<strong>Jorge Alberto Contreras N\u00fa\u00f1ez<\/strong>, alias A\/K\/A-\u201c<strong><em>Cholo<\/em><\/strong>\u201d, ex jefe de la Polic\u00eda de Investigaci\u00f3n de la Fiscal\u00eda General del Estado;\u00a0<strong>Jos\u00e9 Antonio Dionisio Hip\u00f3lito<\/strong>, alias <strong><em>Tornado<\/em><\/strong>, ex director Adjunto de la Polic\u00eda Estatal, y\u00a0<strong>Juan Valenzuela Mill\u00e1n<\/strong>, alias \u201c<strong>Juanito\u201d<\/strong>, ex comandante de la Polic\u00eda Municipal de Culiac\u00e1n, quien adem\u00e1s es se\u00f1alado de participar en el secuestro y asesinato de un colaborador y fuente de la DEA, y un familiar de \u00e9ste.<\/p>\n<p>Al dar a conocer el inicio de este proceso, el fiscal\u00a0<strong>Clayton<\/strong>\u00a0se\u00f1al\u00f3 que este proceso significaba para la administraci\u00f3n del presidente\u00a0<strong>Donald Trump <\/strong>emitir \u201cun mensaje claro a todos los funcionarios del mundo que colaboran con narcotraficantes: que, sin importar su cargo o posici\u00f3n, estamos comprometidos a llevarlos ante la justicia..<strong>.<\/strong>\u00a0que el apoyo de funcionarios corruptos debe terminar\u2026\u201d<\/p>\n<p>\u201cEl C\u00e1rtel de Sinaloa no solo trafica drogas letales, sino que\u00a0<strong>es una organizaci\u00f3n terrorista<\/strong>\u00a0que se vale de la corrupci\u00f3n y el soborno para fomentar la violencia y el lucro\u201d, indic\u00f3 a su vez el jefe de la DEA,\u00a0<strong>Terrance Cole<\/strong>.<\/p>\n<p>&nbsp;<\/p>\n<p><strong>Uno es enviado al cadalso y el otro es tolerado y reconocido<\/strong><\/p>\n<p>&nbsp;<\/p>\n<p>En este contexto, con los mismos cargos y requeridos por las mismas autoridades de EU, el gobernador\u00a0<strong>Rub\u00e9n Rocha Moya<\/strong>\u00a0es descartado y hundido r\u00e1pidamente por la 4T al intentar su reinserci\u00f3n y el senador\u00a0<strong>Enrique Inzunza,<\/strong>\u00a0por el contrario, regresa casi en hombros al Pleno del Senado para sentarse en su esca\u00f1o de primera fila y convivir y continuar siendo parte de las decisiones del poder de Morena.<\/p>\n<p>\u00bfCu\u00e1l la diferencia entre uno y otro? \u00bfPor qu\u00e9\u00a0<strong>Inzunza<\/strong>\u00a0s\u00ed y\u00a0<strong>Rocha Moya<\/strong>\u00a0no?<\/p>\n<p>&nbsp;<\/p>\n<p>Twitter: @_Vizcaino \/ Facebook<\/p>\n<p>\/\u00a0<a href=\"https:\/\/www.facebook.com\/rvizcainoa\">https:\/\/www.facebook.com\/rvizcainoa<\/a>\u00a0\/<\/p>\n<p>e-mail:\u00a0<a href=\"mailto:rvizcainoa@gmail.com\">rvizcainoa@gmail.com<\/a><\/p>\n<p>&nbsp;<\/p>\n","protected":false},"excerpt":{"rendered":"<p>\u00a0 TRAS LA PUERTA DEL PODER Roberto Vizca\u00edno \u00a0 \u00a0\u00a0 \u00a0 Que la oposici\u00f3n reclame, repudie y cuestione la reinserci\u00f3n del senador sinaloense\u00a0Enrique Inzunza\u00a0a su esca\u00f1o en el Senado y si los reporteros y sus medios le exigen explicaciones y definiciones es algo normal en su circunstancia. Que a los fiscales norteamericanos que demandan formalmente [&hellip;]<\/p>\n","protected":false},"author":14,"featured_media":0,"comment_status":"open","ping_status":"open","sticky":false,"template":"","format":"standard","meta":{"_monsterinsights_skip_tracking":false,"footnotes":""},"categories":[4,136],"tags":[],"class_list":["post-738107","post","type-post","status-publish","format-standard","hentry","category-opinion","category-roberto-vizcaino-opinion"],"_links":{"self":[{"href":"https:\/\/www.diarioimagen.net\/index.php?rest_route=\/wp\/v2\/posts\/738107","targetHints":{"allow":["GET"]}}],"collection":[{"href":"https:\/\/www.diarioimagen.net\/index.php?rest_route=\/wp\/v2\/posts"}],"about":[{"href":"https:\/\/www.diarioimagen.net\/index.php?rest_route=\/wp\/v2\/types\/post"}],"author":[{"embeddable":true,"href":"https:\/\/www.diarioimagen.net\/index.php?rest_route=\/wp\/v2\/users\/14"}],"replies":[{"embeddable":true,"href":"https:\/\/www.diarioimagen.net\/index.php?rest_route=%2Fwp%2Fv2%2Fcomments&post=738107"}],"version-history":[{"count":1,"href":"https:\/\/www.diarioimagen.net\/index.php?rest_route=\/wp\/v2\/posts\/738107\/revisions"}],"predecessor-version":[{"id":738108,"href":"https:\/\/www.diarioimagen.net\/index.php?rest_route=\/wp\/v2\/posts\/738107\/revisions\/738108"}],"wp:attachment":[{"href":"https:\/\/www.diarioimagen.net\/index.php?rest_route=%2Fwp%2Fv2%2Fmedia&parent=738107"}],"wp:term":[{"taxonomy":"category","embeddable":true,"href":"https:\/\/www.diarioimagen.net\/index.php?rest_route=%2Fwp%2Fv2%2Fcategories&post=738107"},{"taxonomy":"post_tag","embeddable":true,"href":"https:\/\/www.diarioimagen.net\/index.php?rest_route=%2Fwp%2Fv2%2Ftags&post=738107"}],"curies":[{"name":"wp","href":"https:\/\/api.w.org\/{rel}","templated":true}]}}