{"id":738109,"date":"2026-09-01T21:05:02","date_gmt":"2026-09-02T03:05:02","guid":{"rendered":"https:\/\/www.diarioimagen.net\/?p=738109"},"modified":"2026-09-01T21:05:02","modified_gmt":"2026-09-02T03:05:02","slug":"yolanda-del-rio-anuncia-segunda-fecha-en-el-teatro-metropolitan","status":"publish","type":"post","link":"https:\/\/www.diarioimagen.net\/?p=738109","title":{"rendered":"Yolanda del R\u00edo anuncia segunda fecha en el Teatro Metrop\u00f3litan"},"content":{"rendered":"<ul>\n<li><strong>Ante el \u00e9xito en taquilla de su gira \u201cEl Gran Regreso\u201d<\/strong><\/li>\n<li><strong>Con una trayectoria que supera los 50 a\u00f1os en la industria musical y cinematogr\u00e1fica, ofrecer\u00e1 un espect\u00e1culo de aproximadamente dos horas de duraci\u00f3n.<\/strong><\/li>\n<\/ul>\n<div id=\"attachment_738110\" style=\"width: 265px\" class=\"wp-caption alignnone\"><img loading=\"lazy\" decoding=\"async\" aria-describedby=\"caption-attachment-738110\" class=\"wp-image-738110 size-large\" src=\"https:\/\/www.diarioimagen.net\/wp-content\/uploads\/2026\/09\/YOLANDA-01-255x270.jpg\" alt=\"\" width=\"255\" height=\"270\" srcset=\"https:\/\/www.diarioimagen.net\/wp-content\/uploads\/2026\/09\/YOLANDA-01-255x270.jpg 255w, https:\/\/www.diarioimagen.net\/wp-content\/uploads\/2026\/09\/YOLANDA-01-227x240.jpg 227w, https:\/\/www.diarioimagen.net\/wp-content\/uploads\/2026\/09\/YOLANDA-01-768x812.jpg 768w, https:\/\/www.diarioimagen.net\/wp-content\/uploads\/2026\/09\/YOLANDA-01-1452x1536.jpg 1452w, https:\/\/www.diarioimagen.net\/wp-content\/uploads\/2026\/09\/YOLANDA-01-1936x2048.jpg 1936w\" sizes=\"auto, (max-width: 255px) 100vw, 255px\" \/><p id=\"caption-attachment-738110\" class=\"wp-caption-text\">\u201cMe hablaron de Producciones Sergio Gabriel, y me propusieron cantar en el Teatro Metrop\u00f3litan, estoy ansiosa de que ya sea 17 de octubre para poderle entregar mi coraz\u00f3n a todo ese p\u00fablico&#8230;\u201d<\/p><\/div>\n<p><em>Por: Asael Grande<\/em><\/p>\n<p>Yolanda del R\u00edo, una de las m\u00e1ximas leyendas vivientes de la m\u00fasica ranchera, consolida su vigencia en los escenarios nacionales tras colgar el letrero de \u201clocalidades agotadas\u201d para su pr\u00f3ximo concierto en el Teatro Metrop\u00f3litan. Ante la abrumadora respuesta de sus seguidores, los organizadores confirmaron la apertura de una segunda fecha en el emblem\u00e1tico recinto de la capital mexicana como parte de su aclamada gira internacional \u201cEl Gran Regreso\u201d.<\/p>\n<p>La int\u00e9rprete, conocida popularmente como \u201cLa Gran Se\u00f1ora de M\u00e9xico\u201d, ten\u00eda programada originalmente una \u00fanica presentaci\u00f3n para el 17 de octubre de 2026. Sin embargo, la velocidad con la que se vendieron las entradas oblig\u00f3 a la producci\u00f3n a a\u00f1adir un nuevo concierto el domingo 15 de noviembre, garantizando que nadie se quede fuera de esta celebraci\u00f3n a la m\u00fasica vern\u00e1cula<\/p>\n<p>\u201c<em>Me siento muy contenta, muy emocionada de estar en el Teatro Metrop\u00f3litan; mucha gente se pregunta por qu\u00e9 me ausent\u00e9 tanto tiempo, en primera, me cas\u00e9, una se enamora, y me fui a vivir a Estados Unidos, despu\u00e9s tuve dos hijos, pero nunca me retir\u00e9, porque he estado trabajando, he seguido trabajando, estuve muchos a\u00f1os en la RCA V\u00edctor, que ahora es Sony, y que todav\u00eda siguen sacando mi material, entonces, sigo vigente en Centro y Sudam\u00e9rica, en parte de Europa, es Estados Unidos, y por supuesto, en M\u00e9xico; me hablaron de Producciones Sergio Gabriel, y me propusieron cantar en el Teatro Metrop\u00f3litan, estoy ansiosa de que ya sea 17 de octubre para poderle entregar mi coraz\u00f3n a todo ese p\u00fablico de M\u00e9xico, a trav\u00e9s de mis canciones<\/em>\u201d, coment\u00f3 en conferencia, Yolanda del R\u00edo, quien, con una trayectoria que supera los 50 a\u00f1os en la industria musical y cinematogr\u00e1fica, ofrecer\u00e1 un espect\u00e1culo de aproximadamente dos horas de duraci\u00f3n.<\/p>\n<p>En esta gala, la cantante estar\u00e1 acompa\u00f1ada completamente en vivo por un mariachi tradicional para revivir los himnos que marcaron a generaciones enteras: \u201c<em>uno se aleja de tal ciudad o lugar, y yo quer\u00eda volver a la capital donde me inici\u00e9, cuando \u2018La hija de nadie\u2019 sali\u00f3 en disco, fue tan grande el impacto que despu\u00e9s hicimos la pel\u00edcula, nunca me imagin\u00e9 que tambi\u00e9n yo funcionara como actriz, y para m\u00ed fue una gran sorpresa que me dijeran que iba yo a volver a cantar aqu\u00ed en M\u00e9xico<\/em>\u201d.<\/p>\n<p>El repertorio de la velada promete un recorrido emocional por sus m\u00e1s grandes \u00e9xitos, incluyendo cl\u00e1sicos indispensables como <em>\u00abLa hija de nadie\u00bb<\/em>, <em>\u00abSe me olvid\u00f3 otra vez\u00bb<\/em>, <em>\u00abTus maletas en la puerta\u00bb<\/em>, <em>\u00abCamas separadas\u00bb<\/em> e <em>\u00abLa intrusa\u00bb<\/em>, temas que combinan la potencia vocal de la artista con el profundo sentimiento del folclor mexicano: \u201c<em>me gusta conquistar el coraz\u00f3n de las nuevas generaciones, se conectan mucho conmigo, sobre todo j\u00f3venes, entonces yo sigo que ser\u00e1 un reencuentro que yo voy a tener con mi p\u00fablico; ahora estoy trabajando nuevo material discogr\u00e1fico, saldr\u00e1 a principios del a\u00f1o entrante, estamos trabajando y escogiendo muy minuciosamente los temas que voy a sacar en este nuevo disco<\/em>\u201d, finaliz\u00f3, Yolanda del R\u00edo, conocida internacionalmente como \u201cLa Gran Se\u00f1ora de M\u00e9xico\u201d, quien con un cat\u00e1logo que supera los 47 \u00e1lbumes de estudio y una pasi\u00f3n intacta por el escenario, contin\u00faa demostrando que la m\u00fasica ranchera sigue viva, llevando su potente voz a los recintos m\u00e1s importantes del pa\u00eds con su gira \u201cEl Gran Regreso\u201d.<\/p>\n<p>&nbsp;<\/p>\n<p>&nbsp;<\/p>\n","protected":false},"excerpt":{"rendered":"<p>Ante el \u00e9xito en taquilla de su gira \u201cEl Gran Regreso\u201d Con una trayectoria que supera los 50 a\u00f1os en la industria musical y cinematogr\u00e1fica, ofrecer\u00e1 un espect\u00e1culo de aproximadamente dos horas de duraci\u00f3n. Por: Asael Grande Yolanda del R\u00edo, una de las m\u00e1ximas leyendas vivientes de la m\u00fasica ranchera, consolida su vigencia en los [&hellip;]<\/p>\n","protected":false},"author":14,"featured_media":738110,"comment_status":"open","ping_status":"open","sticky":false,"template":"","format":"standard","meta":{"_monsterinsights_skip_tracking":false,"footnotes":""},"categories":[12],"tags":[],"class_list":["post-738109","post","type-post","status-publish","format-standard","has-post-thumbnail","hentry","category-espectaculos"],"_links":{"self":[{"href":"https:\/\/www.diarioimagen.net\/index.php?rest_route=\/wp\/v2\/posts\/738109","targetHints":{"allow":["GET"]}}],"collection":[{"href":"https:\/\/www.diarioimagen.net\/index.php?rest_route=\/wp\/v2\/posts"}],"about":[{"href":"https:\/\/www.diarioimagen.net\/index.php?rest_route=\/wp\/v2\/types\/post"}],"author":[{"embeddable":true,"href":"https:\/\/www.diarioimagen.net\/index.php?rest_route=\/wp\/v2\/users\/14"}],"replies":[{"embeddable":true,"href":"https:\/\/www.diarioimagen.net\/index.php?rest_route=%2Fwp%2Fv2%2Fcomments&post=738109"}],"version-history":[{"count":1,"href":"https:\/\/www.diarioimagen.net\/index.php?rest_route=\/wp\/v2\/posts\/738109\/revisions"}],"predecessor-version":[{"id":738111,"href":"https:\/\/www.diarioimagen.net\/index.php?rest_route=\/wp\/v2\/posts\/738109\/revisions\/738111"}],"wp:featuredmedia":[{"embeddable":true,"href":"https:\/\/www.diarioimagen.net\/index.php?rest_route=\/wp\/v2\/media\/738110"}],"wp:attachment":[{"href":"https:\/\/www.diarioimagen.net\/index.php?rest_route=%2Fwp%2Fv2%2Fmedia&parent=738109"}],"wp:term":[{"taxonomy":"category","embeddable":true,"href":"https:\/\/www.diarioimagen.net\/index.php?rest_route=%2Fwp%2Fv2%2Fcategories&post=738109"},{"taxonomy":"post_tag","embeddable":true,"href":"https:\/\/www.diarioimagen.net\/index.php?rest_route=%2Fwp%2Fv2%2Ftags&post=738109"}],"curies":[{"name":"wp","href":"https:\/\/api.w.org\/{rel}","templated":true}]}}