{"id":738112,"date":"2026-09-01T21:08:46","date_gmt":"2026-09-02T03:08:46","guid":{"rendered":"https:\/\/www.diarioimagen.net\/?p=738112"},"modified":"2026-09-01T21:08:46","modified_gmt":"2026-09-02T03:08:46","slug":"los-doce-que-faltan","status":"publish","type":"post","link":"https:\/\/www.diarioimagen.net\/?p=738112","title":{"rendered":"Los doce que faltan"},"content":{"rendered":"<p>&nbsp;<\/p>\n<p><strong>De frente y de perfil. <\/strong>Ram\u00f3n Zurita Sahag\u00fan<\/p>\n<p>&nbsp;<\/p>\n<p>&nbsp;<\/p>\n<p><strong>\u00a0<\/strong><\/p>\n<p>Morena inici\u00f3 con demasiada antelaci\u00f3n la selecci\u00f3n de sus candidatos a los 17 gobiernos estatales que estar\u00e1n en disputa en 2027.<\/p>\n<p>Lo hizo de forma embozada bajo el esquema de defensores de la Cuarta Transformaci\u00f3n y la soberan\u00eda, de donde ya surgieron cinco nominados, tres mujeres y dos hombres.<\/p>\n<p>Faltan doce nominados, de los que deber\u00e1n salir seis hombres y, cuando menos, seis mujeres.<\/p>\n<p>En varios de los estados hay problemas grandes, por lo que se deben solucionar las diferencias, evitando el resquebrajamiento de la estructura.<\/p>\n<p>La fijaci\u00f3n de gobernadores y gobernadoras para designar a su sucesor, se encuentra a flor de piel.<\/p>\n<p>En Baja California son dos nombres los que permean, ambos de la confianza de la gobernadora Marina del Pilar \u00c1vila: Julieta Ram\u00edrez e Ismael Burgue\u00f1o, aunque los dos tienen historias de las que Morena ya no quiere aceptar.<\/p>\n<p>Baja California Sur mantiene una cerrada lucha entre Milena Quiroga, la consentida del gobernador V\u00edctor Castro, se\u00f1alada por algunas irregularidades detectadas en su desempe\u00f1o como alcaldesa y Cristian Ag\u00fandez, al que le quieren endosar varias facturas del paso de su padre como gobernador del estado.<\/p>\n<p>Chihuahua tiene una lucha soterrada entre los dos principales aspirantes Cruz P\u00e9rez Cu\u00e9llar, a quien se le objeta su pasado panista y Andrea Ch\u00e1vez, se\u00f1alada por dispendio de recursos y adelanto de campa\u00f1a.<\/p>\n<p>Guerrero, las encuestas favorecen con amplitud a Beatriz Mojica, aunque con la reciente detenci\u00f3n del ex gobernador \u00c1ngel Aguirre hay quienes le quieren hacer la maldad de relacionarla con esa administraci\u00f3n en la que fue secretaria de Desarrollo Social, otras dos mujeres la siguen en las encuestas Esthela Dami\u00e1n y Abelina L\u00f3pez.<\/p>\n<p>Michoac\u00e1n est\u00e1 muy complejo con la candidatura disputada entre Ra\u00fal Mor\u00f3n y Carlos Torres Pi\u00f1a, ambos muy cuestionados, por lo que alguna mujer podr\u00eda ser nominada. Fabiola Alan\u00eds o Gladyz Butanda.<\/p>\n<p>Nayarit parece ser m\u00e1s simple con la decisi\u00f3n de hombre o mujer. H\u00e9ctor Javier Santana, consentido del gobernador Miguel \u00c1ngel Navarro y Geraldine Ponce, est\u00e1n en la final.<\/p>\n<p>Nuevo Le\u00f3n es uno de los objetivos principales de la 4T, donde no deciden a qui\u00e9n poner: Tatiana Clouthier y Clara Luz Flores van por el lado de las mujeres y Waldo Fern\u00e1ndez por los hombres.<\/p>\n<p>En San Luis Potos\u00ed no importa a quien pongan, aunque todo parece indicar que ser\u00e1 Rita Rodr\u00edguez, hermana de Rosa Icela Rodr\u00edguez.<\/p>\n<p>Sonora tiene una encuesta muy cerrada entre C\u00e9lida L\u00f3pez, Javier Lamarque y Lorenia Valles, empujada por el gobernador Durazo.<\/p>\n<p>Tlaxcala tiene una feroz disputa entre Ana Lilia Rivera y Alfonso S\u00e1nchez Garc\u00eda. La mano de la gobernadora apuesta por Alfonso.<\/p>\n<p>Zacatecas mantiene una inc\u00f3gnita se le quiere restar poder a los Monreal y el candidato ser\u00e1 Ulises Mej\u00eda o se les da m\u00e1s y la candidata ser\u00e1 Ver\u00f3nica D\u00edaz Robles.<\/p>\n<p>Como se advierte la selecci\u00f3n ya es m\u00e1s sencilla, basada en dos puntos, el g\u00e9nero y el respaldo del gobernador en turno.<\/p>\n<p>++++++++<\/p>\n<p>La conformaci\u00f3n de empresas y la obtenci\u00f3n de contratos por parte de los hermanos L\u00f3pez Beltr\u00e1n provoca envidia en el pr\u00f3spero empresario-pol\u00edtico poblano conocido como \u201cChoco\u201d, seg\u00fan conf\u00eda a sus cercanos.<\/p>\n<p>&nbsp;<\/p>\n<p><a href=\"mailto:ramonzurita44@hotmail.com\">ramonzurita44@hotmail.com<\/a><\/p>\n<p>&nbsp;<\/p>\n<p><a href=\"mailto:ramonzurita44@gmail.com\">ramonzurita44@gmail.com<\/a><\/p>\n<p>&nbsp;<\/p>\n<p>&nbsp;<\/p>\n<p>&nbsp;<\/p>\n","protected":false},"excerpt":{"rendered":"<p>&nbsp; De frente y de perfil. Ram\u00f3n Zurita Sahag\u00fan &nbsp; &nbsp; \u00a0 Morena inici\u00f3 con demasiada antelaci\u00f3n la selecci\u00f3n de sus candidatos a los 17 gobiernos estatales que estar\u00e1n en disputa en 2027. Lo hizo de forma embozada bajo el esquema de defensores de la Cuarta Transformaci\u00f3n y la soberan\u00eda, de donde ya surgieron cinco [&hellip;]<\/p>\n","protected":false},"author":14,"featured_media":0,"comment_status":"open","ping_status":"open","sticky":false,"template":"","format":"standard","meta":{"_monsterinsights_skip_tracking":false,"footnotes":""},"categories":[4,234],"tags":[],"class_list":["post-738112","post","type-post","status-publish","format-standard","hentry","category-opinion","category-ramon-zurita-sahagun"],"_links":{"self":[{"href":"https:\/\/www.diarioimagen.net\/index.php?rest_route=\/wp\/v2\/posts\/738112","targetHints":{"allow":["GET"]}}],"collection":[{"href":"https:\/\/www.diarioimagen.net\/index.php?rest_route=\/wp\/v2\/posts"}],"about":[{"href":"https:\/\/www.diarioimagen.net\/index.php?rest_route=\/wp\/v2\/types\/post"}],"author":[{"embeddable":true,"href":"https:\/\/www.diarioimagen.net\/index.php?rest_route=\/wp\/v2\/users\/14"}],"replies":[{"embeddable":true,"href":"https:\/\/www.diarioimagen.net\/index.php?rest_route=%2Fwp%2Fv2%2Fcomments&post=738112"}],"version-history":[{"count":1,"href":"https:\/\/www.diarioimagen.net\/index.php?rest_route=\/wp\/v2\/posts\/738112\/revisions"}],"predecessor-version":[{"id":738113,"href":"https:\/\/www.diarioimagen.net\/index.php?rest_route=\/wp\/v2\/posts\/738112\/revisions\/738113"}],"wp:attachment":[{"href":"https:\/\/www.diarioimagen.net\/index.php?rest_route=%2Fwp%2Fv2%2Fmedia&parent=738112"}],"wp:term":[{"taxonomy":"category","embeddable":true,"href":"https:\/\/www.diarioimagen.net\/index.php?rest_route=%2Fwp%2Fv2%2Fcategories&post=738112"},{"taxonomy":"post_tag","embeddable":true,"href":"https:\/\/www.diarioimagen.net\/index.php?rest_route=%2Fwp%2Fv2%2Ftags&post=738112"}],"curies":[{"name":"wp","href":"https:\/\/api.w.org\/{rel}","templated":true}]}}