{"id":738209,"date":"2026-09-02T11:25:45","date_gmt":"2026-09-02T17:25:45","guid":{"rendered":"https:\/\/www.diarioimagen.net\/?p=738209"},"modified":"2026-09-02T11:25:45","modified_gmt":"2026-09-02T17:25:45","slug":"el-gobierno-de-claudia-sheinbaum-avanza-muy-bien-higinio-martinez","status":"publish","type":"post","link":"https:\/\/www.diarioimagen.net\/?p=738209","title":{"rendered":"El gobierno de Claudia Sheinbaum avanza muy bien: Higinio Mart\u00ednez"},"content":{"rendered":"<p>&nbsp;<\/p>\n<p><strong>&#8211; Subraya que en su Segundo Informe ofrece datos que pueden revisarse<\/strong><\/p>\n<p>&nbsp;<\/p>\n<div id=\"attachment_738210\" style=\"width: 367px\" class=\"wp-caption alignnone\"><img loading=\"lazy\" decoding=\"async\" aria-describedby=\"caption-attachment-738210\" class=\"wp-image-738210 size-large\" src=\"https:\/\/www.diarioimagen.net\/wp-content\/uploads\/2026\/09\/SENADO-PORTAL.jpeg-357x270.webp\" alt=\"\" width=\"357\" height=\"270\" srcset=\"https:\/\/www.diarioimagen.net\/wp-content\/uploads\/2026\/09\/SENADO-PORTAL.jpeg-357x270.webp 357w, https:\/\/www.diarioimagen.net\/wp-content\/uploads\/2026\/09\/SENADO-PORTAL.jpeg-240x182.webp 240w, https:\/\/www.diarioimagen.net\/wp-content\/uploads\/2026\/09\/SENADO-PORTAL.jpeg.webp 760w\" sizes=\"auto, (max-width: 357px) 100vw, 357px\" \/><p id=\"caption-attachment-738210\" class=\"wp-caption-text\">Higinio Mart\u00ednez Miranda se\u00f1al\u00f3 que tal como lo dej\u00f3 claro la presidenta, la unidad no es s\u00f3lo algo que se debe practicar, sino una necesidad.<\/p><\/div>\n<p>El presidente del Senado de la Rep\u00fablica, Higinio Mart\u00ednez Miranda, afirm\u00f3 que el gobierno que encabeza la presidenta Claudia Sheinbaum Pardo avanza muy bien en todos los rubros.<br \/>\nEn entrevista, previa a la Sesi\u00f3n del Congreso General, indic\u00f3 que \u201chay una cantidad de elementos suficientes para decir que este gobierno va muy bien y que la presidenta ofreci\u00f3 datos que pueden revisarse, porque son p\u00fablicos, no s\u00f3lo cifras alegres\u201d.<br \/>\nAsegur\u00f3 que la Presidenta est\u00e1 optimista y tiene mucha fuerza para seguir trabajando en favor del pa\u00eds, impulsando diversos programas sociales.<br \/>\n\u201cComo mexicano me dio mucho gusto escuchar parte de lo que se ha hecho durante su gobierno, por eso felicito a la presidenta de la Rep\u00fablica y ahora nos toca seguir el apoyo desde el marco legal\u201d, apunt\u00f3.<br \/>\nHiginio Mart\u00ednez explic\u00f3 que el Senado de la Rep\u00fablica ha contribuido con una cantidad importante de reformas constitucionales y legales, que han dado soporte al ejercicio de gobierno.<br \/>\nSubray\u00f3 la aplicaci\u00f3n de un bill\u00f3n de pesos para programas sociales, que est\u00e1n garantizados en el marco constitucional. \u201cEs una cantidad impresionante en ese caso\u201d, resalt\u00f3.<br \/>\nAdem\u00e1s, consider\u00f3 que otro punto relevante que trat\u00f3 la mandataria fue el amor y honestidad que se requiere para gobernar; \u201clo ratifico, porque se necesita amor y honestidad hasta para gobernar un municipio\u201d, expres\u00f3.<br \/>\nRecalc\u00f3 que tal como lo dej\u00f3 claro la presidenta, la unidad no es s\u00f3lo algo que se debe practicar, sino una necesidad; \u201cel movimiento est\u00e1 unido, porque hay una responsabilidad con las y los mexicanos\u201d, se\u00f1al\u00f3.<br \/>\nEl senador Higinio Mart\u00ednez destac\u00f3 la importancia de la austeridad al precisar que, cuando los recursos se disponen de manera adecuada y se aplican correctamente, se favorece el desarrollo del pa\u00eds y sobre todo, a los que menos tienen.<br \/>\nRespecto de los retos que se aproximan con el inicio del Periodo de Sesiones Ordinarias, el presidente del Senado coment\u00f3 que \u201chay que aplicarnos, porque viene mucho trabajo legislativo\u201d.<br \/>\n\u201cHabr\u00e1 muchos temas, tanto reformas a la Constituci\u00f3n Pol\u00edtica como a diversas leyes, por lo que hay que dar celeridad al quehacer parlamentario. Todo lo que sirva al pa\u00eds debe apuntalarse\u201d, concluy\u00f3.<\/p>\n<p>&nbsp;<\/p>\n","protected":false},"excerpt":{"rendered":"<p>&nbsp; &#8211; Subraya que en su Segundo Informe ofrece datos que pueden revisarse &nbsp; El presidente del Senado de la Rep\u00fablica, Higinio Mart\u00ednez Miranda, afirm\u00f3 que el gobierno que encabeza la presidenta Claudia Sheinbaum Pardo avanza muy bien en todos los rubros. En entrevista, previa a la Sesi\u00f3n del Congreso General, indic\u00f3 que \u201chay una [&hellip;]<\/p>\n","protected":false},"author":14,"featured_media":738210,"comment_status":"open","ping_status":"open","sticky":false,"template":"","format":"standard","meta":{"_monsterinsights_skip_tracking":false,"footnotes":""},"categories":[16,3],"tags":[],"class_list":["post-738209","post","type-post","status-publish","format-standard","has-post-thumbnail","hentry","category-destacadas","category-nacional"],"_links":{"self":[{"href":"https:\/\/www.diarioimagen.net\/index.php?rest_route=\/wp\/v2\/posts\/738209","targetHints":{"allow":["GET"]}}],"collection":[{"href":"https:\/\/www.diarioimagen.net\/index.php?rest_route=\/wp\/v2\/posts"}],"about":[{"href":"https:\/\/www.diarioimagen.net\/index.php?rest_route=\/wp\/v2\/types\/post"}],"author":[{"embeddable":true,"href":"https:\/\/www.diarioimagen.net\/index.php?rest_route=\/wp\/v2\/users\/14"}],"replies":[{"embeddable":true,"href":"https:\/\/www.diarioimagen.net\/index.php?rest_route=%2Fwp%2Fv2%2Fcomments&post=738209"}],"version-history":[{"count":1,"href":"https:\/\/www.diarioimagen.net\/index.php?rest_route=\/wp\/v2\/posts\/738209\/revisions"}],"predecessor-version":[{"id":738211,"href":"https:\/\/www.diarioimagen.net\/index.php?rest_route=\/wp\/v2\/posts\/738209\/revisions\/738211"}],"wp:featuredmedia":[{"embeddable":true,"href":"https:\/\/www.diarioimagen.net\/index.php?rest_route=\/wp\/v2\/media\/738210"}],"wp:attachment":[{"href":"https:\/\/www.diarioimagen.net\/index.php?rest_route=%2Fwp%2Fv2%2Fmedia&parent=738209"}],"wp:term":[{"taxonomy":"category","embeddable":true,"href":"https:\/\/www.diarioimagen.net\/index.php?rest_route=%2Fwp%2Fv2%2Fcategories&post=738209"},{"taxonomy":"post_tag","embeddable":true,"href":"https:\/\/www.diarioimagen.net\/index.php?rest_route=%2Fwp%2Fv2%2Ftags&post=738209"}],"curies":[{"name":"wp","href":"https:\/\/api.w.org\/{rel}","templated":true}]}}