{"id":738218,"date":"2026-09-02T19:46:06","date_gmt":"2026-09-03T01:46:06","guid":{"rendered":"https:\/\/www.diarioimagen.net\/?p=738218"},"modified":"2026-09-02T19:46:06","modified_gmt":"2026-09-03T01:46:06","slug":"paty-arevalo-presidenta-del-dif-atizapan-es-certificada-en-materia-de-anticorrupcion","status":"publish","type":"post","link":"https:\/\/www.diarioimagen.net\/?p=738218","title":{"rendered":"Paty Ar\u00e9valo, presidenta del DIF Atizap\u00e1n,  es certificada en materia de anticorrupci\u00f3n"},"content":{"rendered":"<p><strong>Reconocen su compromiso<\/strong><\/p>\n<p>&nbsp;<\/p>\n<div id=\"attachment_738219\" style=\"width: 213px\" class=\"wp-caption alignnone\"><img loading=\"lazy\" decoding=\"async\" aria-describedby=\"caption-attachment-738219\" class=\"wp-image-738219 size-large\" src=\"https:\/\/www.diarioimagen.net\/wp-content\/uploads\/2026\/09\/BAENA-1-OK-203x270.jpg\" alt=\"\" width=\"203\" height=\"270\" srcset=\"https:\/\/www.diarioimagen.net\/wp-content\/uploads\/2026\/09\/BAENA-1-OK-203x270.jpg 203w, https:\/\/www.diarioimagen.net\/wp-content\/uploads\/2026\/09\/BAENA-1-OK-180x240.jpg 180w, https:\/\/www.diarioimagen.net\/wp-content\/uploads\/2026\/09\/BAENA-1-OK-768x1024.jpg 768w, https:\/\/www.diarioimagen.net\/wp-content\/uploads\/2026\/09\/BAENA-1-OK-1152x1536.jpg 1152w, https:\/\/www.diarioimagen.net\/wp-content\/uploads\/2026\/09\/BAENA-1-OK.jpg 1500w\" sizes=\"auto, (max-width: 203px) 100vw, 203px\" \/><p id=\"caption-attachment-738219\" class=\"wp-caption-text\">Patricia Ar\u00e9valo es la primera representante de un Sistema Municipal DIF del Edomex en obtener el Certificado de Competencia Laboral en el Est\u00e1ndar de Competencia en materia anticorrupci\u00f3n.<\/p><\/div>\n<p>Atizap\u00e1n de Zaragoza, M\u00e9x.- Patricia Ar\u00e9valo se convirti\u00f3 en la primera representante de un Sistema Municipal DIF del Estado de M\u00e9xico en obtener el Certificado de Competencia Laboral en el Est\u00e1ndar de Competencia en materia anticorrupci\u00f3n, otorgado por el Consejo Nacional de Normalizaci\u00f3n y Certificaci\u00f3n de Competencias Laborales (CONOCER).<\/p>\n<p>&nbsp;<\/p>\n<p>Esta certificaci\u00f3n reconoce, mediante un proceso formal de evaluaci\u00f3n, las competencias necesarias para desempe\u00f1ar responsabilidades en el servicio p\u00fablico bajo principios de integridad, \u00e9tica, profesionalismo, legalidad y responsabilidad en el manejo de los recursos p\u00fablicos.<\/p>\n<p>&nbsp;<\/p>\n<p>El presidente municipal de Atizap\u00e1n de Zaragoza, Pedro Rodr\u00edguez Villegas, reconoci\u00f3 el compromiso de Paty Ar\u00e9valo y de las y los servidores p\u00fablicos que participaron en este proceso, al destacar que la profesionalizaci\u00f3n es una herramienta fundamental para consolidar instituciones m\u00e1s s\u00f3lidas y una administraci\u00f3n cercana, transparente y responsable.<\/p>\n<p>&nbsp;<\/p>\n<p>\u201cEn el servicio p\u00fablico, la integridad no debe ser solo un discurso; debe demostrarse en cada acci\u00f3n, en cada procedimiento y en la manera en la que atendemos a las personas. Esta certificaci\u00f3n debe ser motivo de orgullo, pero tambi\u00e9n de compromiso para seguir fortaleciendo las instituciones y desempe\u00f1ar nuestras responsabilidades con honestidad, con profesionalismo y, por supuesto, con una gran responsabilidad\u201d, expres\u00f3.<\/p>\n<p>&nbsp;<\/p>\n<p>El logro representa un avance para el Sistema Municipal DIF Atizap\u00e1n al incorporar la certificaci\u00f3n de competencias como parte de una estrategia de fortalecimiento institucional, orientada a prevenir pr\u00e1cticas de corrupci\u00f3n y consolidar una cultura de legalidad y buenas pr\u00e1cticas en el servicio p\u00fablico.<\/p>\n<p>&nbsp;<\/p>\n<p>Por su parte, Guillermina Alvarado Moreno, directora general de Grupo CONOCER, felicit\u00f3 a Paty Ar\u00e9valo por el esfuerzo realizado para alcanzar esta certificaci\u00f3n y refrend\u00f3 el acompa\u00f1amiento de la instituci\u00f3n para continuar impulsando la profesionalizaci\u00f3n de quienes desempe\u00f1an responsabilidades p\u00fablicas.<\/p>\n<p>&nbsp;<\/p>\n<p>&nbsp;<\/p>\n<p>&nbsp;<\/p>\n<p>&nbsp;<\/p>\n<p>&nbsp;<\/p>\n<p>&nbsp;<\/p>\n","protected":false},"excerpt":{"rendered":"<p>Reconocen su compromiso &nbsp; Atizap\u00e1n de Zaragoza, M\u00e9x.- Patricia Ar\u00e9valo se convirti\u00f3 en la primera representante de un Sistema Municipal DIF del Estado de M\u00e9xico en obtener el Certificado de Competencia Laboral en el Est\u00e1ndar de Competencia en materia anticorrupci\u00f3n, otorgado por el Consejo Nacional de Normalizaci\u00f3n y Certificaci\u00f3n de Competencias Laborales (CONOCER). &nbsp; Esta [&hellip;]<\/p>\n","protected":false},"author":14,"featured_media":738219,"comment_status":"open","ping_status":"open","sticky":false,"template":"","format":"standard","meta":{"_monsterinsights_skip_tracking":false,"footnotes":""},"categories":[5],"tags":[],"class_list":["post-738218","post","type-post","status-publish","format-standard","has-post-thumbnail","hentry","category-estado-de-mexico"],"_links":{"self":[{"href":"https:\/\/www.diarioimagen.net\/index.php?rest_route=\/wp\/v2\/posts\/738218","targetHints":{"allow":["GET"]}}],"collection":[{"href":"https:\/\/www.diarioimagen.net\/index.php?rest_route=\/wp\/v2\/posts"}],"about":[{"href":"https:\/\/www.diarioimagen.net\/index.php?rest_route=\/wp\/v2\/types\/post"}],"author":[{"embeddable":true,"href":"https:\/\/www.diarioimagen.net\/index.php?rest_route=\/wp\/v2\/users\/14"}],"replies":[{"embeddable":true,"href":"https:\/\/www.diarioimagen.net\/index.php?rest_route=%2Fwp%2Fv2%2Fcomments&post=738218"}],"version-history":[{"count":1,"href":"https:\/\/www.diarioimagen.net\/index.php?rest_route=\/wp\/v2\/posts\/738218\/revisions"}],"predecessor-version":[{"id":738220,"href":"https:\/\/www.diarioimagen.net\/index.php?rest_route=\/wp\/v2\/posts\/738218\/revisions\/738220"}],"wp:featuredmedia":[{"embeddable":true,"href":"https:\/\/www.diarioimagen.net\/index.php?rest_route=\/wp\/v2\/media\/738219"}],"wp:attachment":[{"href":"https:\/\/www.diarioimagen.net\/index.php?rest_route=%2Fwp%2Fv2%2Fmedia&parent=738218"}],"wp:term":[{"taxonomy":"category","embeddable":true,"href":"https:\/\/www.diarioimagen.net\/index.php?rest_route=%2Fwp%2Fv2%2Fcategories&post=738218"},{"taxonomy":"post_tag","embeddable":true,"href":"https:\/\/www.diarioimagen.net\/index.php?rest_route=%2Fwp%2Fv2%2Ftags&post=738218"}],"curies":[{"name":"wp","href":"https:\/\/api.w.org\/{rel}","templated":true}]}}