{"id":738221,"date":"2026-09-02T20:09:18","date_gmt":"2026-09-03T02:09:18","guid":{"rendered":"https:\/\/www.diarioimagen.net\/?p=738221"},"modified":"2026-09-02T20:09:18","modified_gmt":"2026-09-03T02:09:18","slug":"despliegan-en-naucalpan-operativo-caminito-de-la-escuela-2026-2207","status":"publish","type":"post","link":"https:\/\/www.diarioimagen.net\/?p=738221","title":{"rendered":"Despliegan en Naucalpan operativo \u201cCaminito de la Escuela 2026-2207\u201d"},"content":{"rendered":"<p>&nbsp;<\/p>\n<ul>\n<li><strong>Seguridad a miles de ni\u00f1os y j\u00f3venes<\/strong><\/li>\n<\/ul>\n<div id=\"attachment_738222\" style=\"width: 415px\" class=\"wp-caption alignnone\"><img loading=\"lazy\" decoding=\"async\" aria-describedby=\"caption-attachment-738222\" class=\"wp-image-738222 size-large\" src=\"https:\/\/www.diarioimagen.net\/wp-content\/uploads\/2026\/09\/BAENA-2-OK-405x270.jpg\" alt=\"\" width=\"405\" height=\"270\" srcset=\"https:\/\/www.diarioimagen.net\/wp-content\/uploads\/2026\/09\/BAENA-2-OK-405x270.jpg 405w, https:\/\/www.diarioimagen.net\/wp-content\/uploads\/2026\/09\/BAENA-2-OK-240x160.jpg 240w, https:\/\/www.diarioimagen.net\/wp-content\/uploads\/2026\/09\/BAENA-2-OK-768x512.jpg 768w, https:\/\/www.diarioimagen.net\/wp-content\/uploads\/2026\/09\/BAENA-2-OK.jpg 1500w\" sizes=\"auto, (max-width: 405px) 100vw, 405px\" \/><p id=\"caption-attachment-738222\" class=\"wp-caption-text\">Naucalpan puso en marcha el operativo \u201cCaminito de la Escuela 2026-2027\u201d, estrategia para salvaguardar la integridad de miles de ni\u00f1os y j\u00f3venes en regreso a clases.<\/p><\/div>\n<p>Naucalpan, M\u00e9x.- Teniendo como punto de partida las emblem\u00e1ticas Torres de Sat\u00e9lite, el gobierno encabezado por el alcalde Isaac Montoya puso en marcha el Operativo Regreso a Clases \u201cCaminito de la Escuela 2026-2027\u201d, estrategia multidisciplinaria que tiene como prop\u00f3sito salvaguardar la integridad de miles de ni\u00f1as, ni\u00f1os y j\u00f3venes durante sus trayectos hacia y desde los centros educativos.<\/p>\n<p>El dispositivo contempla el despliegue estrat\u00e9gico de la Guardia Municipal en zonas escolares, vialidades principales y puntos de mayor concentraci\u00f3n, con la participaci\u00f3n coordinada de las \u00e1reas de Prevenci\u00f3n del Delito, Seguridad Ciudadana y Movilidad Segura, as\u00ed como de c\u00e9lulas especializadas como la Polic\u00eda de G\u00e9nero, C\u00e9lula de B\u00fasqueda, Grupo DARE y Atenci\u00f3n a V\u00edctimas.<\/p>\n<p>Como parte de las acciones de vigilancia, tambi\u00e9n se implementan sobrevuelos de drones, que permiten fortalecer el monitoreo en tiempo real y mejorar la capacidad de respuesta de los cuerpos municipales ante cualquier situaci\u00f3n que pudiera poner en riesgo a la comunidad escolar.<\/p>\n<p>El operativo mantiene presencia directa en m\u00e1s de 200 planteles educativos de Naucalpan, principalmente durante los horarios de entrada y salida, con labores de vigilancia, prevenci\u00f3n del delito, proximidad social y agilizaci\u00f3n del tr\u00e1nsito vehicular.<\/p>\n<p>Para este despliegue participan 150 elementos de Seguridad Ciudadana con 90 patrullas; 150 elementos de Tr\u00e1nsito y Movilidad con 50 veh\u00edculos; y 90 unidades de Movilidad Segura, quienes trabajan de manera coordinada para generar condiciones de orden y tranquilidad en los entornos escolares.<\/p>\n<p>&nbsp;<\/p>\n","protected":false},"excerpt":{"rendered":"<p>&nbsp; Seguridad a miles de ni\u00f1os y j\u00f3venes Naucalpan, M\u00e9x.- Teniendo como punto de partida las emblem\u00e1ticas Torres de Sat\u00e9lite, el gobierno encabezado por el alcalde Isaac Montoya puso en marcha el Operativo Regreso a Clases \u201cCaminito de la Escuela 2026-2027\u201d, estrategia multidisciplinaria que tiene como prop\u00f3sito salvaguardar la integridad de miles de ni\u00f1as, ni\u00f1os [&hellip;]<\/p>\n","protected":false},"author":14,"featured_media":738222,"comment_status":"open","ping_status":"open","sticky":false,"template":"","format":"standard","meta":{"_monsterinsights_skip_tracking":false,"footnotes":""},"categories":[5],"tags":[],"class_list":["post-738221","post","type-post","status-publish","format-standard","has-post-thumbnail","hentry","category-estado-de-mexico"],"_links":{"self":[{"href":"https:\/\/www.diarioimagen.net\/index.php?rest_route=\/wp\/v2\/posts\/738221","targetHints":{"allow":["GET"]}}],"collection":[{"href":"https:\/\/www.diarioimagen.net\/index.php?rest_route=\/wp\/v2\/posts"}],"about":[{"href":"https:\/\/www.diarioimagen.net\/index.php?rest_route=\/wp\/v2\/types\/post"}],"author":[{"embeddable":true,"href":"https:\/\/www.diarioimagen.net\/index.php?rest_route=\/wp\/v2\/users\/14"}],"replies":[{"embeddable":true,"href":"https:\/\/www.diarioimagen.net\/index.php?rest_route=%2Fwp%2Fv2%2Fcomments&post=738221"}],"version-history":[{"count":1,"href":"https:\/\/www.diarioimagen.net\/index.php?rest_route=\/wp\/v2\/posts\/738221\/revisions"}],"predecessor-version":[{"id":738223,"href":"https:\/\/www.diarioimagen.net\/index.php?rest_route=\/wp\/v2\/posts\/738221\/revisions\/738223"}],"wp:featuredmedia":[{"embeddable":true,"href":"https:\/\/www.diarioimagen.net\/index.php?rest_route=\/wp\/v2\/media\/738222"}],"wp:attachment":[{"href":"https:\/\/www.diarioimagen.net\/index.php?rest_route=%2Fwp%2Fv2%2Fmedia&parent=738221"}],"wp:term":[{"taxonomy":"category","embeddable":true,"href":"https:\/\/www.diarioimagen.net\/index.php?rest_route=%2Fwp%2Fv2%2Fcategories&post=738221"},{"taxonomy":"post_tag","embeddable":true,"href":"https:\/\/www.diarioimagen.net\/index.php?rest_route=%2Fwp%2Fv2%2Ftags&post=738221"}],"curies":[{"name":"wp","href":"https:\/\/api.w.org\/{rel}","templated":true}]}}