{"id":738224,"date":"2026-09-02T20:10:40","date_gmt":"2026-09-03T02:10:40","guid":{"rendered":"https:\/\/www.diarioimagen.net\/?p=738224"},"modified":"2026-09-02T20:10:40","modified_gmt":"2026-09-03T02:10:40","slug":"el-de-la-presidenta-sheinbaum-un-informe-de-resultados-paulo-lara","status":"publish","type":"post","link":"https:\/\/www.diarioimagen.net\/?p=738224","title":{"rendered":"El de la presidenta Sheinbaum, un informe de resultados: Paulo Lara"},"content":{"rendered":"<p>&nbsp;<\/p>\n<ul>\n<li><strong>\u00abM\u00e9xico va con paso firme\u201d<\/strong><\/li>\n<\/ul>\n<div id=\"attachment_738225\" style=\"width: 206px\" class=\"wp-caption alignnone\"><img loading=\"lazy\" decoding=\"async\" aria-describedby=\"caption-attachment-738225\" class=\"wp-image-738225 size-large\" src=\"https:\/\/www.diarioimagen.net\/wp-content\/uploads\/2026\/09\/BAENA-3-OK-1-196x270.jpg\" alt=\"\" width=\"196\" height=\"270\" srcset=\"https:\/\/www.diarioimagen.net\/wp-content\/uploads\/2026\/09\/BAENA-3-OK-1-196x270.jpg 196w, https:\/\/www.diarioimagen.net\/wp-content\/uploads\/2026\/09\/BAENA-3-OK-1-174x240.jpg 174w, https:\/\/www.diarioimagen.net\/wp-content\/uploads\/2026\/09\/BAENA-3-OK-1-768x1060.jpg 768w, https:\/\/www.diarioimagen.net\/wp-content\/uploads\/2026\/09\/BAENA-3-OK-1-1113x1536.jpg 1113w, https:\/\/www.diarioimagen.net\/wp-content\/uploads\/2026\/09\/BAENA-3-OK-1-1484x2048.jpg 1484w, https:\/\/www.diarioimagen.net\/wp-content\/uploads\/2026\/09\/BAENA-3-OK-1.jpg 1500w\" sizes=\"auto, (max-width: 196px) 100vw, 196px\" \/><p id=\"caption-attachment-738225\" class=\"wp-caption-text\">El de la presidenta Sheinbaum, un<br \/>informe de resultados: Paulo Lara<\/p><\/div>\n<p>Naucalpan, M\u00e9x.- \u201cEl segundo informe de la presidenta Claudia Sheinbaum fue de resultados y cuyos objetivos se han hecho realidad, beneficiando no solo a las familias del Estado de M\u00e9xico, sino de todo el pa\u00eds\u201d.<\/p>\n<p>As\u00ed lo expres\u00f3 en entrevista, el Quinto Regidor de Naucalpan, Paulo Lara Saavedra, luego de puntualizar que, bajo la direcci\u00f3n de la mandataria, \u00abM\u00e9xico va con paso firme y con rumbo, demostrando al mundo que vamos por el camino correcto\u00bb.<\/p>\n<p>El representante popular de Morena en este municipio, resalt\u00f3 los avances sustanciales en infraestructura y conectividad vial que benefician de manera directa a los habitantes mexiquenses.<\/p>\n<p>Por otra parte, el regidor destac\u00f3 el programa federal de bacheo y mantenimiento para vialidades clave en varios municipios que confirman la entidad y enfatiz\u00f3 el avance en las carreteras Lecher\u00eda\u2013Texcoco y M\u00e9xico\u2013Texcoco, con la pr\u00f3xima entrega de diez frentes m\u00e1s de trabajo orientados a dignificar los traslados en la entidad.<\/p>\n<p>Paulo Lara comparti\u00f3 el benepl\u00e1cito de la ciudadan\u00eda, destacando que la presidenta Claudia Sheinbaum llega a este su segundo informe de gobierno con una s\u00f3lida aprobaci\u00f3n del 68.4% a nivel nacional.<\/p>\n<p>PATA<br \/>\nEl regidor Paulo Lara Saavedra se\u00f1al\u00f3 que, bajo la direcci\u00f3n de Claudia Sheinbaum, \u201cM\u00e9xico va con paso firme, demostrando al mundo que vamos por el camino correcto\u201d.<\/p>\n","protected":false},"excerpt":{"rendered":"<p>&nbsp; \u00abM\u00e9xico va con paso firme\u201d Naucalpan, M\u00e9x.- \u201cEl segundo informe de la presidenta Claudia Sheinbaum fue de resultados y cuyos objetivos se han hecho realidad, beneficiando no solo a las familias del Estado de M\u00e9xico, sino de todo el pa\u00eds\u201d. As\u00ed lo expres\u00f3 en entrevista, el Quinto Regidor de Naucalpan, Paulo Lara Saavedra, luego [&hellip;]<\/p>\n","protected":false},"author":14,"featured_media":738225,"comment_status":"open","ping_status":"open","sticky":false,"template":"","format":"standard","meta":{"_monsterinsights_skip_tracking":false,"footnotes":""},"categories":[5],"tags":[],"class_list":["post-738224","post","type-post","status-publish","format-standard","has-post-thumbnail","hentry","category-estado-de-mexico"],"_links":{"self":[{"href":"https:\/\/www.diarioimagen.net\/index.php?rest_route=\/wp\/v2\/posts\/738224","targetHints":{"allow":["GET"]}}],"collection":[{"href":"https:\/\/www.diarioimagen.net\/index.php?rest_route=\/wp\/v2\/posts"}],"about":[{"href":"https:\/\/www.diarioimagen.net\/index.php?rest_route=\/wp\/v2\/types\/post"}],"author":[{"embeddable":true,"href":"https:\/\/www.diarioimagen.net\/index.php?rest_route=\/wp\/v2\/users\/14"}],"replies":[{"embeddable":true,"href":"https:\/\/www.diarioimagen.net\/index.php?rest_route=%2Fwp%2Fv2%2Fcomments&post=738224"}],"version-history":[{"count":1,"href":"https:\/\/www.diarioimagen.net\/index.php?rest_route=\/wp\/v2\/posts\/738224\/revisions"}],"predecessor-version":[{"id":738226,"href":"https:\/\/www.diarioimagen.net\/index.php?rest_route=\/wp\/v2\/posts\/738224\/revisions\/738226"}],"wp:featuredmedia":[{"embeddable":true,"href":"https:\/\/www.diarioimagen.net\/index.php?rest_route=\/wp\/v2\/media\/738225"}],"wp:attachment":[{"href":"https:\/\/www.diarioimagen.net\/index.php?rest_route=%2Fwp%2Fv2%2Fmedia&parent=738224"}],"wp:term":[{"taxonomy":"category","embeddable":true,"href":"https:\/\/www.diarioimagen.net\/index.php?rest_route=%2Fwp%2Fv2%2Fcategories&post=738224"},{"taxonomy":"post_tag","embeddable":true,"href":"https:\/\/www.diarioimagen.net\/index.php?rest_route=%2Fwp%2Fv2%2Ftags&post=738224"}],"curies":[{"name":"wp","href":"https:\/\/api.w.org\/{rel}","templated":true}]}}