{"id":738227,"date":"2026-09-02T20:12:00","date_gmt":"2026-09-03T02:12:00","guid":{"rendered":"https:\/\/www.diarioimagen.net\/?p=738227"},"modified":"2026-09-02T20:12:00","modified_gmt":"2026-09-03T02:12:00","slug":"entrega-romina-contreras-repavimentacion-de-calles-en-huixquilucan","status":"publish","type":"post","link":"https:\/\/www.diarioimagen.net\/?p=738227","title":{"rendered":"Entrega Romina Contreras repavimentaci\u00f3n de calles en Huixquilucan"},"content":{"rendered":"<p><img loading=\"lazy\" decoding=\"async\" class=\"alignnone wp-image-738228 size-large\" src=\"https:\/\/www.diarioimagen.net\/wp-content\/uploads\/2026\/09\/BAENA-4-OK-402x270.jpg\" alt=\"\" width=\"402\" height=\"270\" srcset=\"https:\/\/www.diarioimagen.net\/wp-content\/uploads\/2026\/09\/BAENA-4-OK-402x270.jpg 402w, https:\/\/www.diarioimagen.net\/wp-content\/uploads\/2026\/09\/BAENA-4-OK-240x161.jpg 240w, https:\/\/www.diarioimagen.net\/wp-content\/uploads\/2026\/09\/BAENA-4-OK-768x516.jpg 768w, https:\/\/www.diarioimagen.net\/wp-content\/uploads\/2026\/09\/BAENA-4-OK.jpg 1500w\" sizes=\"auto, (max-width: 402px) 100vw, 402px\" \/><\/p>\n<p>&nbsp;<\/p>\n<p>Huixquilucan, M\u00e9x.- Con la entrega de m\u00e1s de tres mil metros cuadrados de repavimentaci\u00f3n con concreto hidr\u00e1ulico de las calles Fuente de la Huerta y Bosque de la Luz, en los fraccionamientos Lomas de Tecamachalco y La Herradura, el gobierno de Huixquilucan sigue avanzando en su intenso programa de obra p\u00fablica, al tiempo de mejorar el tr\u00e1nsito en la zona, elevar la seguridad de los automovilistas y reducir los tiempos de traslado. La alcaldesa Romina Contreras Carrasco, inform\u00f3 que, en el caso de la calle Fuente de la Huerta, se repavimentaron cerca de dos mil 370 metros cuadrados y se invirtieron m\u00e1s de cinco millones de pesos-<\/p>\n<p>lo que fortalece una infraestructura urbana de alta durabilidad, incrementa la plusval\u00eda de las viviendas y protege la integridad de los peatones y automovilistas que transitan diariamente por esta vialidad, pues es una arteria donde se registra gran afluencia.<\/p>\n","protected":false},"excerpt":{"rendered":"<p>&nbsp; Huixquilucan, M\u00e9x.- Con la entrega de m\u00e1s de tres mil metros cuadrados de repavimentaci\u00f3n con concreto hidr\u00e1ulico de las calles Fuente de la Huerta y Bosque de la Luz, en los fraccionamientos Lomas de Tecamachalco y La Herradura, el gobierno de Huixquilucan sigue avanzando en su intenso programa de obra p\u00fablica, al tiempo de [&hellip;]<\/p>\n","protected":false},"author":14,"featured_media":738228,"comment_status":"open","ping_status":"open","sticky":false,"template":"","format":"standard","meta":{"_monsterinsights_skip_tracking":false,"footnotes":""},"categories":[5],"tags":[],"class_list":["post-738227","post","type-post","status-publish","format-standard","has-post-thumbnail","hentry","category-estado-de-mexico"],"_links":{"self":[{"href":"https:\/\/www.diarioimagen.net\/index.php?rest_route=\/wp\/v2\/posts\/738227","targetHints":{"allow":["GET"]}}],"collection":[{"href":"https:\/\/www.diarioimagen.net\/index.php?rest_route=\/wp\/v2\/posts"}],"about":[{"href":"https:\/\/www.diarioimagen.net\/index.php?rest_route=\/wp\/v2\/types\/post"}],"author":[{"embeddable":true,"href":"https:\/\/www.diarioimagen.net\/index.php?rest_route=\/wp\/v2\/users\/14"}],"replies":[{"embeddable":true,"href":"https:\/\/www.diarioimagen.net\/index.php?rest_route=%2Fwp%2Fv2%2Fcomments&post=738227"}],"version-history":[{"count":1,"href":"https:\/\/www.diarioimagen.net\/index.php?rest_route=\/wp\/v2\/posts\/738227\/revisions"}],"predecessor-version":[{"id":738229,"href":"https:\/\/www.diarioimagen.net\/index.php?rest_route=\/wp\/v2\/posts\/738227\/revisions\/738229"}],"wp:featuredmedia":[{"embeddable":true,"href":"https:\/\/www.diarioimagen.net\/index.php?rest_route=\/wp\/v2\/media\/738228"}],"wp:attachment":[{"href":"https:\/\/www.diarioimagen.net\/index.php?rest_route=%2Fwp%2Fv2%2Fmedia&parent=738227"}],"wp:term":[{"taxonomy":"category","embeddable":true,"href":"https:\/\/www.diarioimagen.net\/index.php?rest_route=%2Fwp%2Fv2%2Fcategories&post=738227"},{"taxonomy":"post_tag","embeddable":true,"href":"https:\/\/www.diarioimagen.net\/index.php?rest_route=%2Fwp%2Fv2%2Ftags&post=738227"}],"curies":[{"name":"wp","href":"https:\/\/api.w.org\/{rel}","templated":true}]}}