{"id":738235,"date":"2026-09-02T20:27:46","date_gmt":"2026-09-03T02:27:46","guid":{"rendered":"https:\/\/www.diarioimagen.net\/?p=738235"},"modified":"2026-09-02T20:27:46","modified_gmt":"2026-09-03T02:27:46","slug":"ari-telch-lleva-dmente-al-teatro-san-benito-abad","status":"publish","type":"post","link":"https:\/\/www.diarioimagen.net\/?p=738235","title":{"rendered":"Ari Telch lleva \u201cD\u2019Mente\u201d al Teatro San Benito Abad"},"content":{"rendered":"<ul>\n<li><strong>Para hablar de salud mental con humor <\/strong><\/li>\n<li><strong>El actor y productor presenta su soliloquio este 5 de septiembre en Cuautitl\u00e1n Izcalli<\/strong><\/li>\n<\/ul>\n<div id=\"attachment_738236\" style=\"width: 384px\" class=\"wp-caption alignnone\"><img loading=\"lazy\" decoding=\"async\" aria-describedby=\"caption-attachment-738236\" class=\"wp-image-738236 size-large\" src=\"https:\/\/www.diarioimagen.net\/wp-content\/uploads\/2026\/09\/DMENTE01-scaled-e1788402439963-374x270.jpeg\" alt=\"\" width=\"374\" height=\"270\" srcset=\"https:\/\/www.diarioimagen.net\/wp-content\/uploads\/2026\/09\/DMENTE01-scaled-e1788402439963-374x270.jpeg 374w, https:\/\/www.diarioimagen.net\/wp-content\/uploads\/2026\/09\/DMENTE01-scaled-e1788402439963-240x173.jpeg 240w, https:\/\/www.diarioimagen.net\/wp-content\/uploads\/2026\/09\/DMENTE01-scaled-e1788402439963-768x555.jpeg 768w, https:\/\/www.diarioimagen.net\/wp-content\/uploads\/2026\/09\/DMENTE01-scaled-e1788402439963-1536x1110.jpeg 1536w, https:\/\/www.diarioimagen.net\/wp-content\/uploads\/2026\/09\/DMENTE01-scaled-e1788402439963-90x65.jpeg 90w, https:\/\/www.diarioimagen.net\/wp-content\/uploads\/2026\/09\/DMENTE01-scaled-e1788402439963.jpeg 1706w\" sizes=\"auto, (max-width: 374px) 100vw, 374px\" \/><p id=\"caption-attachment-738236\" class=\"wp-caption-text\">Ari Telch protagoniza D\u2019Mente, un soliloquio que aborda la ansiedad, la depresi\u00f3n, las adicciones y otros aspectos de la salud mental mediante el humor y distintos personajes.<\/p><\/div>\n<p><strong>\u00a0<\/strong><\/p>\n<p><strong>Por Arturo Arellano<\/strong><\/p>\n<p>&nbsp;<\/p>\n<p>Ari Telch llegar\u00e1 al Teatro San Benito Abad con D\u2019Mente, una puesta en escena que utiliza el humor, la observaci\u00f3n y distintos personajes para acercarse a los contrastes de la mente humana.<\/p>\n<p>&nbsp;<\/p>\n<p>El espect\u00e1culo se presentar\u00e1 el 5 de septiembre, a las 6:00 p. m., bajo la organizaci\u00f3n del Centro Escolar del Lago. La funci\u00f3n propone una experiencia teatral irreverente y cercana, encabezada por la energ\u00eda esc\u00e9nica del actor y construida a partir de situaciones que buscan provocar tanto la risa como la reflexi\u00f3n.<\/p>\n<p>&nbsp;<\/p>\n<p>La obra fue escrita por Ari Telch en complicidad con Alfonso C\u00e1rcamo. La producci\u00f3n est\u00e1 a cargo de Ver\u00f3nica Telch; Mayela Calder\u00f3n participa como productora ejecutiva y Norberto Garc\u00eda est\u00e1 al frente de la direcci\u00f3n t\u00e9cnica.<\/p>\n<p>&nbsp;<\/p>\n<p>En entrevista, Ari Telch explic\u00f3 que la obra busca entretener, visibilizar las enfermedades mentales y combatir el estigma que todav\u00eda rodea la atenci\u00f3n psicol\u00f3gica y psiqui\u00e1trica. Para Telch, D\u2019Mente no es un espect\u00e1culo est\u00e1tico, sino un proceso que se transforma a partir de la experiencia con el p\u00fablico y de los cambios sociales.<\/p>\n<p>&nbsp;<\/p>\n<p>\u201cEs un proceso vivo\u201d, explic\u00f3 el actor, quien se\u00f1al\u00f3 que los comentarios de los espectadores y las reacciones en redes sociales han contribuido a revisar y actualizar el contenido del montaje.<\/p>\n<p>&nbsp;<\/p>\n<p>Aunque la obra aborda asuntos como la ansiedad, la depresi\u00f3n y las adicciones, su prop\u00f3sito central no es ofrecer una conferencia, sino acercar estos temas a la audiencia mediante el entretenimiento \u201cEs un soliloquio que pretende hacer re\u00edr y entretener. Pero s\u00ed caen veintes, porque hablamos de los principales trastornos que puede padecer nuestro cerebro\u201d, afirm\u00f3.<\/p>\n<p>&nbsp;<\/p>\n<p>Telch consider\u00f3 que uno de los principales retos consiste en comprender que las enfermedades mentales requieren atenci\u00f3n y no deben ser motivo de verg\u00fcenza o aislamiento \u201cTenemos que aprender lo que es [la enfermedad mental] para pedir ayuda\u201d, expres\u00f3.<\/p>\n<p>&nbsp;<\/p>\n<p><strong>Contra el estigma<\/strong><\/p>\n<p><strong>\u00a0<\/strong><\/p>\n<p>Durante la entrevista, el actor habl\u00f3 sobre los prejuicios que a\u00fan existen alrededor de los tratamientos psicol\u00f3gicos y psiqui\u00e1tricos. Desde su perspectiva, la educaci\u00f3n sobre salud mental debe comenzar desde la infancia para evitar que conceptos como \u201cenfermedad mental\u201d se relacionen \u00fanicamente con im\u00e1genes de encierro o violencia \u201cCuando t\u00fa oyes \u2018enfermedad mental\u2019, inmediatamente est\u00e1 estigmatizada: te van a meter en un manicomio, te van a poner camisas de fuerza, te van a dar choques el\u00e9ctricos. No, maestro. Hay medicamentos para el cerebro\u201d, se\u00f1al\u00f3.<\/p>\n<p>&nbsp;<\/p>\n<p>Telch tambi\u00e9n subray\u00f3 la importancia de consultar a profesionales de la salud y de no temer autom\u00e1ticamente a los medicamentos psiqui\u00e1tricos. En este sentido, compar\u00f3 su uso con el tratamiento de otras enfermedades f\u00edsicas y llam\u00f3 a hablar de estos temas con mayor claridad. La obra, dijo, busca contribuir a tres tareas: \u201cconcientizar, visibilizar y desestigmatizar\u201d.<\/p>\n<p>&nbsp;<\/p>\n<p>Otro de los temas que aborda D\u2019Mente es la adicci\u00f3n, particularmente el alcoholismo. Telch sostuvo que las familias suelen interpretar algunas conductas relacionadas con el consumo problem\u00e1tico como defectos morales, cuando pueden ser se\u00f1ales de una enfermedad que requiere tratamiento \u201cTenemos que entender que ya padece una enfermedad que se llama adicci\u00f3n, en este caso alcoholismo, y que tiene tratamiento\u201d, afirm\u00f3.<\/p>\n<p>&nbsp;<\/p>\n<p>El actor consider\u00f3 necesario modificar la manera en que las familias se acercan a quienes enfrentan una adicci\u00f3n. En lugar de recurrir \u00fanicamente al rechazo o al aislamiento, propuso reconocer el problema y buscar apoyo especializado \u201cTenemos que aprender a hablar con ese enfermo: \u2018Mira, te est\u00e1s excediendo, pero t\u00fa est\u00e1s enfermo; vamos a buscar ayuda\u2019\u201d, relat\u00f3.<\/p>\n<p>&nbsp;<\/p>\n<p>Telch mencion\u00f3 tambi\u00e9n la importancia de combinar los grupos de apoyo con la atenci\u00f3n m\u00e9dica, especialmente ante los s\u00edntomas de abstinencia. No obstante, las decisiones sobre tratamiento deben tomarse con profesionales de la salud, de acuerdo con las necesidades de cada persona.<\/p>\n<p>&nbsp;<\/p>\n<p>Entre las experiencias que m\u00e1s han marcado al actor se encuentra la de una mujer que, despu\u00e9s de permanecer aislada durante a\u00f1os debido a una depresi\u00f3n, recuper\u00f3 parte de su vida social tras asistir a la obra.<\/p>\n<p>&nbsp;<\/p>\n<p>Telch record\u00f3 que, al salir de su camerino, una pareja se acerc\u00f3 para presentarle a su madre. La mujer llevaba las u\u00f1as pintadas, el cabello arreglado y un vestido que, seg\u00fan sus hijos, no hab\u00eda vuelto a usar en mucho tiempo \u201cEra una se\u00f1ora que ten\u00eda tres a\u00f1os encerrada en su cuarto, sin ba\u00f1arse, bebiendo; ya no hac\u00eda las cosas que normalmente uno hace para sentirse bien, ya no se relacionaba socialmente, estaba aislada\u201d, narr\u00f3.<\/p>\n<p>&nbsp;<\/p>\n<p>La familia le explic\u00f3 que la mujer hab\u00eda comenzado a salir nuevamente y que incluso planeaba viajar con sus amigas. Para Telch, ese encuentro confirm\u00f3 el valor de hablar p\u00fablicamente sobre la depresi\u00f3n y de aprender a reconocer sus se\u00f1ales \u201cPodemos atender a nuestros enfermos de depresi\u00f3n, pero no sabemos lo que es\u201d, coment\u00f3.<\/p>\n<p>&nbsp;<\/p>\n<p><strong>El teatro como acompa\u00f1amiento<\/strong><\/p>\n<p><strong>\u00a0<\/strong><\/p>\n<p>Ari Telch considera que el teatro puede comunicar asuntos complejos porque permite que el p\u00fablico se identifique con los personajes y encuentre en ellos experiencias conocidas \u201cEs ficci\u00f3n, pero muchas veces el espectador se identifica con los personajes y entonces no se siente solo; est\u00e1 acompa\u00f1ado\u201d, explic\u00f3.<\/p>\n<p>&nbsp;<\/p>\n<p>Desde esa perspectiva, D\u2019Mente presenta la tristeza, el goce, la comedia y la tragedia como expresiones de la experiencia humana. El objetivo es que la audiencia se divierta, pero tambi\u00e9n que pueda reconocer situaciones de su entorno y acercarse a la b\u00fasqueda de ayuda.<\/p>\n<p>&nbsp;<\/p>\n<p>La funci\u00f3n se llevar\u00e1 a cabo en el Teatro San Benito Abad, en Cuautitl\u00e1n Izcalli, el 5 de septiembre a las 6:00 p. m. Los boletos estar\u00e1n disponibles en taquilla y a trav\u00e9s de Celticket.<\/p>\n","protected":false},"excerpt":{"rendered":"<p>Para hablar de salud mental con humor El actor y productor presenta su soliloquio este 5 de septiembre en Cuautitl\u00e1n Izcalli \u00a0 Por Arturo Arellano &nbsp; Ari Telch llegar\u00e1 al Teatro San Benito Abad con D\u2019Mente, una puesta en escena que utiliza el humor, la observaci\u00f3n y distintos personajes para acercarse a los contrastes de [&hellip;]<\/p>\n","protected":false},"author":14,"featured_media":738236,"comment_status":"open","ping_status":"open","sticky":false,"template":"","format":"standard","meta":{"_monsterinsights_skip_tracking":false,"footnotes":""},"categories":[16,12],"tags":[],"class_list":["post-738235","post","type-post","status-publish","format-standard","has-post-thumbnail","hentry","category-destacadas","category-espectaculos"],"_links":{"self":[{"href":"https:\/\/www.diarioimagen.net\/index.php?rest_route=\/wp\/v2\/posts\/738235","targetHints":{"allow":["GET"]}}],"collection":[{"href":"https:\/\/www.diarioimagen.net\/index.php?rest_route=\/wp\/v2\/posts"}],"about":[{"href":"https:\/\/www.diarioimagen.net\/index.php?rest_route=\/wp\/v2\/types\/post"}],"author":[{"embeddable":true,"href":"https:\/\/www.diarioimagen.net\/index.php?rest_route=\/wp\/v2\/users\/14"}],"replies":[{"embeddable":true,"href":"https:\/\/www.diarioimagen.net\/index.php?rest_route=%2Fwp%2Fv2%2Fcomments&post=738235"}],"version-history":[{"count":1,"href":"https:\/\/www.diarioimagen.net\/index.php?rest_route=\/wp\/v2\/posts\/738235\/revisions"}],"predecessor-version":[{"id":738237,"href":"https:\/\/www.diarioimagen.net\/index.php?rest_route=\/wp\/v2\/posts\/738235\/revisions\/738237"}],"wp:featuredmedia":[{"embeddable":true,"href":"https:\/\/www.diarioimagen.net\/index.php?rest_route=\/wp\/v2\/media\/738236"}],"wp:attachment":[{"href":"https:\/\/www.diarioimagen.net\/index.php?rest_route=%2Fwp%2Fv2%2Fmedia&parent=738235"}],"wp:term":[{"taxonomy":"category","embeddable":true,"href":"https:\/\/www.diarioimagen.net\/index.php?rest_route=%2Fwp%2Fv2%2Fcategories&post=738235"},{"taxonomy":"post_tag","embeddable":true,"href":"https:\/\/www.diarioimagen.net\/index.php?rest_route=%2Fwp%2Fv2%2Ftags&post=738235"}],"curies":[{"name":"wp","href":"https:\/\/api.w.org\/{rel}","templated":true}]}}