{"id":738238,"date":"2026-09-02T20:33:13","date_gmt":"2026-09-03T02:33:13","guid":{"rendered":"https:\/\/www.diarioimagen.net\/?p=738238"},"modified":"2026-09-02T20:33:13","modified_gmt":"2026-09-03T02:33:13","slug":"instala-el-gobierno-de-edomex-el-comite-de-salud-mental-y-adicciones","status":"publish","type":"post","link":"https:\/\/www.diarioimagen.net\/?p=738238","title":{"rendered":"Instala el gobierno de Edomex el  Comit\u00e9 de Salud Mental y Adicciones"},"content":{"rendered":"<ul>\n<li><strong>Coordinan acciones de prevenci\u00f3n y atenci\u00f3n<\/strong><\/li>\n<li><strong>El nuevo \u00f3rgano permitir\u00e1 elaborar diagn\u00f3sticos peri\u00f3dicos, desarrollar programas conjuntos y atender a poblaciones en condiciones de vulnerabilidad<\/strong><\/li>\n<\/ul>\n<div id=\"attachment_738239\" style=\"width: 415px\" class=\"wp-caption alignnone\"><img loading=\"lazy\" decoding=\"async\" aria-describedby=\"caption-attachment-738239\" class=\"wp-image-738239 size-large\" src=\"https:\/\/www.diarioimagen.net\/wp-content\/uploads\/2026\/09\/EDOMEX-1-ok-1-405x270.jpg\" alt=\"\" width=\"405\" height=\"270\" srcset=\"https:\/\/www.diarioimagen.net\/wp-content\/uploads\/2026\/09\/EDOMEX-1-ok-1-405x270.jpg 405w, https:\/\/www.diarioimagen.net\/wp-content\/uploads\/2026\/09\/EDOMEX-1-ok-1-240x160.jpg 240w, https:\/\/www.diarioimagen.net\/wp-content\/uploads\/2026\/09\/EDOMEX-1-ok-1-768x512.jpg 768w, https:\/\/www.diarioimagen.net\/wp-content\/uploads\/2026\/09\/EDOMEX-1-ok-1.jpg 1500w\" sizes=\"auto, (max-width: 405px) 100vw, 405px\" \/><p id=\"caption-attachment-738239\" class=\"wp-caption-text\">En la instalaci\u00f3n del Comit\u00e9 de Salud Mental y Adicciones, adem\u00e1s de Celina Casta\u00f1eda de la Lanza, participaron Martha Patricia Zarza Delgado, rectora de la UAEM\u00e9x; V\u00edctor Leopoldo Delgado P\u00e9rez, presidente de la CODHEM; as\u00ed como titulares y representantes de dependencias estatales y organismos aut\u00f3nomos.<\/p><\/div>\n<p><strong>\u00a0<\/strong><\/p>\n<p>&nbsp;<\/p>\n<p>&nbsp;<\/p>\n<p>0ocoyoacac, Estado de M\u00e9xico.- Para coordinar acciones de prevenci\u00f3n y atenci\u00f3n en materia de salud mental y adicciones, el Gobierno del Estado de M\u00e9xico, encabezado por la Maestra Delfina G\u00f3mez \u00c1lvarez, instal\u00f3 el Comit\u00e9 de Salud Mental y Adicciones, \u00f3rgano colegiado creado a partir de la nueva Ley de Salud estatal que entr\u00f3 en vigor en 2026.<\/p>\n<p>Durante la Sesi\u00f3n de Instalaci\u00f3n y Primera Sesi\u00f3n Ordinaria del Comit\u00e9, Celina Casta\u00f1eda de la Lanza, Secretaria de Salud y Presidenta de este \u00f3rgano, se\u00f1al\u00f3 que el trabajo conjunto entre instituciones permitir\u00e1 identificar las necesidades de cada regi\u00f3n y establecer estrategias para prevenir riesgos asociados al consumo de sustancias psicoactivas y avanzar hacia una atenci\u00f3n integral de la salud mental.<\/p>\n<p>Entre las funciones del Comit\u00e9 se encuentra la elaboraci\u00f3n peri\u00f3dica de diagn\u00f3sticos situacionales, a partir de los cuales podr\u00e1n definirse acciones de acuerdo con las necesidades estatales y las problem\u00e1ticas locales, mediante decisiones coordinadas entre los sectores participantes, as\u00ed como el desarrollo de programas y proyectos conjuntos.<\/p>\n<p>Asimismo, contempla la atenci\u00f3n de poblaciones en riesgo y grupos en condiciones de vulnerabilidad, entre ellas, personas pertenecientes a pueblos originarios, afrodescendientes y poblaci\u00f3n LGBTQ+.<\/p>\n<p>A trav\u00e9s del Instituto Mexiquense de Salud Mental y Adicciones (IMSAMA), el Gobierno estatal tambi\u00e9n realiza acciones orientadas al autocuidado y la adopci\u00f3n de estilos de vida saludables.<\/p>\n<p>En la instalaci\u00f3n participaron Martha Patricia Zarza Delgado, Rectora de la Universidad Aut\u00f3noma del Estado de M\u00e9xico (UAEM\u00e9x); V\u00edctor Leopoldo Delgado P\u00e9rez, Presidente de la Comisi\u00f3n de Derechos Humanos del Estado de M\u00e9xico (CODHEM); as\u00ed como titulares y representantes de dependencias estatales y organismos aut\u00f3nomos.<\/p>\n<p>La creaci\u00f3n de este \u00f3rgano colegiado se establece en la Ley de Salud del Estado de M\u00e9xico vigente desde 2026, de conformidad con los art\u00edculos 70, fracci\u00f3n X, y 179.<\/p>\n<p>&nbsp;<\/p>\n<p>&nbsp;<\/p>\n","protected":false},"excerpt":{"rendered":"<p>Coordinan acciones de prevenci\u00f3n y atenci\u00f3n El nuevo \u00f3rgano permitir\u00e1 elaborar diagn\u00f3sticos peri\u00f3dicos, desarrollar programas conjuntos y atender a poblaciones en condiciones de vulnerabilidad \u00a0 &nbsp; &nbsp; 0ocoyoacac, Estado de M\u00e9xico.- Para coordinar acciones de prevenci\u00f3n y atenci\u00f3n en materia de salud mental y adicciones, el Gobierno del Estado de M\u00e9xico, encabezado por la Maestra [&hellip;]<\/p>\n","protected":false},"author":14,"featured_media":738239,"comment_status":"open","ping_status":"open","sticky":false,"template":"","format":"standard","meta":{"_monsterinsights_skip_tracking":false,"footnotes":""},"categories":[5],"tags":[],"class_list":["post-738238","post","type-post","status-publish","format-standard","has-post-thumbnail","hentry","category-estado-de-mexico"],"_links":{"self":[{"href":"https:\/\/www.diarioimagen.net\/index.php?rest_route=\/wp\/v2\/posts\/738238","targetHints":{"allow":["GET"]}}],"collection":[{"href":"https:\/\/www.diarioimagen.net\/index.php?rest_route=\/wp\/v2\/posts"}],"about":[{"href":"https:\/\/www.diarioimagen.net\/index.php?rest_route=\/wp\/v2\/types\/post"}],"author":[{"embeddable":true,"href":"https:\/\/www.diarioimagen.net\/index.php?rest_route=\/wp\/v2\/users\/14"}],"replies":[{"embeddable":true,"href":"https:\/\/www.diarioimagen.net\/index.php?rest_route=%2Fwp%2Fv2%2Fcomments&post=738238"}],"version-history":[{"count":1,"href":"https:\/\/www.diarioimagen.net\/index.php?rest_route=\/wp\/v2\/posts\/738238\/revisions"}],"predecessor-version":[{"id":738240,"href":"https:\/\/www.diarioimagen.net\/index.php?rest_route=\/wp\/v2\/posts\/738238\/revisions\/738240"}],"wp:featuredmedia":[{"embeddable":true,"href":"https:\/\/www.diarioimagen.net\/index.php?rest_route=\/wp\/v2\/media\/738239"}],"wp:attachment":[{"href":"https:\/\/www.diarioimagen.net\/index.php?rest_route=%2Fwp%2Fv2%2Fmedia&parent=738238"}],"wp:term":[{"taxonomy":"category","embeddable":true,"href":"https:\/\/www.diarioimagen.net\/index.php?rest_route=%2Fwp%2Fv2%2Fcategories&post=738238"},{"taxonomy":"post_tag","embeddable":true,"href":"https:\/\/www.diarioimagen.net\/index.php?rest_route=%2Fwp%2Fv2%2Ftags&post=738238"}],"curies":[{"name":"wp","href":"https:\/\/api.w.org\/{rel}","templated":true}]}}