{"id":738241,"date":"2026-09-02T20:35:55","date_gmt":"2026-09-03T02:35:55","guid":{"rendered":"https:\/\/www.diarioimagen.net\/?p=738241"},"modified":"2026-09-02T20:35:55","modified_gmt":"2026-09-03T02:35:55","slug":"destacan-modernizacion-de-la-carretera-toluca-zihuatanejo","status":"publish","type":"post","link":"https:\/\/www.diarioimagen.net\/?p=738241","title":{"rendered":"Destacan modernizaci\u00f3n de la carretera Toluca\u2013Zihuatanejo"},"content":{"rendered":"<ul>\n<li><strong>Mejorar\u00e1 conexi\u00f3n de Edomex con Michoac\u00e1n y Guerrero<\/strong><\/li>\n<\/ul>\n<p><strong>\u00a0<\/strong><\/p>\n<div id=\"attachment_738242\" style=\"width: 463px\" class=\"wp-caption alignnone\"><img loading=\"lazy\" decoding=\"async\" aria-describedby=\"caption-attachment-738242\" class=\"wp-image-738242 size-large\" src=\"https:\/\/www.diarioimagen.net\/wp-content\/uploads\/2026\/09\/EDOMEX-2-ok-1-453x270.jpg\" alt=\"\" width=\"453\" height=\"270\" srcset=\"https:\/\/www.diarioimagen.net\/wp-content\/uploads\/2026\/09\/EDOMEX-2-ok-1-453x270.jpg 453w, https:\/\/www.diarioimagen.net\/wp-content\/uploads\/2026\/09\/EDOMEX-2-ok-1-240x143.jpg 240w, https:\/\/www.diarioimagen.net\/wp-content\/uploads\/2026\/09\/EDOMEX-2-ok-1-768x458.jpg 768w, https:\/\/www.diarioimagen.net\/wp-content\/uploads\/2026\/09\/EDOMEX-2-ok-1.jpg 1500w\" sizes=\"auto, (max-width: 453px) 100vw, 453px\" \/><p id=\"caption-attachment-738242\" class=\"wp-caption-text\">La carretera Toluca\u2013Zihuatanejo forma parte de los principales ejes que desarrolla el gobierno federal para ampliar y mejorar la red carretera del pa\u00eds.<\/p><\/div>\n<p>&nbsp;<\/p>\n<p>Toluca, Estado de M\u00e9xico.\u2013 La modernizaci\u00f3n de la carretera Toluca-Zihuatanejo forma parte de las obras estrat\u00e9gicas del Gobierno de M\u00e9xico para mejorar la conectividad entre el Estado de M\u00e9xico, Michoac\u00e1n y Guerrero, reducir tiempos de traslado y favorecer el desarrollo de las comunidades del sur mexiquense.<\/p>\n<p>Durante su Segundo Informe de Gobierno, la Presidenta Claudia Sheinbaum Pardo destac\u00f3 esta v\u00eda entre los principales ejes carreteros que desarrolla su administraci\u00f3n en el pa\u00eds.<\/p>\n<p>\u201cEl proyecto de mejoramiento y ampliaci\u00f3n de la red de carreteras es sumamente ambicioso. Se trata de una inversi\u00f3n por un monto de 700 mil millones de pesos para 5 mil kil\u00f3metros. La carretera Guaymas-Chihuahua, Toluca-Zihuatanejo, la conexi\u00f3n de la Huasteca desde Hidalgo hasta Tamaulipas pasando por San Luis Potos\u00ed, y la carretera Ocosingo-Palenque en Chiapas\u201d, se\u00f1al\u00f3 la Presidenta Claudia Sheinbaum Pardo.<\/p>\n<p>La modernizaci\u00f3n de la Toluca\u2013Zihuatanejo contempla la intervenci\u00f3n de 372 kil\u00f3metros y forma parte de los proyectos federales que cuentan con el respaldo de la Gobernadora Delfina G\u00f3mez \u00c1lvarez para mejorar la infraestructura carretera y facilitar los traslados de las familias mexiquenses.<\/p>\n<p>En el Estado de M\u00e9xico, el proyecto considera el tramo Toluca-Temascaltepec, de 38 kil\u00f3metros, que mejorar\u00e1 la comunicaci\u00f3n entre el Valle de Toluca y los municipios del sur de la entidad, adem\u00e1s de facilitar la conexi\u00f3n hacia Michoac\u00e1n y Guerrero.<\/p>\n<p>Esta carretera constituye una v\u00eda estrat\u00e9gica entre el centro del pa\u00eds y la costa del Pac\u00edfico, ya que facilita los traslados entre las tres entidades y favorece la actividad econ\u00f3mica de las comunidades ubicadas a lo largo de su recorrido.<\/p>\n<p>Los gobiernos de M\u00e9xico y del Estado de M\u00e9xico mantienen una coordinaci\u00f3n permanente para desarrollar infraestructura carretera que acerque comunidades, reduzca tiempos de traslado y contribuya al desarrollo regional.<\/p>\n<p>&nbsp;<\/p>\n<p>&nbsp;<\/p>\n<p>&nbsp;<\/p>\n<p><strong>\u00a0<\/strong><\/p>\n","protected":false},"excerpt":{"rendered":"<p>Mejorar\u00e1 conexi\u00f3n de Edomex con Michoac\u00e1n y Guerrero \u00a0 &nbsp; Toluca, Estado de M\u00e9xico.\u2013 La modernizaci\u00f3n de la carretera Toluca-Zihuatanejo forma parte de las obras estrat\u00e9gicas del Gobierno de M\u00e9xico para mejorar la conectividad entre el Estado de M\u00e9xico, Michoac\u00e1n y Guerrero, reducir tiempos de traslado y favorecer el desarrollo de las comunidades del sur [&hellip;]<\/p>\n","protected":false},"author":14,"featured_media":738242,"comment_status":"open","ping_status":"open","sticky":false,"template":"","format":"standard","meta":{"_monsterinsights_skip_tracking":false,"footnotes":""},"categories":[5],"tags":[],"class_list":["post-738241","post","type-post","status-publish","format-standard","has-post-thumbnail","hentry","category-estado-de-mexico"],"_links":{"self":[{"href":"https:\/\/www.diarioimagen.net\/index.php?rest_route=\/wp\/v2\/posts\/738241","targetHints":{"allow":["GET"]}}],"collection":[{"href":"https:\/\/www.diarioimagen.net\/index.php?rest_route=\/wp\/v2\/posts"}],"about":[{"href":"https:\/\/www.diarioimagen.net\/index.php?rest_route=\/wp\/v2\/types\/post"}],"author":[{"embeddable":true,"href":"https:\/\/www.diarioimagen.net\/index.php?rest_route=\/wp\/v2\/users\/14"}],"replies":[{"embeddable":true,"href":"https:\/\/www.diarioimagen.net\/index.php?rest_route=%2Fwp%2Fv2%2Fcomments&post=738241"}],"version-history":[{"count":1,"href":"https:\/\/www.diarioimagen.net\/index.php?rest_route=\/wp\/v2\/posts\/738241\/revisions"}],"predecessor-version":[{"id":738243,"href":"https:\/\/www.diarioimagen.net\/index.php?rest_route=\/wp\/v2\/posts\/738241\/revisions\/738243"}],"wp:featuredmedia":[{"embeddable":true,"href":"https:\/\/www.diarioimagen.net\/index.php?rest_route=\/wp\/v2\/media\/738242"}],"wp:attachment":[{"href":"https:\/\/www.diarioimagen.net\/index.php?rest_route=%2Fwp%2Fv2%2Fmedia&parent=738241"}],"wp:term":[{"taxonomy":"category","embeddable":true,"href":"https:\/\/www.diarioimagen.net\/index.php?rest_route=%2Fwp%2Fv2%2Fcategories&post=738241"},{"taxonomy":"post_tag","embeddable":true,"href":"https:\/\/www.diarioimagen.net\/index.php?rest_route=%2Fwp%2Fv2%2Ftags&post=738241"}],"curies":[{"name":"wp","href":"https:\/\/api.w.org\/{rel}","templated":true}]}}