{"id":738244,"date":"2026-09-02T20:38:40","date_gmt":"2026-09-03T02:38:40","guid":{"rendered":"https:\/\/www.diarioimagen.net\/?p=738244"},"modified":"2026-09-02T20:38:40","modified_gmt":"2026-09-03T02:38:40","slug":"ataca-teheran-a-paises-aliados-de-estados-unidos-en-el-golfo-persico","status":"publish","type":"post","link":"https:\/\/www.diarioimagen.net\/?p=738244","title":{"rendered":"Ataca Teher\u00e1n a pa\u00edses aliados de  Estados Unidos en el Golfo P\u00e9rsico"},"content":{"rendered":"<p>&nbsp;<\/p>\n<ul>\n<li><strong>Fin a una pausa de m\u00e1s de un mes <\/strong><\/li>\n<li><strong>Reacciones a bombardeos estadounidenses que cobr\u00f3 v\u00edctimas en una boda<\/strong><\/li>\n<\/ul>\n<p>&nbsp;<\/p>\n<div id=\"attachment_738245\" style=\"width: 470px\" class=\"wp-caption alignnone\"><img loading=\"lazy\" decoding=\"async\" aria-describedby=\"caption-attachment-738245\" class=\"wp-image-738245 size-large\" src=\"https:\/\/www.diarioimagen.net\/wp-content\/uploads\/2026\/09\/GUERRA-460x250.webp\" alt=\"\" width=\"460\" height=\"250\" srcset=\"https:\/\/www.diarioimagen.net\/wp-content\/uploads\/2026\/09\/GUERRA-460x250.webp 460w, https:\/\/www.diarioimagen.net\/wp-content\/uploads\/2026\/09\/GUERRA-240x131.webp 240w, https:\/\/www.diarioimagen.net\/wp-content\/uploads\/2026\/09\/GUERRA-768x418.webp 768w, https:\/\/www.diarioimagen.net\/wp-content\/uploads\/2026\/09\/GUERRA.webp 965w\" sizes=\"auto, (max-width: 460px) 100vw, 460px\" \/><p id=\"caption-attachment-738245\" class=\"wp-caption-text\">E\u00f1 ej\u00e9rcito de Ir\u00e1n dispar\u00f3 contra aliados de Estados Unidos en el Golfo P\u00e9rsico a primera hora del mi\u00e9rcoles, agravando la crisis en Medio Oriente.<\/p><\/div>\n<p>&nbsp;<\/p>\n<p>Tras una noche de bombardeos estadounidenses, que incluy\u00f3 un ataque mortal contra una boda, el ej\u00e9rcito de Ir\u00e1n dispar\u00f3 contra aliados de Estados Unidos en el Golfo P\u00e9rsico a primera hora del mi\u00e9rcoles<\/p>\n<p>La reanudaci\u00f3n de la violencia ha puesto fin a una pausa de m\u00e1s de un mes en los combates entre Estados Unidos e Ir\u00e1n y plantea nuevas dudas acerca de c\u00f3mo poner fin a una guerra que provoc\u00f3 un alza de los precios del petr\u00f3leo, sacudi\u00f3 la econom\u00eda global y genera crecientes problemas pol\u00edticos para el Partido Republicano del presidente estadounidense, Donald Trump, de cara a las elecciones legislativas de mitad de mandato de noviembre.<\/p>\n<p>\u201cLos combates entre Washington y Teher\u00e1n se han ido intensificando desde el fin de semana, despu\u00e9s de que el ej\u00e9rcito estadounidense atac\u00f3 lanzacohetes iran\u00edes en una isla del Estrecho de Ormuz, alegando que la Rep\u00fablica Isl\u00e1mica planeaba usarlos para disparar minas hacia la v\u00eda mar\u00edtima.<\/p>\n<p>Ir\u00e1n respondi\u00f3 disparando misiles contra bases estadounidenses en Jordania, que fueron interceptados en su totalidad.<\/p>\n<p>Ir\u00e1n tambi\u00e9n dispar\u00f3 drones hacia Kuwait a \u00faltima hora del martes, que fueron interceptados.<\/p>\n<p>&nbsp;<\/p>\n<p><strong>Ataques a aliados<\/strong><\/p>\n<p><strong>\u00a0<\/strong><\/p>\n<p>Emiratos \u00c1rabes Unidos report\u00f3 que hab\u00eda interceptado un dron iran\u00ed entrante sobre sus aguas.<\/p>\n<p>Bahrein, que alberga una importante base naval estadounidense, indic\u00f3 que sus sistemas de defensa antia\u00e9rea interceptaron fuego entrante procedente de Ir\u00e1n en las primeras horas de este mi\u00e9rcoles y acus\u00f3 a la Rep\u00fablica Isl\u00e1mica de \u201cataques dirigidos contra civiles\u201d en un comunicado de sus fuerzas armadas.<\/p>\n<p>Tambi\u00e9n este mi\u00e9rcoles, el centro de comunicaciones gubernamentales de Kuwait report\u00f3 un incendio en un complejo residencial en la capital tras ser alcanzado por un dron iran\u00ed al amanecer. El fuego estaba contenido y no hubo v\u00edctimas, agreg\u00f3.<\/p>\n<p>En Irak, donde operan fuerzas aliadas de Ir\u00e1n, la Direcci\u00f3n Antiterrorista del Kurdist\u00e1n anunci\u00f3 la intercepci\u00f3n de 10 drones cargados con explosivos en la zona de Irbil. La televisi\u00f3n iran\u00ed report\u00f3 que bases estadounidenses en Irbil hab\u00edan sido atacadas.<\/p>\n<p>El ej\u00e9rcito de Israel tambi\u00e9n se\u00f1al\u00f3 que Hezbollah, el grupo pol\u00edtico-paramilitar liban\u00e9s respaldado por Ir\u00e1n, dispar\u00f3 dos drones explosivos contra sus soldados en el sur del L\u00edbano, pero no caus\u00f3 v\u00edctimas.<\/p>\n<p>&nbsp;<\/p>\n<p><strong>La estrategia de Washington<\/strong><\/p>\n<p>&nbsp;<\/p>\n<p>El Comando Central de Estados Unidos manifest\u00f3 que los ataques del martes se centraron en objetivos militares iran\u00edes, incluidos sitios de defensa a\u00e9rea, sistemas de radar y activos mar\u00edtimos.<\/p>\n<p>Al lanzar sus \u00faltimos ataques, el Comando Central de Estados Unidos dijo que respond\u00eda a los intentos de Teher\u00e1n de atacar buques comerciales y a sus fuerzas en Oriente Medio.<\/p>\n<p>Trump ofreci\u00f3 una explicaci\u00f3n adicional diciendo a Fox News en una llamada telef\u00f3nica que las fuerzas estadounidenses atacaron sistemas de radar que Ir\u00e1n hab\u00eda estado tratando de reconstruir.<\/p>\n<p>Un acuerdo de alto el fuego alcanzado en junio se desmoron\u00f3 r\u00e1pidamente en medio de ataques cruzadosese mismo mes.<\/p>\n<p>&nbsp;<\/p>\n<p>&nbsp;<\/p>\n<p>&nbsp;<\/p>\n<p>&nbsp;<\/p>\n<p>&nbsp;<\/p>\n<p>&nbsp;<\/p>\n","protected":false},"excerpt":{"rendered":"<p>&nbsp; Fin a una pausa de m\u00e1s de un mes Reacciones a bombardeos estadounidenses que cobr\u00f3 v\u00edctimas en una boda &nbsp; &nbsp; Tras una noche de bombardeos estadounidenses, que incluy\u00f3 un ataque mortal contra una boda, el ej\u00e9rcito de Ir\u00e1n dispar\u00f3 contra aliados de Estados Unidos en el Golfo P\u00e9rsico a primera hora del mi\u00e9rcoles [&hellip;]<\/p>\n","protected":false},"author":14,"featured_media":738245,"comment_status":"open","ping_status":"open","sticky":false,"template":"","format":"standard","meta":{"_monsterinsights_skip_tracking":false,"footnotes":""},"categories":[9],"tags":[],"class_list":["post-738244","post","type-post","status-publish","format-standard","has-post-thumbnail","hentry","category-mundo"],"_links":{"self":[{"href":"https:\/\/www.diarioimagen.net\/index.php?rest_route=\/wp\/v2\/posts\/738244","targetHints":{"allow":["GET"]}}],"collection":[{"href":"https:\/\/www.diarioimagen.net\/index.php?rest_route=\/wp\/v2\/posts"}],"about":[{"href":"https:\/\/www.diarioimagen.net\/index.php?rest_route=\/wp\/v2\/types\/post"}],"author":[{"embeddable":true,"href":"https:\/\/www.diarioimagen.net\/index.php?rest_route=\/wp\/v2\/users\/14"}],"replies":[{"embeddable":true,"href":"https:\/\/www.diarioimagen.net\/index.php?rest_route=%2Fwp%2Fv2%2Fcomments&post=738244"}],"version-history":[{"count":1,"href":"https:\/\/www.diarioimagen.net\/index.php?rest_route=\/wp\/v2\/posts\/738244\/revisions"}],"predecessor-version":[{"id":738246,"href":"https:\/\/www.diarioimagen.net\/index.php?rest_route=\/wp\/v2\/posts\/738244\/revisions\/738246"}],"wp:featuredmedia":[{"embeddable":true,"href":"https:\/\/www.diarioimagen.net\/index.php?rest_route=\/wp\/v2\/media\/738245"}],"wp:attachment":[{"href":"https:\/\/www.diarioimagen.net\/index.php?rest_route=%2Fwp%2Fv2%2Fmedia&parent=738244"}],"wp:term":[{"taxonomy":"category","embeddable":true,"href":"https:\/\/www.diarioimagen.net\/index.php?rest_route=%2Fwp%2Fv2%2Fcategories&post=738244"},{"taxonomy":"post_tag","embeddable":true,"href":"https:\/\/www.diarioimagen.net\/index.php?rest_route=%2Fwp%2Fv2%2Ftags&post=738244"}],"curies":[{"name":"wp","href":"https:\/\/api.w.org\/{rel}","templated":true}]}}